{"id":168868,"date":"2025-11-01T16:51:08","date_gmt":"2025-11-01T16:51:08","guid":{"rendered":"https:\/\/enolife.com.ar\/es\/?p=168868"},"modified":"2025-11-03T23:36:51","modified_gmt":"2025-11-03T23:36:51","slug":"lavalle-se-afirma-como-capital-latinoamericana-del-vino-casero-y-artesanal","status":"publish","type":"post","link":"https:\/\/enolife.com.ar\/es\/lavalle-se-afirma-como-capital-latinoamericana-del-vino-casero-y-artesanal\/","title":{"rendered":"Lavalle se afirma como capital latinoamericana del vino casero y artesanal"},"content":{"rendered":"\n<h4 class=\"wp-block-heading\"><em><strong>En su octava edici\u00f3n, el Seminario Latinoamericano de Vino Casero y Artesanal de Lavalle reuni\u00f3 a productores, estudiantes, docentes, funcionarios, en\u00f3logos y agr\u00f3nomos de Argentina, Bolivia, Per\u00fa, M\u00e9xico, Colombia y Chile. El posicionamiento del departamento como sitio destacado en Am\u00e9rica Latina para la producci\u00f3n de estos vinos se ha logrado gracias al trabajo de generaciones de estos elaboradores. A su vez, los dirigentes locales y las asociaciones de productores han impulsado la capacitaci\u00f3n y legislaci\u00f3n del vino casero y artesanal con una aceitada relaci\u00f3n p\u00fablico-privada, lo que los ha convertido en referente de vinos j\u00f3venes, de peque\u00f1os bodegueros, con identidad local.<\/strong><\/em><\/h4>\n\n\n\n<div style=\"height:41px\" aria-hidden=\"true\" class=\"wp-block-spacer\"><\/div>\n\n\n<a href=\"https:\/\/www.facebook.com\/SindicatoContratitas\/\" aria-label=\"banner contratistas 1700&#215;500\"><img loading=\"lazy\" decoding=\"async\" src=\"https:\/\/enolife.com.ar\/es\/wp-content\/uploads\/2020\/08\/banner-contratistas-1700x500-1.jpg\" alt=\"\"  srcset=\"https:\/\/enolife.com.ar\/es\/wp-content\/uploads\/2020\/08\/banner-contratistas-1700x500-1.jpg 1700w, https:\/\/enolife.com.ar\/es\/wp-content\/uploads\/2020\/08\/banner-contratistas-1700x500-1-300x88.jpg 300w, https:\/\/enolife.com.ar\/es\/wp-content\/uploads\/2020\/08\/banner-contratistas-1700x500-1-1024x301.jpg 1024w, https:\/\/enolife.com.ar\/es\/wp-content\/uploads\/2020\/08\/banner-contratistas-1700x500-1-768x226.jpg 768w, https:\/\/enolife.com.ar\/es\/wp-content\/uploads\/2020\/08\/banner-contratistas-1700x500-1-1536x452.jpg 1536w, https:\/\/enolife.com.ar\/es\/wp-content\/uploads\/2020\/08\/banner-contratistas-1700x500-1-1170x344.jpg 1170w, https:\/\/enolife.com.ar\/es\/wp-content\/uploads\/2020\/08\/banner-contratistas-1700x500-1-585x172.jpg 585w\" sizes=\"auto, (max-width: 1700px) 100vw, 1700px\" width=\"1700\" height=\"500\"   \/><\/a>\n\n\n<div style=\"height:48px\" aria-hidden=\"true\" class=\"wp-block-spacer\"><\/div>\n\n\n\n<p>Los d\u00edas 30 y 31 de octubre pasados, el departamento mendocino de <strong>Lavalle<\/strong> fue sede de la 8\u00b0 edici\u00f3n del <strong>Seminario Latinoamericano de Vino Casero y Artesanal<\/strong>. En este encuentro que la comuna realiza desde 2017 re\u00fane cada a\u00f1o a expertos y productores locales e internacionales, en este caso de 6 pa\u00edses: <strong>Argentina, Bolivia, Per\u00fa, M\u00e9xico, Colombia y Chile.<\/strong><\/p>\n\n\n\n<p>Durante dos d\u00edas, docentes, productores y estudiantes de instituciones educativas de la regi\u00f3n orientadas a la vitivinicultura compartieron conocimientos y experiencias sobre la producci\u00f3n de vinos caseros y artesanales, actividad en la que Lavalle es pionera en Mendoza y Argentina, con una larga historia de trabajo y capacitaci\u00f3n, que ha tenido como resultado incluso la exportaci\u00f3n de esta noble bebida.<\/p>\n\n\n\n<p>En esta edici\u00f3n, las disertaciones y debates del Seminario tuvieron lugar en<strong> <\/strong>la<strong> Casa de la Historia y la Cultura \u201cJuanita Vera\u201d, <\/strong>para luego realizar pr\u00e1cticas en bodegas y vi\u00f1edos locales.<\/p>\n\n\n\n<div style=\"height:38px\" aria-hidden=\"true\" class=\"wp-block-spacer\"><\/div>\n\n\n<div class=\"wp-block-image\">\n<figure class=\"aligncenter is-resized\" id=\"754328-Libre-1806084143_wrap\"><img decoding=\"async\" src=\"https:\/\/media.sitioandino.com.ar\/p\/d085f75c11e827040cc73dd784554a87\/adjuntos\/335\/imagenes\/000\/818\/0000818095\/790x0\/smart\/image.png\" alt=\"\" style=\"width:720px;height:auto\" title=\"\"\/><figcaption class=\"wp-element-caption\"><em><strong>El seminario latinoamericano de Lavalle incluy\u00f3 recorridos y pr\u00e1cticas en vi\u00f1edos y bodegas de esta regi\u00f3 al norte de la provincia de Mendoza.<\/strong><\/em><\/figcaption><\/figure><\/div>\n\n\n<div style=\"height:39px\" aria-hidden=\"true\" class=\"wp-block-spacer\"><\/div>\n\n\n\n<p>En la apertura del encuentro, el intendente local, <strong>Edgardo Gonz\u00e1lez<\/strong>, destac\u00f3 que la elaboraci\u00f3n del vino casero representa una oportunidad de desarrollo para muchas familias del departamento, que se dedican a esta pr\u00e1ctica tradicional. Tambi\u00e9n destac\u00f3 que <em>\u201cLavalle es pionera en esta actividad artesanal\u00bb<\/em>, y afirm\u00f3 que <em>\u00abeste seminario es un orgullo para todos los lavallinos, ya que permite el intercambio de experiencias y conocimientos entre productores, t\u00e9cnicos y estudiantes\u201d<\/em>. Adem\u00e1s, el jefe comunal agradeci\u00f3 a la Direcci\u00f3n de Desarrollo local y a todas las \u00e1reas involucradas por sostener en el tiempo el desarrollo de los Seminarios, que generan mejoras en la elaboraci\u00f3n y producci\u00f3n del vino casero.<\/p>\n\n\n\n<div style=\"height:38px\" aria-hidden=\"true\" class=\"wp-block-spacer\"><\/div>\n\n\n\n<figure class=\"wp-block-image size-full\" id=\"754330-Libre-388658470_wrap\"><a href=\"https:\/\/enolife.com.ar\/es\/wp-content\/uploads\/2025\/11\/Vino-casero3-1.jpg\" data-rel=\"penci-gallery-image-content\" ><img loading=\"lazy\" decoding=\"async\" width=\"862\" height=\"500\" src=\"https:\/\/enolife.com.ar\/es\/wp-content\/uploads\/2025\/11\/Vino-casero3-1.jpg\" alt=\"\" class=\"wp-image-168879\" title=\"\" srcset=\"https:\/\/enolife.com.ar\/es\/wp-content\/uploads\/2025\/11\/Vino-casero3-1.jpg 862w, https:\/\/enolife.com.ar\/es\/wp-content\/uploads\/2025\/11\/Vino-casero3-1-300x174.jpg 300w, https:\/\/enolife.com.ar\/es\/wp-content\/uploads\/2025\/11\/Vino-casero3-1-768x445.jpg 768w, https:\/\/enolife.com.ar\/es\/wp-content\/uploads\/2025\/11\/Vino-casero3-1-585x339.jpg 585w\" sizes=\"auto, (max-width: 862px) 100vw, 862px\" \/><\/a><\/figure>\n\n\n\n<div style=\"height:25px\" aria-hidden=\"true\" class=\"wp-block-spacer\"><\/div>\n\n\n\n<p>Adem\u00e1s de la recepci\u00f3n y apertura a cargo del intendente Gonz\u00e1lez, la primera jornada cont\u00f3 con la presencia de la presidenta del Concejo Deliberante, <strong>Guadalupe Par\u00e9s Martino<\/strong>; en representaci\u00f3n del Instituto Nacional de Vitivinicultura (INV), Jos\u00e9 Gibbs; el secretario de Desarrollo local, <strong>Juan Jaime<\/strong>; la jefa del Instituto Nacional de Tecnolog\u00eda Agropecuaria (INTA) de Lavalle, <strong>Mariana D\u00edaz Valent\u00edn<\/strong>; en representaci\u00f3n de la Asociaci\u00f3n Nacional de Universidades T\u00e9cnicas de M\u00e9xico, <strong>Ra\u00fal Mart\u00ednez<\/strong>; la directora de Desarrollo Econ\u00f3mico de la comunam <strong>M\u00f3nica Tolaba<\/strong>; la referente global de la vitivinicultura y ex presidenta de la Organizaci\u00f3n Internacional de la Vid y el Vino (OIV), <strong>Claudia Quini<\/strong>; por la Asociaci\u00f3n de Elaboradores de Vino Casero de Lavalle, <strong>Miriam Quiroga<\/strong>; y la reina de la Vendimia departamental, <em>Victoria Herrera.<\/em><\/p>\n\n\n\n<p>Los temas abordados por diferentes expositores locales e internacionales, fueron; <strong>Micronutrientes en vid; Vinos: proceso ancestrales; Riego: momentos cr\u00edticos y estr\u00e9s controlado; Resoluciones para vinos caseros y artesanales; Experiencia elaboradora de Chile; Controles de calidad sensorial de los vinos; Condiciones microclim\u00e1ticas para la elaboraci\u00f3n; Lobesia botrana y Productos para colocar en vi\u00f1edos org\u00e1nico.<\/strong><\/p>\n\n\n\n<div style=\"height:26px\" aria-hidden=\"true\" class=\"wp-block-spacer\"><\/div>\n\n\n<div class=\"wp-block-image\">\n<figure class=\"aligncenter size-full is-resized\" id=\"754329-Libre-1603664328_wrap\"><a href=\"https:\/\/enolife.com.ar\/es\/wp-content\/uploads\/2025\/11\/Vino-casero1-2.jpg\" data-rel=\"penci-gallery-image-content\" ><img loading=\"lazy\" decoding=\"async\" width=\"828\" height=\"500\" src=\"https:\/\/enolife.com.ar\/es\/wp-content\/uploads\/2025\/11\/Vino-casero1-2.jpg\" alt=\"\" class=\"wp-image-168881\" style=\"width:700px;height:auto\" title=\"\" srcset=\"https:\/\/enolife.com.ar\/es\/wp-content\/uploads\/2025\/11\/Vino-casero1-2.jpg 828w, https:\/\/enolife.com.ar\/es\/wp-content\/uploads\/2025\/11\/Vino-casero1-2-300x181.jpg 300w, https:\/\/enolife.com.ar\/es\/wp-content\/uploads\/2025\/11\/Vino-casero1-2-768x464.jpg 768w, https:\/\/enolife.com.ar\/es\/wp-content\/uploads\/2025\/11\/Vino-casero1-2-585x353.jpg 585w\" sizes=\"auto, (max-width: 828px) 100vw, 828px\" \/><\/a><\/figure><\/div>\n\n\n<div style=\"height:31px\" aria-hidden=\"true\" class=\"wp-block-spacer\"><\/div>\n\n\n\n<p>En la segunda jornada, los productores realizaron una visita a una finca del distrito<strong> Costa de Araujo<\/strong>, donde se llevaron a cabo dos capacitaciones a cargo de los agr\u00f3nomos <strong>Gustavo Rivero<\/strong> y <strong>Nicol\u00e1s Croatto<\/strong>. Las charlas abordaron aspectos fundamentales para el fortalecimiento de la producci\u00f3n vitivin\u00edcola, como la detecci\u00f3n de enfermedades cr\u00f3nicas en la vid y el manejo del riego intrafinca.<\/p>\n\n\n\n<p>El intercambio de conocimientos y experiencias entre productores locales y extranjeros, t\u00e9cnicos y estudiantes del sector enriqueci\u00f3 el aprendizaje. Como cada a\u00f1o, esta instancia se present\u00f3 como una oportunidad para que los elaboradores compartan informaci\u00f3n, experiencias con colegas de otros pa\u00edses y regiones locales.<\/p>\n\n\n\n<div style=\"height:23px\" aria-hidden=\"true\" class=\"wp-block-spacer\"><\/div>\n\n\n\n<p class=\"has-background has-medium-font-size\" style=\"background-color:#ca9ba7\"><strong>Los n\u00fameros de la vitivinicultura en Lavalle<\/strong><\/p>\n\n\n\n<p class=\"has-background\" style=\"background-color:#c598a3\">Para dimensionar la producci\u00f3n del departamento de Lavalle es importante se\u00f1alar que de acuerdo con el <strong>Informe Anual de Cosecha y Elaboraci\u00f3n 2024 del INV<\/strong>, Lavalle ocup\u00f3 en 2024 el <strong>4\u00b0 lugar de la producci\u00f3n total de uva mendocina<\/strong>, con <strong>1.177.715 quintales. <\/strong>Y el departamento ocupa el 6\u00b0 lugar si se toma el ingreso de uva a establecimientos elaboradores de vino, con 1.073.786 quintales. <br>Se trata de una zona vi\u00f1atera con una <strong>superficie total de vid de 12.290 hect\u00e1reas<\/strong> que representa el <strong>9,8% del total de la superficie provincial.<\/strong><br>El <strong>tama\u00f1o medio de los vi\u00f1edos <\/strong>del \u00e1rea Norte se mantiene sin variaci\u00f3n en <strong>10 ha<\/strong>, desde el a\u00f1o 2000.<\/p>\n\n\n\n<div style=\"height:45px\" aria-hidden=\"true\" class=\"wp-block-spacer\"><\/div>\n","protected":false},"excerpt":{"rendered":"<p>En su octava edici\u00f3n, el Seminario Latinoamericano de Vino Casero y Artesanal de Lavalle reuni\u00f3&hellip;<\/p>\n","protected":false},"author":2,"featured_media":168872,"comment_status":"closed","ping_status":"open","sticky":false,"template":"","format":"standard","meta":{"footnotes":""},"categories":[10],"tags":[],"class_list":["post-168868","post","type-post","status-publish","format-standard","has-post-thumbnail","hentry","category-ferias"],"_links":{"self":[{"href":"https:\/\/enolife.com.ar\/es\/wp-json\/wp\/v2\/posts\/168868","targetHints":{"allow":["GET"]}}],"collection":[{"href":"https:\/\/enolife.com.ar\/es\/wp-json\/wp\/v2\/posts"}],"about":[{"href":"https:\/\/enolife.com.ar\/es\/wp-json\/wp\/v2\/types\/post"}],"author":[{"embeddable":true,"href":"https:\/\/enolife.com.ar\/es\/wp-json\/wp\/v2\/users\/2"}],"replies":[{"embeddable":true,"href":"https:\/\/enolife.com.ar\/es\/wp-json\/wp\/v2\/comments?post=168868"}],"version-history":[{"count":0,"href":"https:\/\/enolife.com.ar\/es\/wp-json\/wp\/v2\/posts\/168868\/revisions"}],"wp:featuredmedia":[{"embeddable":true,"href":"https:\/\/enolife.com.ar\/es\/wp-json\/wp\/v2\/media\/168872"}],"wp:attachment":[{"href":"https:\/\/enolife.com.ar\/es\/wp-json\/wp\/v2\/media?parent=168868"}],"wp:term":[{"taxonomy":"category","embeddable":true,"href":"https:\/\/enolife.com.ar\/es\/wp-json\/wp\/v2\/categories?post=168868"},{"taxonomy":"post_tag","embeddable":true,"href":"https:\/\/enolife.com.ar\/es\/wp-json\/wp\/v2\/tags?post=168868"}],"curies":[{"name":"wp","href":"https:\/\/api.w.org\/{rel}","templated":true}]}}