{"id":168857,"date":"2025-10-31T23:07:06","date_gmt":"2025-10-31T23:07:06","guid":{"rendered":"https:\/\/enolife.com.ar\/es\/?p=168857"},"modified":"2025-11-01T22:20:15","modified_gmt":"2025-11-01T22:20:15","slug":"con-corazon-valiente-arranca-el-ciclo-de-cine-entre-vinas-y-bodegas-de-mendoza","status":"publish","type":"post","link":"https:\/\/enolife.com.ar\/es\/con-corazon-valiente-arranca-el-ciclo-de-cine-entre-vinas-y-bodegas-de-mendoza\/","title":{"rendered":"Con Coraz\u00f3n Valiente arranca el ciclo de cine entre vi\u00f1as y bodegas de Mendoza"},"content":{"rendered":"\n<h4 class=\"wp-block-heading\"><em><strong>Ma\u00f1ana 1 de noviembre de 2025, desde las 20 en el Espacio Malamado de Bodega Santa Julia (Maip\u00fa, Mendoza), comienza arranca el cl\u00e1sico circuito de pel\u00edculas de Hollywood al aire libre por las bodegas y vi\u00f1edos de Mendoza. Copa en mano, los espectadores locales y turistas podr\u00e1n revivir la emoci\u00f3n de la pantalla grande bajo el cielo estrellado, como anta\u00f1o en los barrios. El costo de la entrada, que incluye una copa de vino de bienvenida, es de $15.000 y se puede adquirir por Entrada Web.<\/strong><\/em><\/h4>\n\n\n\n<div style=\"height:33px\" aria-hidden=\"true\" class=\"wp-block-spacer\"><\/div>\n\n\n<a href=\"https:\/\/fermentis.com\/es\/\" aria-label=\"FERMENTIS 1700X500\"><img loading=\"lazy\" decoding=\"async\" src=\"https:\/\/enolife.com.ar\/es\/wp-content\/uploads\/2025\/05\/FERMENTIS-1700X500.gif\" alt=\"\"  width=\"1700\" height=\"500\"   \/><\/a>\n\n\n<div style=\"height:41px\" aria-hidden=\"true\" class=\"wp-block-spacer\"><\/div>\n\n\n\n<p>La nueva edici\u00f3n del ciclo <strong>\u00abVino el Cine\u00bb<\/strong> propone disfrutar de una copa de vino entre paisajes de vi\u00f1as y monta\u00f1as, viendo una pel\u00edcula en pantalla gigante, al aire libre y dentro de bodegas. Esta iniciativa de <strong>Bodegas de Argentina<\/strong>, el<strong> Ente Mendoza Turismo (Emetur) <\/strong>y <strong>Megacine Audiovisuales<\/strong> comenz\u00f3 en 2011 y en la actualidad ya es un cl\u00e1sico de la agenda cultural y recreativa de <strong>Mendoza<\/strong>, elegida por locales y turistas. Este a\u00f1o se realizar\u00e1 del 1\/11 al 29\/11 con una grilla de 13 funciones. Durante diciembre y los tres primeros meses de 2026 est\u00e1 planificado continuar con una exhibici\u00f3n total de 40 pel\u00edculas.<\/p>\n\n\n\n<p><em>\u201cLa invitaci\u00f3n que siempre hacemos es al disfrute pleno; en cada fecha todos los sentidos est\u00e1n s\u00faper atentos y todo se convierte en una celebraci\u00f3n. La peli es casi una excusa, la gente va a pasarla bien sin importar si es un cl\u00e1sico o si es un t\u00edtulo que ya vio mil veces\u201d<\/em>, expres\u00f3&nbsp;<strong>Marcelo Costa,&nbsp;<\/strong>de&nbsp;<strong>Megacine Audiovisuales<\/strong>, la productora creadora del ciclo.<\/p>\n\n\n\n<p>El esp\u00edritu del ciclo es que, al caer la tarde, el p\u00fablico llegue a la vi\u00f1a o la bodega y se vaya instalando frente a la pantalla, en un clima de disfrute, para comenzar la velada copa en mano inmerso en un paisaje, justamente, de pel\u00edcula. <\/p>\n\n\n\n<p>El p\u00fablico empieza a llegar <strong>a partir de las 20 hs.<\/strong> para disfrutar de visitas guiadas, degustaciones, m\u00fasica, y una magn\u00edfica puesta de sol entre vi\u00f1edos. Para terminar y como evento central, se proyecta un film cl\u00e1sico, de culto o tem\u00e1tico.<\/p>\n\n\n\n<div style=\"height:30px\" aria-hidden=\"true\" class=\"wp-block-spacer\"><\/div>\n\n\n<div class=\"wp-block-image\">\n<figure class=\"aligncenter size-large is-resized\"><a href=\"https:\/\/enolife.com.ar\/es\/wp-content\/uploads\/2025\/10\/vino-al-cine2.jpg\" data-rel=\"penci-gallery-image-content\" ><img loading=\"lazy\" decoding=\"async\" width=\"1024\" height=\"768\" src=\"https:\/\/enolife.com.ar\/es\/wp-content\/uploads\/2025\/10\/vino-al-cine2-1024x768.jpg\" alt=\"\" class=\"wp-image-168862\" style=\"width:716px;height:auto\" srcset=\"https:\/\/enolife.com.ar\/es\/wp-content\/uploads\/2025\/10\/vino-al-cine2-1024x768.jpg 1024w, https:\/\/enolife.com.ar\/es\/wp-content\/uploads\/2025\/10\/vino-al-cine2-300x225.jpg 300w, https:\/\/enolife.com.ar\/es\/wp-content\/uploads\/2025\/10\/vino-al-cine2-768x576.jpg 768w, https:\/\/enolife.com.ar\/es\/wp-content\/uploads\/2025\/10\/vino-al-cine2-1170x878.jpg 1170w, https:\/\/enolife.com.ar\/es\/wp-content\/uploads\/2025\/10\/vino-al-cine2-585x439.jpg 585w, https:\/\/enolife.com.ar\/es\/wp-content\/uploads\/2025\/10\/vino-al-cine2.jpg 1280w\" sizes=\"auto, (max-width: 1024px) 100vw, 1024px\" \/><\/a><\/figure><\/div>\n\n\n<div style=\"height:34px\" aria-hidden=\"true\" class=\"wp-block-spacer\"><\/div>\n\n\n\n<p>La tarde noche se puede complementar, en algunos casos, con la propuesta gastron\u00f3mica de la bodega y degustaci\u00f3n de los vinos de la casa. Cabe se\u00f1alar que este a\u00f1o, como en a\u00f1os anterior, el valor de la entrada va a un fondo com\u00fan a benefico del Banco de Alimentos de Mendoza<\/p>\n\n\n\n<div style=\"height:32px\" aria-hidden=\"true\" class=\"wp-block-spacer\"><\/div>\n\n\n\n<p class=\"has-background\" style=\"background-color:#d5b0b9\"><strong>La grilla completa de pelis en noviembre<\/strong><\/p>\n\n\n\n<p class=\"has-background\" style=\"background-color:#c59ea8\"><br>S\u00e1bado 1\/11: <strong>Coraz\u00f3n Valiente<\/strong>, en Espacio Malamado de Bodega Santa Julia<br>Jueves 6\/11: <strong>El Diablo viste a la moda<\/strong>, en MAAL Wines<br>Viernes 7\/11: <strong>Coraline y la puerta secreta<\/strong>, en Finca Minimal<br>S\u00e1bado 8\/11: <strong>Rapsodia bohemia<\/strong>, en Antigal Winery &amp; Estate<br>Jueves 13\/11: <strong>\u00c9rase una vez en Hollywood<\/strong>, en Centenario Oliv\u00edcola<br>Viernes 14\/11: <strong>El club de la pelea<\/strong>, en Bodega Do\u00f1a Paula<br>Jueves 20\/11: <strong>Bastardos sin gloria,<\/strong> en Finca Flichman<br>Viernes 21\/11: <strong>Un lugar llamado Notting Hill<\/strong>, en Pascual Toso<br>S\u00e1bado 22\/11: <strong>Eterno resplandor de una mente sin recuerdos<\/strong>, en Terrazas De Los Andes<br>Domingo 23\/11: <strong>La terminal,<\/strong> en Finca Bandini<br>Jueves 27\/11: <strong>Medianoche en Par\u00eds,<\/strong> en Bodega Vistalba<br>Viernes 28\/11: Mensaje en una botella, en Alta Vista Wines<br>S\u00e1bado 29\/11: <strong>Charlie y la f\u00e1brica de chocolate<\/strong>, en Bodega Tempus Alba<\/p>\n\n\n\n<div style=\"height:48px\" aria-hidden=\"true\" class=\"wp-block-spacer\"><\/div>\n","protected":false},"excerpt":{"rendered":"<p>Ma\u00f1ana 1 de noviembre de 2025, desde las 20 en el Espacio Malamado de Bodega&hellip;<\/p>\n","protected":false},"author":2,"featured_media":168858,"comment_status":"closed","ping_status":"open","sticky":false,"template":"","format":"standard","meta":{"footnotes":""},"categories":[47],"tags":[],"class_list":["post-168857","post","type-post","status-publish","format-standard","has-post-thumbnail","hentry","category-agenda"],"_links":{"self":[{"href":"https:\/\/enolife.com.ar\/es\/wp-json\/wp\/v2\/posts\/168857","targetHints":{"allow":["GET"]}}],"collection":[{"href":"https:\/\/enolife.com.ar\/es\/wp-json\/wp\/v2\/posts"}],"about":[{"href":"https:\/\/enolife.com.ar\/es\/wp-json\/wp\/v2\/types\/post"}],"author":[{"embeddable":true,"href":"https:\/\/enolife.com.ar\/es\/wp-json\/wp\/v2\/users\/2"}],"replies":[{"embeddable":true,"href":"https:\/\/enolife.com.ar\/es\/wp-json\/wp\/v2\/comments?post=168857"}],"version-history":[{"count":0,"href":"https:\/\/enolife.com.ar\/es\/wp-json\/wp\/v2\/posts\/168857\/revisions"}],"wp:featuredmedia":[{"embeddable":true,"href":"https:\/\/enolife.com.ar\/es\/wp-json\/wp\/v2\/media\/168858"}],"wp:attachment":[{"href":"https:\/\/enolife.com.ar\/es\/wp-json\/wp\/v2\/media?parent=168857"}],"wp:term":[{"taxonomy":"category","embeddable":true,"href":"https:\/\/enolife.com.ar\/es\/wp-json\/wp\/v2\/categories?post=168857"},{"taxonomy":"post_tag","embeddable":true,"href":"https:\/\/enolife.com.ar\/es\/wp-json\/wp\/v2\/tags?post=168857"}],"curies":[{"name":"wp","href":"https:\/\/api.w.org\/{rel}","templated":true}]}}