{"id":168801,"date":"2025-10-31T14:22:58","date_gmt":"2025-10-31T14:22:58","guid":{"rendered":"https:\/\/enolife.com.ar\/es\/?p=168801"},"modified":"2025-11-02T10:44:18","modified_gmt":"2025-11-02T10:44:18","slug":"hasta-el-15-11-las-bodegas-mendocinas-se-pueden-anotar-en-promendoza-para-ir-a-la-wine-paris-2026","status":"publish","type":"post","link":"https:\/\/enolife.com.ar\/es\/hasta-el-15-11-las-bodegas-mendocinas-se-pueden-anotar-en-promendoza-para-ir-a-la-wine-paris-2026\/","title":{"rendered":"Hasta el 15\/11 las bodegas mendocinas se pueden anotar en ProMendoza para ir a la Wine Paris 2026"},"content":{"rendered":"\n<h4 class=\"wp-block-heading\"><em><strong>La expo Wine Paris 2026 se realizar\u00e1 los d\u00edas 9, 10 y 11 de febrero de 2026 en la zona parisina de Puerta de Versailles de la capital francesa. ProMendoza -la agencia estatal de la provincia de promoci\u00f3n de los productos locales en el mundo- est\u00e1 gestionando una misi\u00f3n conjunta de bodegas argentinas para que expongan all\u00ed sus vinos y licores, adem\u00e1s de la posibilidad de mantener reuniones de negocios y concretar posibles ventas. Para ello, los interesados deben comunicarse con la agencia. El costo de participaci\u00f3n es de 6.500 d\u00f3lares.<\/strong><\/em><\/h4>\n\n\n\n<div style=\"height:35px\" aria-hidden=\"true\" class=\"wp-block-spacer\"><\/div>\n\n\n\n\n\n<div style=\"height:45px\" aria-hidden=\"true\" class=\"wp-block-spacer\"><\/div>\n\n\n\n<p><strong>ProMendoza<\/strong>, junto a la <strong>Agencia Argentina de Inversiones y Comercio Internacional<\/strong>, invita a las bodegas de la provincia de <strong>Mendoza <\/strong>a participar de la expo y feria de negocios <strong>Wine Paris 2026<\/strong>, una de las ferias europeas m\u00e1s convocantes del sector vitivin\u00edcola y de bebidas espirituosas. El encuentro se llevar\u00e1 a cabo los d\u00edas 9, 10 y 11 de febrero de 2026 en el predio <strong>Puerta de Versalles, en Par\u00eds, capital de Francia, <\/strong>que en esos d\u00edas se convertir\u00e1 en el epicentro del mercado global del vino y un punto de encuentro estrat\u00e9gico para importadores, distribuidores y referentes del sector.<\/p>\n\n\n\n<p>Mendoza contar\u00e1 con un espacio dentro del <strong>Pabell\u00f3n Argentino<\/strong>, organizado por ProMendoza y la Agencia Argentina de Inversiones y Comercio Internacional. En este espacio, las bodegas tendr\u00e1n la oportunidad de exhibir sus productos, ampliar su visibilidad internacional y concretar reuniones comerciales con compradores de distintos pa\u00edses.<\/p>\n\n\n\n<p>Las empresas interesadas en participar deber\u00e1n ser bodegas que exporten a Europa o se encuentren en proceso de apertura de dicho mercado. Adem\u00e1s, deber\u00e1n contar con un plan estrat\u00e9gico para el ingreso o consolidaci\u00f3n en Europa.<\/p>\n\n\n\n<p><strong>El costo de participaci\u00f3n es de U$S 6.500<\/strong>. <strong>Los cupos son limitados <\/strong>y se asignar\u00e1n por orden de pago total del monto. El mismo puede abonarse en d\u00f3lares billete o en pesos, al tipo de cambio vendedor billete del Banco Naci\u00f3n correspondiente al cierre del d\u00eda anterior al pago. La fecha l\u00edmite para la preinscripci\u00f3n es el s\u00e1bado 15 de noviembre de 2025.<\/p>\n\n\n\n<p>Wine Paris convoca a profesionales altamente calificados del sector, entre los que se destacan importadores, distribuidores, mayoristas y minoristas, supermercados e hipermercados, empresas del canal Horeca (hoteles, restaurantes y servicios de catering), agentes de vino, inversores, compradores internacionales, influencers, sommeliers y prensa especializada.<\/p>\n\n\n\n<div style=\"height:20px\" aria-hidden=\"true\" class=\"wp-block-spacer\"><\/div>\n\n\n\n<p class=\"has-background\" style=\"background-color:#ece3e5\"><strong>Qu\u00e9 incluye la participaci\u00f3n<\/strong><br><br>La participaci\u00f3n incluye un espacio dentro del Pabell\u00f3n Argentino en Wine Paris, el env\u00edo de hasta 18 botellas de muestra para bodegas de Mendoza, una credencial de acceso por empresa, un stand individual con mostrador, mesa, sillas y vitrina de exhibici\u00f3n, la inclusi\u00f3n de la empresa en el cat\u00e1logo oficial de la feria, y asistencia t\u00e9cnica y acompa\u00f1amiento por parte de ProMendoza durante todo el evento.<\/p>\n\n\n\n<div style=\"height:19px\" aria-hidden=\"true\" class=\"wp-block-spacer\"><\/div>\n\n\n\n<p class=\"has-background\" style=\"background-color:#abb7c24f\"><strong>Para m\u00e1s informaci\u00f3n, las bodegas interesadas pueden comunicarse con Javier Rojas al correo electr\u00f3nico <a href=\"mailto:jrojas@promendoza.com\">jrojas@promendoza.com<\/a><\/strong><\/p>\n\n\n\n<div style=\"height:25px\" aria-hidden=\"true\" class=\"wp-block-spacer\"><\/div>\n\n\n\n<p class=\"has-small-font-size\"><em><strong>Fuente: Gobierno de Mendoza<\/strong><\/em><\/p>\n\n\n\n<div style=\"height:20px\" aria-hidden=\"true\" class=\"wp-block-spacer\"><\/div>\n","protected":false},"excerpt":{"rendered":"<p>La expo Wine Paris 2026 se realizar\u00e1 los d\u00edas 9, 10 y 11 de febrero&hellip;<\/p>\n","protected":false},"author":2,"featured_media":168805,"comment_status":"closed","ping_status":"open","sticky":false,"template":"","format":"standard","meta":{"footnotes":""},"categories":[10],"tags":[],"class_list":["post-168801","post","type-post","status-publish","format-standard","has-post-thumbnail","hentry","category-ferias"],"_links":{"self":[{"href":"https:\/\/enolife.com.ar\/es\/wp-json\/wp\/v2\/posts\/168801","targetHints":{"allow":["GET"]}}],"collection":[{"href":"https:\/\/enolife.com.ar\/es\/wp-json\/wp\/v2\/posts"}],"about":[{"href":"https:\/\/enolife.com.ar\/es\/wp-json\/wp\/v2\/types\/post"}],"author":[{"embeddable":true,"href":"https:\/\/enolife.com.ar\/es\/wp-json\/wp\/v2\/users\/2"}],"replies":[{"embeddable":true,"href":"https:\/\/enolife.com.ar\/es\/wp-json\/wp\/v2\/comments?post=168801"}],"version-history":[{"count":0,"href":"https:\/\/enolife.com.ar\/es\/wp-json\/wp\/v2\/posts\/168801\/revisions"}],"wp:featuredmedia":[{"embeddable":true,"href":"https:\/\/enolife.com.ar\/es\/wp-json\/wp\/v2\/media\/168805"}],"wp:attachment":[{"href":"https:\/\/enolife.com.ar\/es\/wp-json\/wp\/v2\/media?parent=168801"}],"wp:term":[{"taxonomy":"category","embeddable":true,"href":"https:\/\/enolife.com.ar\/es\/wp-json\/wp\/v2\/categories?post=168801"},{"taxonomy":"post_tag","embeddable":true,"href":"https:\/\/enolife.com.ar\/es\/wp-json\/wp\/v2\/tags?post=168801"}],"curies":[{"name":"wp","href":"https:\/\/api.w.org\/{rel}","templated":true}]}}