{"id":168751,"date":"2025-11-01T22:20:29","date_gmt":"2025-11-01T22:20:29","guid":{"rendered":"https:\/\/enolife.com.ar\/es\/?p=168751"},"modified":"2025-11-03T22:59:25","modified_gmt":"2025-11-03T22:59:25","slug":"el-lider-en-biotecnologia-y-levaduras-fermentis-proyecta-desde-mendoza-su-expansion-en-sudamerica","status":"publish","type":"post","link":"https:\/\/enolife.com.ar\/es\/el-lider-en-biotecnologia-y-levaduras-fermentis-proyecta-desde-mendoza-su-expansion-en-sudamerica\/","title":{"rendered":"El l\u00edder en biotecnolog\u00eda y levaduras Fermentis proyecta desde Mendoza su expansi\u00f3n en Sudam\u00e9rica"},"content":{"rendered":"\n<h4 class=\"wp-block-heading\"><em><strong>La empresa l\u00edder global en fermentos eligi\u00f3 esta provincia para realizar una de sus habituales cumbres internacionales. Un equipo de 18 profesionales de 8 pa\u00edses analizaron sus negocios en Argentina y el resto de Am\u00e9rica, exploraron a fondo la actividad industrial y enotur\u00edstica local, comunicaron a sus socios locales adelantos tecnol\u00f3gicos e innovaciones de sus productos, y proyectaron futuras acciones en la regi\u00f3n.<\/strong><\/em><\/h4>\n\n\n\n<div style=\"height:35px\" aria-hidden=\"true\" class=\"wp-block-spacer\"><\/div>\n\n\n<a href=\"https:\/\/fermentis.com\/es\/\" aria-label=\"FERMENTIS 1700X500\"><img loading=\"lazy\" decoding=\"async\" src=\"https:\/\/enolife.com.ar\/es\/wp-content\/uploads\/2025\/05\/FERMENTIS-1700X500.gif\" alt=\"\"  width=\"1700\" height=\"500\"   \/><\/a>\n\n\n<div style=\"height:45px\" aria-hidden=\"true\" class=\"wp-block-spacer\"><\/div>\n\n\n\n<p>La empresa <strong>Fermentis<\/strong>, del grupo <strong>Lesaffre<\/strong>, l\u00edder mundial en el desarrollo y suministro de productos biotecnol\u00f3gicos (l<strong>evaduras, derivados de levaduras, bacterias, enzimas y otras soluciones de fermentaci\u00f3n, nutrici\u00f3n y caracterizaci\u00f3n<\/strong>) para bebidas, celebr\u00f3 durante varios d\u00edas, por primera vez en <strong>Mendoza<\/strong>, una reuni\u00f3n de su equipo de conducci\u00f3n global. El objetivo del encuentro cumbre ha sido analizar los resultados de su actividad cient\u00edfica, educativa y comercial en la regi\u00f3n, as\u00ed como proyectar el futuro y fortalecer los lazos en torno a una industria que evoluciona al ritmo de la innovaci\u00f3n y la calidad. El lugar elegido, seg\u00fan manifestaron los empresarios, fue que <em>\u00abla viticultura argentina est\u00e1 en el centro de la escena\u00bb.<\/em><\/p>\n\n\n\n<p>A la cita de trabajo y capacitaci\u00f3n asistieron profesionales de <strong>Am\u00e9rica<\/strong> y <strong>Europa<\/strong>. En esta provincia se concentr\u00f3 parte de los equipos de ventas, m\u00e1rketing y soporte t\u00e9cnico de la compa\u00f1\u00eda. Luego de varios d\u00edas de actividad en distintos lugares, bodegas y empresas de Mendoza, la cumbre de Fermentis cerr\u00f3 en la <strong>Bodega Bressia<\/strong>, de Agrelo, Luj\u00e1n de Cuyo.<\/p>\n\n\n\n<div style=\"height:35px\" aria-hidden=\"true\" class=\"wp-block-spacer\"><\/div>\n\n\n\n<figure class=\"wp-block-gallery has-nested-images columns-default is-cropped wp-block-gallery-1 is-layout-flex wp-block-gallery-is-layout-flex\">\n<figure class=\"wp-block-image size-full\"><a href=\"https:\/\/enolife.com.ar\/es\/wp-content\/uploads\/2025\/10\/759f73e9-2657-4530-9b34-3f82919483cc-2.jpg\" data-rel=\"penci-gallery-image-content\" ><img loading=\"lazy\" decoding=\"async\" width=\"621\" height=\"400\" data-id=\"168754\" src=\"https:\/\/enolife.com.ar\/es\/wp-content\/uploads\/2025\/10\/759f73e9-2657-4530-9b34-3f82919483cc-2.jpg\" alt=\"\" class=\"wp-image-168754\" srcset=\"https:\/\/enolife.com.ar\/es\/wp-content\/uploads\/2025\/10\/759f73e9-2657-4530-9b34-3f82919483cc-2.jpg 621w, https:\/\/enolife.com.ar\/es\/wp-content\/uploads\/2025\/10\/759f73e9-2657-4530-9b34-3f82919483cc-2-300x193.jpg 300w, https:\/\/enolife.com.ar\/es\/wp-content\/uploads\/2025\/10\/759f73e9-2657-4530-9b34-3f82919483cc-2-585x377.jpg 585w\" sizes=\"auto, (max-width: 621px) 100vw, 621px\" \/><\/a><\/figure>\n\n\n\n<figure class=\"wp-block-image size-full\"><a href=\"https:\/\/enolife.com.ar\/es\/wp-content\/uploads\/2025\/10\/afc9ede4-616d-4402-a8db-5f969e67a244-2.jpg\" data-rel=\"penci-gallery-image-content\" ><img loading=\"lazy\" decoding=\"async\" width=\"588\" height=\"400\" data-id=\"168759\" src=\"https:\/\/enolife.com.ar\/es\/wp-content\/uploads\/2025\/10\/afc9ede4-616d-4402-a8db-5f969e67a244-2.jpg\" alt=\"\" class=\"wp-image-168759\" srcset=\"https:\/\/enolife.com.ar\/es\/wp-content\/uploads\/2025\/10\/afc9ede4-616d-4402-a8db-5f969e67a244-2.jpg 588w, https:\/\/enolife.com.ar\/es\/wp-content\/uploads\/2025\/10\/afc9ede4-616d-4402-a8db-5f969e67a244-2-300x204.jpg 300w, https:\/\/enolife.com.ar\/es\/wp-content\/uploads\/2025\/10\/afc9ede4-616d-4402-a8db-5f969e67a244-2-585x398.jpg 585w\" sizes=\"auto, (max-width: 588px) 100vw, 588px\" \/><\/a><\/figure>\n<\/figure>\n\n\n\n<div style=\"height:35px\" aria-hidden=\"true\" class=\"wp-block-spacer\"><\/div>\n\n\n\n<p>El grupo est\u00e1 formado por profesionales de alto nivel, entre ellos el ejecutivo belga <strong>Stephane Meulemans<\/strong>, director general de Fermentis a nivel global; el especialista argentino, oriundo de Buenos Aires, <strong>Marcelo Cerd\u00e1n<\/strong>, director de Ventas para Am\u00e9rica, con base en Estados Unidos; y gerentes y expertos de varios sectores. Durante cinco d\u00edas, los participantes alternaron entre reuniones comerciales y t\u00e9cnicas y actividades de enoturismo, una f\u00f3rmula que combin\u00f3 trabajo, intercambio de conocimientos y experiencias inmersivas en el coraz\u00f3n del vino argentino.<\/p>\n\n\n\n<p>Las actividades incluyeron visitas y catas en bodegas l\u00edderes como <strong>L\u00f3pez, Piatelli, Zuccardi, Salentein y Bressia<\/strong>, donde los en\u00f3logos anfitriones presentaron sus l\u00edneas de productos de alta gama. <em>\u00abEl objetivo ha sido conocer los productos elaborados en Argentina y mostrar la calidad y diversidad de la producci\u00f3n local\u00bb<\/em>, explic\u00f3 <strong>Sergio Aloisio<\/strong>, gerente de Ventas de Latinoam\u00e9rica de Fermentis.<\/p>\n\n\n\n<div style=\"height:32px\" aria-hidden=\"true\" class=\"wp-block-spacer\"><\/div>\n\n\n<div class=\"wp-block-image\">\n<figure class=\"aligncenter size-full is-resized\"><a href=\"https:\/\/enolife.com.ar\/es\/wp-content\/uploads\/2025\/10\/WhatsApp-Image-2025-10-30-at-11.50.58.jpeg\" data-rel=\"penci-gallery-image-content\" ><img loading=\"lazy\" decoding=\"async\" width=\"600\" height=\"400\" src=\"https:\/\/enolife.com.ar\/es\/wp-content\/uploads\/2025\/10\/WhatsApp-Image-2025-10-30-at-11.50.58.jpeg\" alt=\"\" class=\"wp-image-168758\" style=\"width:682px;height:auto\" srcset=\"https:\/\/enolife.com.ar\/es\/wp-content\/uploads\/2025\/10\/WhatsApp-Image-2025-10-30-at-11.50.58.jpeg 600w, https:\/\/enolife.com.ar\/es\/wp-content\/uploads\/2025\/10\/WhatsApp-Image-2025-10-30-at-11.50.58-300x200.jpeg 300w, https:\/\/enolife.com.ar\/es\/wp-content\/uploads\/2025\/10\/WhatsApp-Image-2025-10-30-at-11.50.58-585x390.jpeg 585w\" sizes=\"auto, (max-width: 600px) 100vw, 600px\" \/><\/a><figcaption class=\"wp-element-caption\"><em><strong>Walter Bressia, en\u00f3logo y bodeguero anfitri\u00f3n de una de las reuniones del grupo, y Sergio Aloisio, gerente de Ventas de Fermentis para Latinoam\u00e9rica.<\/strong><\/em><\/figcaption><\/figure><\/div>\n\n\n<div style=\"height:33px\" aria-hidden=\"true\" class=\"wp-block-spacer\"><\/div>\n\n\n\n<p>Las actividades tambi\u00e9n tuvieron como objetivo reforzar el esp\u00edritu de colaboraci\u00f3n interna que caracteriza a Fermentis. Adem\u00e1s de la agenda de trabajo, la elecci\u00f3n de la provincia como sede tuvo un fuerte significado estrat\u00e9gico. <em>\u00abMendoza representa un centro de innovaci\u00f3n en la producci\u00f3n de vinos de alta calidad y un escenario ideal para mostrar el potencial de la industria vin\u00edcola argentina. Aunque el sector est\u00e1 experimentando altibajos debido a factores clim\u00e1ticos, sigue creciendo y consolidando su posicionamiento global, especialmente en los segmentos premium o de firma\u00bb<\/em>, destac\u00f3 Aloisio.<\/p>\n\n\n\n<p>Este encuentro de Fermentis fue uno de las muchos que se organizan peri\u00f3dicamente en todo el mundo con el objetivo de estar lo m\u00e1s cerca posible de sus mercados, aplicaciones y clientes. En particular, esta reuni\u00f3n se celebr\u00f3 en una \u00e9poca del a\u00f1o que coincide con el final de las campa\u00f1as vitivin\u00edcolas en los hemisferios Norte y Sur, un momento clave para evaluar los resultados, revisar los ensayos t\u00e9cnicos y definir los planes de acci\u00f3n para el a\u00f1o siguiente.<\/p>\n\n\n\n<div style=\"height:42px\" aria-hidden=\"true\" class=\"wp-block-spacer\"><\/div>\n\n\n<div class=\"wp-block-image\">\n<figure class=\"aligncenter size-full is-resized\"><a href=\"https:\/\/enolife.com.ar\/es\/wp-content\/uploads\/2025\/10\/WhatsApp-Image-2025-10-30-at-12.03.20.jpeg\" data-rel=\"penci-gallery-image-content\" ><img loading=\"lazy\" decoding=\"async\" width=\"644\" height=\"400\" src=\"https:\/\/enolife.com.ar\/es\/wp-content\/uploads\/2025\/10\/WhatsApp-Image-2025-10-30-at-12.03.20.jpeg\" alt=\"\" class=\"wp-image-168760\" style=\"width:680px;height:auto\" srcset=\"https:\/\/enolife.com.ar\/es\/wp-content\/uploads\/2025\/10\/WhatsApp-Image-2025-10-30-at-12.03.20.jpeg 644w, https:\/\/enolife.com.ar\/es\/wp-content\/uploads\/2025\/10\/WhatsApp-Image-2025-10-30-at-12.03.20-300x186.jpeg 300w, https:\/\/enolife.com.ar\/es\/wp-content\/uploads\/2025\/10\/WhatsApp-Image-2025-10-30-at-12.03.20-585x363.jpeg 585w\" sizes=\"auto, (max-width: 644px) 100vw, 644px\" \/><\/a><figcaption class=\"wp-element-caption\"><em><strong>Stephane Meulemans, CEO global de Fermentis y Pedro Straniero, director period\u00edstico de Enolife.<\/strong><\/em><\/figcaption><\/figure><\/div>\n\n\n<div style=\"height:34px\" aria-hidden=\"true\" class=\"wp-block-spacer\"><\/div>\n\n\n\n<p class=\"has-medium-font-size\"><strong>Marcelo Cerd\u00e1n: \u00abMendoza era una deuda pendiente\u00bb<\/strong><\/p>\n\n\n\n<p>El director de Ventas para toda Am\u00e9rica de Fermentis by Lessafre, Marcelo Cerd\u00e1n, fundament\u00f3 la elecci\u00f3n de Mendoza como sede del encuentro global de la empresa: <em>\u00abSiempre buscamos lugares donde podamos aprender, por eso elegimos Mendoza. Nosotros trabajamos mucho con bebidas fermentadas, por eso hace poco estuvimos en <strong>Kentucky, EEUU<\/strong>, analizando la industria del <strong>bourbon<\/strong>; estuvimos en <strong>Tequila, M\u00e9xico<\/strong>, para ver en profundidad la industria del <strong>tequila<\/strong>, y Mendoza, centro de la industria del vino en Argentina y Sudam\u00e9rica, era una deuda pendiente. Por eso trajimos a nuestro grupo de 18 personas a Mendoza, ac\u00e1 hay gente de <strong>Francia, B\u00e9lgica, Canad\u00e1, M\u00e9xico, Estados Unidos, Chile, Brasil y Argentina.<\/strong>\u00ab<\/em><\/p>\n\n\n\n<div style=\"height:28px\" aria-hidden=\"true\" class=\"wp-block-spacer\"><\/div>\n\n\n<div class=\"wp-block-image\">\n<figure class=\"aligncenter size-full is-resized\"><a href=\"https:\/\/enolife.com.ar\/es\/wp-content\/uploads\/2025\/11\/Marcelo-Cerdan.jpg\" data-rel=\"penci-gallery-image-content\" ><img loading=\"lazy\" decoding=\"async\" width=\"1024\" height=\"440\" src=\"https:\/\/enolife.com.ar\/es\/wp-content\/uploads\/2025\/11\/Marcelo-Cerdan.jpg\" alt=\"\" class=\"wp-image-168895\" style=\"width:704px;height:auto\" srcset=\"https:\/\/enolife.com.ar\/es\/wp-content\/uploads\/2025\/11\/Marcelo-Cerdan.jpg 1024w, https:\/\/enolife.com.ar\/es\/wp-content\/uploads\/2025\/11\/Marcelo-Cerdan-300x129.jpg 300w, https:\/\/enolife.com.ar\/es\/wp-content\/uploads\/2025\/11\/Marcelo-Cerdan-768x330.jpg 768w, https:\/\/enolife.com.ar\/es\/wp-content\/uploads\/2025\/11\/Marcelo-Cerdan-585x251.jpg 585w\" sizes=\"auto, (max-width: 1024px) 100vw, 1024px\" \/><\/a><figcaption class=\"wp-element-caption\"><em><strong>Marcelo Cerd\u00e1n, director de Ventas de Fermentis para Am\u00e9rica.<\/strong><\/em><\/figcaption><\/figure><\/div>\n\n\n<div style=\"height:31px\" aria-hidden=\"true\" class=\"wp-block-spacer\"><\/div>\n\n\n\n<p>Y agreg\u00f3 Cerd\u00e1n: <em>\u00abArgentina para nosotros es muy importante porque apostamos especialmente al vino, por eso es que hemos puesto en este mercado fuertes recursos en innovaci\u00f3n, con el apoyo y el soporte de un grupo tan grande como es Lessafre, que tiene un departamento de investigaci\u00f3n y desarrollo de primera l\u00ednea para todo lo que es selecci\u00f3n de levaduras. Adem\u00e1s en Argentina tenemos socios comerciales muy efectivos, como es Chirca OVC, y de la mano de ellos mantenemos una presencia muy importante aqu\u00ed desde hace muchos a\u00f1os\u00bb.<\/em><\/p>\n\n\n\n<p>En cuanto a los desaf\u00edos que enfrenta la industria de las bebidas fermentadas en general y la vitivin\u00edcola y cervecera en particular, Cerd\u00e1n analiz\u00f3: <em>\u00abLos cambios en el consumo y la crisis provocada por factores ambientales no es un problema que afecta solamente a la industria enol\u00f3gica, la industria cervecera, por ejemplo, tambi\u00e9n est\u00e1 sufriendo. Hay cambios en los h\u00e1bitos de consumo, hay mucha informaci\u00f3n sobre el consumo saludable y la dieta, hay generaciones nuevas&#8230; Hoy los j\u00f3venes ya no ven al vino y la cerveza como bebidas predominantes, est\u00e1n abiertos a otras bebidas, por ejemplo las ready to drink, los t\u00e9s fermentados, es un panorama no f\u00e1cil, digamos, pero lo importante es que el consumo de alcohol no baj\u00f3, s\u00ed se abri\u00f3 mucho el panorama.<\/em><\/p>\n\n\n\n<p>Finalmente, el ejecutivo oriundo de Buenos Aires, con base actualmente en Estados Unidos, se refiri\u00f3 a la inserci\u00f3n de su compa\u00f1\u00eda en el mercado de las bebidas de bajo y cero alcoh\u00f3l: <em>\u00abTambi\u00e9n vemos el tema del bajo alcohol y el alcohol cero como una tendencia en aumento. Y en las dos producciones es muy importante el uso adecuado de fermentos, y nosotros hemos desarrollado esos fermentos especiales, por ejemplo uno que consume s\u00f3lo una parte de los az\u00facares, para la cerveza de bajo alcohol. Tambi\u00e9n hay mucho terreno para trabajar en el vino espumoso de bajo alcohol, donde est\u00e1n apareciendo tecnolog\u00edas muy interesantes.\u00bb<\/em><\/p>\n\n\n\n<div style=\"height:40px\" aria-hidden=\"true\" class=\"wp-block-spacer\"><\/div>\n","protected":false},"excerpt":{"rendered":"<p>La empresa l\u00edder global en fermentos eligi\u00f3 esta provincia para realizar una de sus habituales&hellip;<\/p>\n","protected":false},"author":2,"featured_media":168753,"comment_status":"closed","ping_status":"open","sticky":false,"template":"","format":"standard","meta":{"footnotes":""},"categories":[57],"tags":[],"class_list":["post-168751","post","type-post","status-publish","format-standard","has-post-thumbnail","hentry","category-empresas"],"_links":{"self":[{"href":"https:\/\/enolife.com.ar\/es\/wp-json\/wp\/v2\/posts\/168751","targetHints":{"allow":["GET"]}}],"collection":[{"href":"https:\/\/enolife.com.ar\/es\/wp-json\/wp\/v2\/posts"}],"about":[{"href":"https:\/\/enolife.com.ar\/es\/wp-json\/wp\/v2\/types\/post"}],"author":[{"embeddable":true,"href":"https:\/\/enolife.com.ar\/es\/wp-json\/wp\/v2\/users\/2"}],"replies":[{"embeddable":true,"href":"https:\/\/enolife.com.ar\/es\/wp-json\/wp\/v2\/comments?post=168751"}],"version-history":[{"count":0,"href":"https:\/\/enolife.com.ar\/es\/wp-json\/wp\/v2\/posts\/168751\/revisions"}],"wp:featuredmedia":[{"embeddable":true,"href":"https:\/\/enolife.com.ar\/es\/wp-json\/wp\/v2\/media\/168753"}],"wp:attachment":[{"href":"https:\/\/enolife.com.ar\/es\/wp-json\/wp\/v2\/media?parent=168751"}],"wp:term":[{"taxonomy":"category","embeddable":true,"href":"https:\/\/enolife.com.ar\/es\/wp-json\/wp\/v2\/categories?post=168751"},{"taxonomy":"post_tag","embeddable":true,"href":"https:\/\/enolife.com.ar\/es\/wp-json\/wp\/v2\/tags?post=168751"}],"curies":[{"name":"wp","href":"https:\/\/api.w.org\/{rel}","templated":true}]}}