{"id":168679,"date":"2025-10-30T15:09:56","date_gmt":"2025-10-30T15:09:56","guid":{"rendered":"https:\/\/enolife.com.ar\/es\/?p=168679"},"modified":"2025-10-31T16:32:56","modified_gmt":"2025-10-31T16:32:56","slug":"el-economista-y-financista-claudio-zuchovicki-hablara-sobre-liderazgo-por-los-caminos-del-vino","status":"publish","type":"post","link":"https:\/\/enolife.com.ar\/es\/el-economista-y-financista-claudio-zuchovicki-hablara-sobre-liderazgo-por-los-caminos-del-vino\/","title":{"rendered":"El economista y financista Claudio Zuchovicki hablar\u00e1 sobre liderazgo por los Caminos del Vino"},"content":{"rendered":"\n<h4 class=\"wp-block-heading\"><em><strong>En una nueva puesta en escena del ciclo \u00abAutores por los Caminos del Vino\u00bb, llega a Mendoza el reconocido economista, financista, inversor y escritor porte\u00f1o Claudio Zuchovicki (60), quien ofrecer\u00e1 una charla el 14\/11 en la bodega Antigal de Maip\u00fa sobre su nuevo libro \u00ab32 historias que todo l\u00edder deber\u00eda leer\u00bb.<\/strong><\/em><\/h4>\n\n\n\n<div style=\"height:29px\" aria-hidden=\"true\" class=\"wp-block-spacer\"><\/div>\n\n\n<a href=\"https:\/\/www.dellatoffola.com.ar\/es\/home\" aria-label=\"della toffolla 1700&#215;500\"><img loading=\"lazy\" decoding=\"async\" src=\"https:\/\/enolife.com.ar\/es\/wp-content\/uploads\/2023\/10\/della-toffolla-1700x500-2.png\" alt=\"\"  srcset=\"https:\/\/enolife.com.ar\/es\/wp-content\/uploads\/2023\/10\/della-toffolla-1700x500-2.png 1699w, https:\/\/enolife.com.ar\/es\/wp-content\/uploads\/2023\/10\/della-toffolla-1700x500-2-300x88.png 300w, https:\/\/enolife.com.ar\/es\/wp-content\/uploads\/2023\/10\/della-toffolla-1700x500-2-1024x301.png 1024w, https:\/\/enolife.com.ar\/es\/wp-content\/uploads\/2023\/10\/della-toffolla-1700x500-2-768x226.png 768w, https:\/\/enolife.com.ar\/es\/wp-content\/uploads\/2023\/10\/della-toffolla-1700x500-2-1536x451.png 1536w, https:\/\/enolife.com.ar\/es\/wp-content\/uploads\/2023\/10\/della-toffolla-1700x500-2-1170x344.png 1170w, https:\/\/enolife.com.ar\/es\/wp-content\/uploads\/2023\/10\/della-toffolla-1700x500-2-585x172.png 585w\" sizes=\"auto, (max-width: 1699px) 100vw, 1699px\" width=\"1699\" height=\"499\"   \/><\/a>\n\n\n<div style=\"height:42px\" aria-hidden=\"true\" class=\"wp-block-spacer\"><\/div>\n\n\n\n<p>El reconocido economista y referente del mercado de capitales <strong>Claudio Zuchovicki <\/strong>llegar\u00e1 a Mendoza para compartir una charla sobre su nuevo libro \u201c<strong>32 historias que todo l\u00edder deber\u00eda leer\u201d<\/strong>, una obra que invita a reflexionar sobre el liderazgo, las decisiones y el aprendizaje a trav\u00e9s de la experiencia. La cita es para el viernes 14 de noviembre en <strong>Bodega Antigal, de Maip\u00fa, Mendoza<\/strong>. Con cupos limitados, las entradas est\u00e1n disponibles en <a href=\"https:\/\/www.entradaweb.com.ar\/evento\/9060b2fb\/step\/1\">Entradaweb<\/a>. Incluye degustaci\u00f3n de vinos de la bodega.<\/p>\n\n\n<div class=\"wp-block-image\">\n<figure class=\"alignleft size-full\"><a href=\"https:\/\/enolife.com.ar\/es\/wp-content\/uploads\/2025\/10\/Claudio-Zuchovicki.-Autores-por-los-Caminos-del-Vino-FLYER-1.jpeg\" data-rel=\"penci-gallery-image-content\" ><img loading=\"lazy\" decoding=\"async\" width=\"400\" height=\"400\" src=\"https:\/\/enolife.com.ar\/es\/wp-content\/uploads\/2025\/10\/Claudio-Zuchovicki.-Autores-por-los-Caminos-del-Vino-FLYER-1.jpeg\" alt=\"\" class=\"wp-image-168696\" srcset=\"https:\/\/enolife.com.ar\/es\/wp-content\/uploads\/2025\/10\/Claudio-Zuchovicki.-Autores-por-los-Caminos-del-Vino-FLYER-1.jpeg 400w, https:\/\/enolife.com.ar\/es\/wp-content\/uploads\/2025\/10\/Claudio-Zuchovicki.-Autores-por-los-Caminos-del-Vino-FLYER-1-300x300.jpeg 300w, https:\/\/enolife.com.ar\/es\/wp-content\/uploads\/2025\/10\/Claudio-Zuchovicki.-Autores-por-los-Caminos-del-Vino-FLYER-1-150x150.jpeg 150w\" sizes=\"auto, (max-width: 400px) 100vw, 400px\" \/><\/a><\/figure><\/div>\n\n\n<p>El ciclo <strong>Autores por los Caminos del Vino<\/strong> contin\u00faa as\u00ed su recorrido por las bodegas mendocinas. Zuchovicki es gerente de Desarrollo de Mercado de Capitales de la Bolsa de Comercio de Buenos Aires, director de Bolsas y Mercados Argentinos (BYMA) y secretario general de la Federaci\u00f3n Iberoamericana de Bolsas de Comercio. Licenciado en Administraci\u00f3n de Empresas (UADE), con posgrado en Mercado de Capitales (UBA\/IAMC) y formaci\u00f3n en Futuros y Opciones en el Chicago Board of Trade, cuenta con m\u00e1s de 30 a\u00f1os de trayectoria en el mundo financiero.<\/p>\n\n\n\n<p>Durante su presentaci\u00f3n, el especialista abordar\u00e1 las claves de su libro escrito junto al <em>speaker<\/em> motivacional Jonatan Loidi, una obra que re\u00fane 32 historias reales sobre decisiones, aprendizajes, \u00e9xitos y fracasos. <em>\u201cQueremos que este viaje te ayude a ver la vida con otros ojos, que te lleves inspiraci\u00f3n y herramientas para aplicar en tu d\u00eda a d\u00eda\u201d<\/em>, consigna Zuchovicki en su libro.<\/p>\n\n\n\n<p>La bodega abrir\u00e1 sus puertas desde las 18 horas, invitando a los asistentes a recorrer sus instalaciones y disfrutar de una experiencia completa entre vino, paisaje y cultura. El valor de la entrada es de $ 30.000, con cupos limitados, e incluye una degustaci\u00f3n de vinos de Bodega Antigal. Adem\u00e1s, habr\u00e1 opciones gastron\u00f3micas disponibles para disfrutar en los jardines de la bodega.<\/p>\n\n\n\n<p>Antigal Winery &amp; Estates fue reconocida como la Mejor Bodega del Nuevo Mundo 2023 por la prestigiosa publicaci\u00f3n estadounidense Wine Enthusiast. Ese galard\u00f3n destac\u00f3 su compromiso con la calidad, la innovaci\u00f3n y la sostenibilidad, adem\u00e1s de su b\u00fasqueda continua por la excelencia enol\u00f3gica y la proyecci\u00f3n internacional de sus vinos, que hoy se exportan a mercados como Estados Unidos.<\/p>\n\n\n\n<div style=\"height:35px\" aria-hidden=\"true\" class=\"wp-block-spacer\"><\/div>\n\n\n\n<figure class=\"wp-block-gallery aligncenter has-nested-images columns-default is-cropped wp-block-gallery-1 is-layout-flex wp-block-gallery-is-layout-flex\">\n<figure class=\"wp-block-image size-large\"><a href=\"https:\/\/enolife.com.ar\/es\/wp-content\/uploads\/2025\/10\/Bodega-Antigal.jpg\" data-rel=\"penci-gallery-image-content\" ><img loading=\"lazy\" decoding=\"async\" width=\"1024\" height=\"682\" data-id=\"168688\" src=\"https:\/\/enolife.com.ar\/es\/wp-content\/uploads\/2025\/10\/Bodega-Antigal-1024x682.jpg\" alt=\"\" class=\"wp-image-168688\" srcset=\"https:\/\/enolife.com.ar\/es\/wp-content\/uploads\/2025\/10\/Bodega-Antigal-1024x682.jpg 1024w, https:\/\/enolife.com.ar\/es\/wp-content\/uploads\/2025\/10\/Bodega-Antigal-300x200.jpg 300w, https:\/\/enolife.com.ar\/es\/wp-content\/uploads\/2025\/10\/Bodega-Antigal-768x512.jpg 768w, https:\/\/enolife.com.ar\/es\/wp-content\/uploads\/2025\/10\/Bodega-Antigal-1536x1023.jpg 1536w, https:\/\/enolife.com.ar\/es\/wp-content\/uploads\/2025\/10\/Bodega-Antigal-1170x780.jpg 1170w, https:\/\/enolife.com.ar\/es\/wp-content\/uploads\/2025\/10\/Bodega-Antigal-585x390.jpg 585w, https:\/\/enolife.com.ar\/es\/wp-content\/uploads\/2025\/10\/Bodega-Antigal.jpg 1600w\" sizes=\"auto, (max-width: 1024px) 100vw, 1024px\" \/><\/a><figcaption class=\"wp-element-caption\"><em><strong>Bodega Antigal, sede de la charla de Zuchovicki.<\/strong><\/em><\/figcaption><\/figure>\n\n\n\n<figure class=\"wp-block-image size-large\"><a href=\"https:\/\/enolife.com.ar\/es\/wp-content\/uploads\/2025\/10\/Andres-Gabrielli.jpeg\" data-rel=\"penci-gallery-image-content\" ><img loading=\"lazy\" decoding=\"async\" width=\"770\" height=\"461\" data-id=\"168691\" src=\"https:\/\/enolife.com.ar\/es\/wp-content\/uploads\/2025\/10\/Andres-Gabrielli.jpeg\" alt=\"\" class=\"wp-image-168691\" srcset=\"https:\/\/enolife.com.ar\/es\/wp-content\/uploads\/2025\/10\/Andres-Gabrielli.jpeg 770w, https:\/\/enolife.com.ar\/es\/wp-content\/uploads\/2025\/10\/Andres-Gabrielli-300x180.jpeg 300w, https:\/\/enolife.com.ar\/es\/wp-content\/uploads\/2025\/10\/Andres-Gabrielli-768x460.jpeg 768w, https:\/\/enolife.com.ar\/es\/wp-content\/uploads\/2025\/10\/Andres-Gabrielli-585x350.jpeg 585w\" sizes=\"auto, (max-width: 770px) 100vw, 770px\" \/><\/a><figcaption class=\"wp-element-caption\"><em><strong>El periodista Andr\u00e9s Gabrielli, presentador del ciclo.<\/strong><\/em><\/figcaption><\/figure>\n<\/figure>\n\n\n\n<div style=\"height:35px\" aria-hidden=\"true\" class=\"wp-block-spacer\"><\/div>\n\n\n\n<p>El ciclo, declarado de Inter\u00e9s Tur\u00edstico por el Ente Mendoza Turismo (Emetur), est\u00e1 organizado por <strong>Gustavo Flores Baz\u00e1n<\/strong> -periodista y productor cultural con amplia trayectoria en el mundo del vino- junto a <strong>Jimena Silvestri<\/strong>, productora de medios y gestora cultural. Cada encuentro es moderado por <strong>Andr\u00e9s Gabrielli<\/strong>, referente del periodismo cultural mendocino, en un formato \u00edntimo pensado para disfrutar del vino, las ideas y la conversaci\u00f3n.<\/p>\n\n\n\n<p>Por Autores por los Camino 2025, ya pasaron figuras de renombre como <strong>Hugo Alconada Mon, Florencia Canale, Dario Sztajnszrajber, Soledad Barruti y Ludovica Squirru<\/strong>. Autores por los Caminos del Vino forma parte de las acciones culturales y enotur\u00edsticas promovidas por Bodegas de Argentina, con el respaldo institucional del Emetur y la Universidad Juan Agust\u00edn Maza.<\/p>\n\n\n\n<p>Acompa\u00f1an el evento Bodega Antigal, Edemsa, Hotel Sheraton Mendoza, Ant\u00fc Espacio de Lectura, La Cabrera y Kyros Aj\u00edes. <\/p>\n\n\n\n<div style=\"height:28px\" aria-hidden=\"true\" class=\"wp-block-spacer\"><\/div>\n\n\n\n<p class=\"has-small-font-size\"><em><strong>Fuente: Autores por los Caminos del Vino<\/strong><\/em><\/p>\n\n\n\n<div style=\"height:39px\" aria-hidden=\"true\" class=\"wp-block-spacer\"><\/div>\n","protected":false},"excerpt":{"rendered":"<p>En una nueva puesta en escena del ciclo \u00abAutores por los Caminos del Vino\u00bb, llega&hellip;<\/p>\n","protected":false},"author":2,"featured_media":168695,"comment_status":"closed","ping_status":"open","sticky":false,"template":"","format":"standard","meta":{"footnotes":""},"categories":[47],"tags":[],"class_list":["post-168679","post","type-post","status-publish","format-standard","has-post-thumbnail","hentry","category-agenda"],"_links":{"self":[{"href":"https:\/\/enolife.com.ar\/es\/wp-json\/wp\/v2\/posts\/168679","targetHints":{"allow":["GET"]}}],"collection":[{"href":"https:\/\/enolife.com.ar\/es\/wp-json\/wp\/v2\/posts"}],"about":[{"href":"https:\/\/enolife.com.ar\/es\/wp-json\/wp\/v2\/types\/post"}],"author":[{"embeddable":true,"href":"https:\/\/enolife.com.ar\/es\/wp-json\/wp\/v2\/users\/2"}],"replies":[{"embeddable":true,"href":"https:\/\/enolife.com.ar\/es\/wp-json\/wp\/v2\/comments?post=168679"}],"version-history":[{"count":0,"href":"https:\/\/enolife.com.ar\/es\/wp-json\/wp\/v2\/posts\/168679\/revisions"}],"wp:featuredmedia":[{"embeddable":true,"href":"https:\/\/enolife.com.ar\/es\/wp-json\/wp\/v2\/media\/168695"}],"wp:attachment":[{"href":"https:\/\/enolife.com.ar\/es\/wp-json\/wp\/v2\/media?parent=168679"}],"wp:term":[{"taxonomy":"category","embeddable":true,"href":"https:\/\/enolife.com.ar\/es\/wp-json\/wp\/v2\/categories?post=168679"},{"taxonomy":"post_tag","embeddable":true,"href":"https:\/\/enolife.com.ar\/es\/wp-json\/wp\/v2\/tags?post=168679"}],"curies":[{"name":"wp","href":"https:\/\/api.w.org\/{rel}","templated":true}]}}