{"id":168394,"date":"2025-10-27T23:51:32","date_gmt":"2025-10-27T23:51:32","guid":{"rendered":"https:\/\/enolife.com.ar\/es\/?p=168394"},"modified":"2025-10-30T12:53:35","modified_gmt":"2025-10-30T12:53:35","slug":"en-argentina-solo-el-20-de-las-mujeres-a-cargo-de-explotaciones-agropecuarias-es-duena-de-la-tierra","status":"publish","type":"post","link":"https:\/\/enolife.com.ar\/es\/en-argentina-solo-el-20-de-las-mujeres-a-cargo-de-explotaciones-agropecuarias-es-duena-de-la-tierra\/","title":{"rendered":"En Argentina, s\u00f3lo el 20% de las mujeres a cargo de explotaciones agropecuarias es due\u00f1a de la tierra"},"content":{"rendered":"\n<h4 class=\"wp-block-heading\"><em><strong>El dato surge del Informe sectorial \u00abBrechas de g\u00e9nero en la ruralidad argentina\u00bb, un mapa nacional de la realidad del sector agropecuario. El mismo fue elaborado por la Asociaci\u00f3n Civil Mujeres de la Ruralidad Argentina (MRA) en el marco del D\u00eda (15 de octubre) y del mes de las Mujeres Rurales, una fecha establecida por la Organizaci\u00f3n de las Naciones Unidas (ONU) para \u201cvisibilizar el papel esencial que desempe\u00f1an las mujeres rurales en la producci\u00f3n de alimentos, la conservaci\u00f3n ambiental y los cuidados comunitarios.\u201d<\/strong><\/em><\/h4>\n\n\n\n<div style=\"height:42px\" aria-hidden=\"true\" class=\"wp-block-spacer\"><\/div>\n\n\n<a href=\"https:\/\/enolife.com.ar\/es\/category\/vino\/\" aria-label=\"banner-el-vino-las-une\"><img loading=\"lazy\" decoding=\"async\" src=\"https:\/\/enolife.com.ar\/es\/wp-content\/uploads\/2021\/12\/banner-el-vino-las-une.gif\" alt=\"\"  width=\"1700\" height=\"500\"   \/><\/a>\n\n\n<div style=\"height:53px\" aria-hidden=\"true\" class=\"wp-block-spacer\"><\/div>\n\n\n\n<p>Cada 15 de octubre se celebra, se conmemora y se reflexiona sobre una porci\u00f3n muy importante de la sociedad que son las <strong>mujeres rurales<\/strong>. Se trata de una fecha instaurada por la Organizacion de las Naciones Unidas (ONU) para <em>\u201cvisibilizar el papel esencial que desempe\u00f1an las mujeres rurales en la producci\u00f3n de alimentos, la conservaci\u00f3n ambiental y los cuidados comunitarios.\u201d<\/em><\/p>\n\n\n\n<div style=\"height:30px\" aria-hidden=\"true\" class=\"wp-block-spacer\"><\/div>\n\n\n<div class=\"wp-block-image\">\n<figure class=\"aligncenter size-full is-resized\"><a href=\"https:\/\/enolife.com.ar\/es\/wp-content\/uploads\/2025\/10\/Mujeres-de-la-vina.jpeg\" data-rel=\"penci-gallery-image-content\" ><img loading=\"lazy\" decoding=\"async\" width=\"990\" height=\"484\" src=\"https:\/\/enolife.com.ar\/es\/wp-content\/uploads\/2025\/10\/Mujeres-de-la-vina.jpeg\" alt=\"\" class=\"wp-image-168401\" style=\"width:716px;height:auto\" srcset=\"https:\/\/enolife.com.ar\/es\/wp-content\/uploads\/2025\/10\/Mujeres-de-la-vina.jpeg 990w, https:\/\/enolife.com.ar\/es\/wp-content\/uploads\/2025\/10\/Mujeres-de-la-vina-300x147.jpeg 300w, https:\/\/enolife.com.ar\/es\/wp-content\/uploads\/2025\/10\/Mujeres-de-la-vina-768x375.jpeg 768w, https:\/\/enolife.com.ar\/es\/wp-content\/uploads\/2025\/10\/Mujeres-de-la-vina-585x286.jpeg 585w\" sizes=\"auto, (max-width: 990px) 100vw, 990px\" \/><\/a><\/figure><\/div>\n\n\n<div style=\"height:32px\" aria-hidden=\"true\" class=\"wp-block-spacer\"><\/div>\n\n\n\n<p>En este marco, cada a\u00f1o se habla del rol protag\u00f3nico de las mujeres en la ruralidad, de su trabajo cotidiano para sostener las actividades productivas y reproductivas. Y si bien es cierto que con esta fecha se ha logrado instalar en la agenda p\u00fablica la problem\u00e1tica como as\u00ed tambi\u00e9n el reconocimiento de su trabajo, a\u00fan quedan por resolver muchos temas pendientes del sector.<\/p>\n\n\n\n<p>La <strong>Asociaci\u00f3n Civil Mujeres de la Ruralidad Argentina<\/strong>, a trav\u00e9s de su <strong>peri\u00f3dico informe sectorial<\/strong> busca poner de manifiesto las realidades del contexto nacional y latinoamericano en diferentes aspectos. Tal como se\u00f1alan desde la organizaci\u00f3n, <em>\u201cla construcci\u00f3n de los datos es necesaria para saber a d\u00f3nde estamos y cu\u00e1nto nos falta.\u201d<\/em> <\/p>\n\n\n\n<div style=\"height:20px\" aria-hidden=\"true\" class=\"wp-block-spacer\"><\/div>\n\n\n\n<blockquote class=\"wp-block-quote is-layout-flow wp-block-quote-is-layout-flow\">\n<p>La inclusi\u00f3n financiera de las mujeres, su acceso a la tierra y a la educaci\u00f3n en igualdad de condiciones son algunas de las principales brechas en las cuales trabajar\u00bb.<br><strong>PATRICIA GORZA, presidenta de Mujeres de la Ruralidad Argentina<\/strong><\/p>\n<\/blockquote>\n\n\n\n<div style=\"height:21px\" aria-hidden=\"true\" class=\"wp-block-spacer\"><\/div>\n\n\n\n<p>La organizaci\u00f3n surge en el a\u00f1o 2019 y actualmente tiene sedes y bases en 18 provincias argentinas, en las cuales trabaja con las realidades de cada territorio. Argentina es un pa\u00eds extenso, diverso, con realidades productivas y estructurales muy diferentes seg\u00fan la regi\u00f3n. Y cada regi\u00f3n tiene una particularidad. Pero al mismo tiempo, las desigualdades existen en todos y cada uno de los territorios, ya sea en acceso a recursos, a herramientas crediticias o posibilidades de acceso a la educaci\u00f3n.<\/p>\n\n\n\n<div style=\"height:29px\" aria-hidden=\"true\" class=\"wp-block-spacer\"><\/div>\n\n\n\n<p>El \u00faltimo informe sobre g\u00e9nero en el \u00e1mbito rural latinoamericano y argentino elaborado en 2024 y actualizado al 2025 por la <strong>Asociaci\u00f3n Civil Mujeres de la Ruralidad Argentina<\/strong> en conjunto con diversos organismos internacionales especializados en el tema, arroja resultados de inter\u00e9s que a continuaci\u00f3n resumimos.<\/p>\n\n\n\n<p>Si bien <strong>en Latinoam\u00e9rica m\u00e1s de la mitad de los alimentos son producidos por mujeres<\/strong>, s\u00f3lo el 30% de ellas posee tierras agr\u00edcolas, y apenas el 5% recibe asistencia t\u00e9cnica. <strong>En Argentina s\u00f3lo el 20% de las mujeres es propietaria de la tierra.<\/strong> Las explotaciones agropecuarias (EAP) de productoras mujeres se concentra en las propiedades de menor tama\u00f1o: el 22% gestiona EAP de hasta 5 hect\u00e1reas, mientras que s\u00f3lo un 0,5% gestiona EAP de m\u00e1s de 10.000 hect\u00e1reas.<\/p>\n\n\n\n<p>En cuanto a ingresos, hay dos datos que resultan muy relevantes. Uno tiene que ver con los ingresos, donde las mujeres en el \u00e1mbito rural ganan en promedio 28% menos que pares varones. Y el otro dato es sobre qui\u00e9nes son los asalariados en el campo, ya que solamente 1 de cada 10 mujeres cuenta con un ingreso regular.<\/p>\n\n\n\n<p>En cuanto a educaci\u00f3n, se consideraron para el informe las diferencias en el acceso a la misma, la tasa de alfabetizaci\u00f3n, la escolarizaci\u00f3n y la formaci\u00f3n profesional. Y aqu\u00ed tambi\u00e9n hay notables diferencias en cuanto a c\u00f3mo las mujeres rurales acceden a asistencia t\u00e9cnica por ejemplo, donde<strong> s\u00f3lo el 5% lo logra. <\/strong>Otro dato revelador es sobre el egreso de escuelas agrot\u00e9cnicas, con larga tradici\u00f3n en nuestro pa\u00eds, pero donde sin embargo, solamente menos de la mitad logra culminar sus estudios.<\/p>\n\n\n\n<div style=\"height:40px\" aria-hidden=\"true\" class=\"wp-block-spacer\"><\/div>\n\n\n<div class=\"wp-block-image\">\n<figure class=\"aligncenter size-full is-resized\"><a href=\"https:\/\/enolife.com.ar\/es\/wp-content\/uploads\/2025\/10\/Premio-Lia-Encalada.jpg\" data-rel=\"penci-gallery-image-content\" ><img loading=\"lazy\" decoding=\"async\" width=\"1024\" height=\"685\" src=\"https:\/\/enolife.com.ar\/es\/wp-content\/uploads\/2025\/10\/Premio-Lia-Encalada.jpg\" alt=\"\" class=\"wp-image-168402\" style=\"width:706px;height:auto\" srcset=\"https:\/\/enolife.com.ar\/es\/wp-content\/uploads\/2025\/10\/Premio-Lia-Encalada.jpg 1024w, https:\/\/enolife.com.ar\/es\/wp-content\/uploads\/2025\/10\/Premio-Lia-Encalada-300x201.jpg 300w, https:\/\/enolife.com.ar\/es\/wp-content\/uploads\/2025\/10\/Premio-Lia-Encalada-768x514.jpg 768w, https:\/\/enolife.com.ar\/es\/wp-content\/uploads\/2025\/10\/Premio-Lia-Encalada-585x391.jpg 585w\" sizes=\"auto, (max-width: 1024px) 100vw, 1024px\" \/><\/a><figcaption class=\"wp-element-caption\"><em><strong>Durante el II Foro Internacional de G\u00e9nero y Ruralidad, a realizarse el 1 de noviembre de 2025 en la ciudad de Santa Fe, tambi\u00e9n se entregar\u00e1n los premios \u00abL\u00eda Encalada\u00bb a las mujeres rurales destacadas.<\/strong><\/em><strong><em> <\/em><\/strong><\/figcaption><\/figure><\/div>\n\n\n<div style=\"height:28px\" aria-hidden=\"true\" class=\"wp-block-spacer\"><\/div>\n\n\n\n<p>Por otra parte, si bien es cierto que hay cada vez m\u00e1s reconocimiento, espacios de organizaci\u00f3n, debate y participaci\u00f3n <strong>solamente el 7% de los cargos en entidades gremiales agropecuarias son ocupados por mujeres.<\/strong><\/p>\n\n\n\n<p>Por \u00faltimo, cabe se\u00f1alar el aspecto de los cuidados como una dimensi\u00f3n transversal de las descritas anteriormente, pero donde en el \u00e1mbito rural es m\u00e1s complejo ya que son pr\u00e1cticamente inexistentes los espacios de cuidado, ya sea privados o p\u00fablicos. Las mujeres rurales trabajan m\u00e1s horas, sin sueldo ni descanso, cuidando la tierra, la familia, los animales.<\/p>\n\n\n\n<div style=\"height:38px\" aria-hidden=\"true\" class=\"wp-block-spacer\"><\/div>\n\n\n<div class=\"wp-block-image\">\n<figure class=\"aligncenter size-large is-resized\"><a href=\"https:\/\/enolife.com.ar\/es\/wp-content\/uploads\/2025\/10\/Foro-mujeres.jpg\" data-rel=\"penci-gallery-image-content\" ><img loading=\"lazy\" decoding=\"async\" width=\"1024\" height=\"683\" src=\"https:\/\/enolife.com.ar\/es\/wp-content\/uploads\/2025\/10\/Foro-mujeres-1024x683.jpg\" alt=\"\" class=\"wp-image-168403\" style=\"width:676px;height:auto\" srcset=\"https:\/\/enolife.com.ar\/es\/wp-content\/uploads\/2025\/10\/Foro-mujeres-1024x683.jpg 1024w, https:\/\/enolife.com.ar\/es\/wp-content\/uploads\/2025\/10\/Foro-mujeres-300x200.jpg 300w, https:\/\/enolife.com.ar\/es\/wp-content\/uploads\/2025\/10\/Foro-mujeres-768x512.jpg 768w, https:\/\/enolife.com.ar\/es\/wp-content\/uploads\/2025\/10\/Foro-mujeres-1170x780.jpg 1170w, https:\/\/enolife.com.ar\/es\/wp-content\/uploads\/2025\/10\/Foro-mujeres-585x390.jpg 585w, https:\/\/enolife.com.ar\/es\/wp-content\/uploads\/2025\/10\/Foro-mujeres.jpg 1200w\" sizes=\"auto, (max-width: 1024px) 100vw, 1024px\" \/><\/a><\/figure><\/div>\n\n\n<div style=\"height:41px\" aria-hidden=\"true\" class=\"wp-block-spacer\"><\/div>\n\n\n\n<p>En Argentina, <strong>las mujeres representan el 64% de la poblaci\u00f3n de menores ingresos.<\/strong> Existen datos que permiten un an\u00e1lisis m\u00e1s espec\u00edfico de las mujeres de la ruralidad: en el caso de las <strong>ingenieras agr\u00f3nomas<\/strong> que trabajan en Argentina, perciben un <strong>72% de ingresos en comparaci\u00f3n a un profesional<br>residente en el exterior, mientras que los ingenieros agr\u00f3nomos, un 61% .<\/strong> La brecha salarial de las mujeres ingenieras agr\u00f3nomas es de un<strong> 27,6%,<\/strong> mientras que en ingenieras en alimentos esa brecha esa del <strong>47%<\/strong> y en las ingenieras forestales, del <strong>39%.<\/strong><\/p>\n\n\n\n<p>Al analizar la composici\u00f3n de la ocupaci\u00f3n seg\u00fan rama de actividad, se observa en Argentina una marcada segregaci\u00f3n horizontal: las mujeres son mayor\u00eda en los sectores de servicio dom\u00e9stico (97,2%), salud (72,3%) y educaci\u00f3n (71,5%), actividades que se encuentran socialmente asociadas a trabajos de cuidado. De hecho, casi 4 de cada 10 mujeres ocupadas se insertan en alguno de estos tres sectores. Por el contrario, los varones son mayor\u00eda en los sectores de la industria (64,5%), transporte (85,8%) o construcci\u00f3n (96,8%).<\/p>\n\n\n\n<div style=\"height:37px\" aria-hidden=\"true\" class=\"wp-block-spacer\"><\/div>\n\n\n\n<p class=\"has-medium-font-size\"><strong>II Foro Internacional de G\u00e9nero y Ruralidad<\/strong><\/p>\n\n\n\n<p><strong>La Asociaci\u00f3n Civil Mujeres de la Ruralidad Argentina (MRA)<\/strong>, junto al Ministerio de Igualdad y Desarrollo Humano del Gobierno de Santa Fe -a cargo de la ministra <strong>Mar\u00eda Victoria Tejeda<\/strong>-, convocan al <strong>II Foro Internacional de G\u00e9nero y Ruralidad,<\/strong> un encuentro de alcance nacional e internacional que reunir\u00e1 a referentes, productoras, acad\u00e9micas, lideresas y representantes institucionales para debatir y acordar una agenda com\u00fan en clave de igualdad. La cita es el s\u00e1bado 1 de noviembre de 2025, en el <strong>Centro Cultural ATE Casa Espa\u00f1a (Ciudad de Santa Fe<\/strong>) y culminar\u00e1 con la 4\u00b0 entrega de los <strong>Premios \u201cL\u00eda Encalada\u201d<\/strong>, que reconocen a mujeres que transforman la ruralidad en todo el pa\u00eds.<\/p>\n\n\n\n<p><em>\u201cSeguimos apostando a la visibilizaci\u00f3n y al reconocimiento de las mujeres del agro en todos los territorios. Este Foro y los Premios permiten poner en valor ese trabajo y fortalecer redes para que la igualdad sea una realidad\u201d<\/em>, se\u00f1al\u00f3 <strong>Patricia Gorza<\/strong>, presidenta de MRA en el evento de lanzamiento realizado recientemente en la ciudad de Santa Fe junto a <strong>Alicia Tate<\/strong>, secretaria de la Secretar\u00eda de Mujeres, G\u00e9nero y Diversidad del Gobierno de Santa Fe.<\/p>\n\n\n\n<div style=\"height:39px\" aria-hidden=\"true\" class=\"wp-block-spacer\"><\/div>\n\n\n\n<p><strong>Programa del Foro<\/strong><\/p>\n\n\n\n<ul class=\"wp-block-list\">\n<li>9 hs: Acreditaci\u00f3n y bienvenida.<\/li>\n\n\n\n<li>9.30 hs: Apertura: palabras de Patricia Gorza y autoridades.<\/li>\n\n\n\n<li>10 hs: Conferencia marco: \u201cLa ruralidad en clave feminista\u201d, por Mariana Stegagnini (MRA).<\/li>\n\n\n\n<li>10.30 hs: Panel nacional: \u201cExperiencias colectivas de mujeres en los territorios\u201d (Mendoza, Tucum\u00e1n, Santa Fe).<\/li>\n\n\n\n<li>11.30 hs: Panel internacional: \u201cHacia una agenda regional de mujeres rurales agrupadas\u201d (Bolivia, Uruguay, Colombia).<\/li>\n\n\n\n<li>13.30 hs: Panel institucional: \u201cAlianza Estado\u2013organizaciones para pol\u00edticas p\u00fablicas efectivas\u201d (gobierno de Santa Fe, CFI, MRA).<\/li>\n\n\n\n<li>14.30 hs: Entrega de diplomas a postuladas Premios \u201cL\u00eda Encalada\u201d.<\/li>\n\n\n\n<li>15.45 hs: Ceremonia de entrega de los Premios \u201cL\u00eda Encalada\u201d (4\u00b0 edici\u00f3n): presentaci\u00f3n del jurado y video de postuladas.<\/li>\n\n\n\n<li>16.30 hs: Reflexiones y firma de compromiso regional para cooperar en la reducci\u00f3n de brechas de g\u00e9nero en la ruralidad.<\/li>\n<\/ul>\n\n\n\n<div style=\"height:35px\" aria-hidden=\"true\" class=\"wp-block-spacer\"><\/div>\n\n\n\n<p><em><strong>Fuentes: mujeresrurales.org.ar; www.argentina.gob.ar; Oxfam International: \u201cLas Mujeres Rurales de Am\u00e9rica Latina y El Caribe frente al cambio clim\u00e1tico\u201d (2016) y Censo Agropecuario Nacional Argentino 2018.<\/strong><\/em><br><br><\/p>\n","protected":false},"excerpt":{"rendered":"<p>El dato surge del Informe sectorial \u00abBrechas de g\u00e9nero en la ruralidad argentina\u00bb, un mapa&hellip;<\/p>\n","protected":false},"author":2,"featured_media":168400,"comment_status":"closed","ping_status":"open","sticky":false,"template":"","format":"standard","meta":{"footnotes":""},"categories":[14],"tags":[],"class_list":["post-168394","post","type-post","status-publish","format-standard","has-post-thumbnail","hentry","category-news"],"_links":{"self":[{"href":"https:\/\/enolife.com.ar\/es\/wp-json\/wp\/v2\/posts\/168394","targetHints":{"allow":["GET"]}}],"collection":[{"href":"https:\/\/enolife.com.ar\/es\/wp-json\/wp\/v2\/posts"}],"about":[{"href":"https:\/\/enolife.com.ar\/es\/wp-json\/wp\/v2\/types\/post"}],"author":[{"embeddable":true,"href":"https:\/\/enolife.com.ar\/es\/wp-json\/wp\/v2\/users\/2"}],"replies":[{"embeddable":true,"href":"https:\/\/enolife.com.ar\/es\/wp-json\/wp\/v2\/comments?post=168394"}],"version-history":[{"count":0,"href":"https:\/\/enolife.com.ar\/es\/wp-json\/wp\/v2\/posts\/168394\/revisions"}],"wp:featuredmedia":[{"embeddable":true,"href":"https:\/\/enolife.com.ar\/es\/wp-json\/wp\/v2\/media\/168400"}],"wp:attachment":[{"href":"https:\/\/enolife.com.ar\/es\/wp-json\/wp\/v2\/media?parent=168394"}],"wp:term":[{"taxonomy":"category","embeddable":true,"href":"https:\/\/enolife.com.ar\/es\/wp-json\/wp\/v2\/categories?post=168394"},{"taxonomy":"post_tag","embeddable":true,"href":"https:\/\/enolife.com.ar\/es\/wp-json\/wp\/v2\/tags?post=168394"}],"curies":[{"name":"wp","href":"https:\/\/api.w.org\/{rel}","templated":true}]}}