{"id":168249,"date":"2025-10-27T13:59:08","date_gmt":"2025-10-27T13:59:08","guid":{"rendered":"https:\/\/enolife.com.ar\/es\/?p=168249"},"modified":"2025-10-30T12:53:54","modified_gmt":"2025-10-30T12:53:54","slug":"en-setiembre-2025-el-consumo-de-vino-per-capita-en-argentina-fue-de-157-litros-46-que-en-2024","status":"publish","type":"post","link":"https:\/\/enolife.com.ar\/es\/en-setiembre-2025-el-consumo-de-vino-per-capita-en-argentina-fue-de-157-litros-46-que-en-2024\/","title":{"rendered":"En setiembre 2025 el consumo de vino per c\u00e1pita en Argentina fue de 1,57 litros, +4,6% que en 2024"},"content":{"rendered":"\n<h4 class=\"wp-block-heading\"><em><strong>Seg\u00fan el \u00faltimo informe del Instituto Nacional de Vitivinicultura (INV), la venta de vino acumulada de enero a setiembre de 2025 en el mercado interno argentino, alcanz\u00f3 los 5.488.488 hectolitros, -2,5% respecto a igual per\u00edodo de 2024. De ese total, el 63,8% corresponde a vinos sin menci\u00f3n varietal, el 32,8% a varietales, el 3% a espumosos y 0,4% a otros vinos (c\u00f3ctel de vino, gasificado y especial). Por su parte, el consumo per c\u00e1pita del mes de setiembre de 2025 fue de 1,57 litros por habitante, un aumento de +4,6% respecto a mismo mes de 2024. Esta \u00faltima cifra, proyectada al lapso de un a\u00f1o, implica un consumo per c\u00e1pita anual de 18,84 litros de vino.<\/strong><\/em><\/h4>\n\n\n\n<div style=\"height:35px\" aria-hidden=\"true\" class=\"wp-block-spacer\"><\/div>\n\n\n\n\n\n<div style=\"height:45px\" aria-hidden=\"true\" class=\"wp-block-spacer\"><\/div>\n\n\n\n<p class=\"has-text-align-center has-background\" id=\"block-6fbb9437-eb2b-4258-8eb3-6b0d6f6d1afb\" style=\"background-color:#abb7c25c\"><strong>Comercializaci\u00f3n setiembre 2024 \/ setiembre 2025<\/strong><\/p>\n\n\n\n<p id=\"block-63cf02c1-369f-437f-a1f3-630bb88281a5\"><strong>Vino Total: +4,4%<\/strong><\/p>\n\n\n\n<ul id=\"block-ea26550f-a8d7-4388-ab3f-9e978e751e9a\" class=\"wp-block-list\">\n<li>Vino color: +3,6%<\/li>\n\n\n\n<li>Vino blanco: +7,3%<\/li>\n<\/ul>\n\n\n\n<div style=\"height:15px\" aria-hidden=\"true\" class=\"wp-block-spacer\"><\/div>\n\n\n\n<p class=\"has-text-align-center has-background\" id=\"block-1da3c62f-d229-4319-81d4-8ec4a294f6ce\" style=\"background-color:#abb7c25c\"><strong>Comercializaci\u00f3n enero-setiembre 2024 \/ enero-setiembre 2025<\/strong><\/p>\n\n\n\n<p id=\"block-35b7a9be-159c-4367-b9e1-fdc327f9f8e7\"><strong>Vino Total: -2,5%<\/strong><\/p>\n\n\n\n<ul id=\"block-f2514f2b-5f53-4339-94aa-2f404cf9294e\" class=\"wp-block-list\">\n<li>Vino color: +0,6 %<\/li>\n\n\n\n<li>Vino blanco: -10,8%<\/li>\n<\/ul>\n\n\n\n<div style=\"height:15px\" aria-hidden=\"true\" class=\"wp-block-spacer\"><\/div>\n\n\n\n<p class=\"has-text-align-center has-background\" id=\"block-0bce1eeb-0137-40bf-96c2-90e3bbb1db06\" style=\"background-color:#abb7c25c\"><strong>Variaci\u00f3n mensual agosto 2025 &#8211; setiembre 2025<\/strong><\/p>\n\n\n\n<p id=\"block-8c0e1074-9225-4a7d-827e-3b1bd907324b\"><strong>Vino Total: +8,8%<\/strong><\/p>\n\n\n\n<div style=\"height:35px\" aria-hidden=\"true\" class=\"wp-block-spacer\"><\/div>\n\n\n<div class=\"wp-block-image\">\n<figure class=\"aligncenter size-full is-resized\"><a href=\"https:\/\/enolife.com.ar\/es\/wp-content\/uploads\/2025\/10\/image-96.png\" data-rel=\"penci-gallery-image-content\" ><img loading=\"lazy\" decoding=\"async\" width=\"925\" height=\"615\" src=\"https:\/\/enolife.com.ar\/es\/wp-content\/uploads\/2025\/10\/image-96.png\" alt=\"\" class=\"wp-image-168295\" style=\"width:606px;height:auto\" srcset=\"https:\/\/enolife.com.ar\/es\/wp-content\/uploads\/2025\/10\/image-96.png 925w, https:\/\/enolife.com.ar\/es\/wp-content\/uploads\/2025\/10\/image-96-300x199.png 300w, https:\/\/enolife.com.ar\/es\/wp-content\/uploads\/2025\/10\/image-96-768x511.png 768w, https:\/\/enolife.com.ar\/es\/wp-content\/uploads\/2025\/10\/image-96-585x389.png 585w\" sizes=\"auto, (max-width: 925px) 100vw, 925px\" \/><\/a><\/figure><\/div>\n\n\n<div style=\"height:45px\" aria-hidden=\"true\" class=\"wp-block-spacer\"><\/div>\n\n\n\n<p class=\"has-text-align-center has-background has-medium-font-size\" style=\"background-color:#abb7c25c\"><strong>Comercializaci\u00f3n setiembre 2025<\/strong><\/p>\n\n\n\n<p>Las ventas de vino en el mercado interno durante el mes de septiembre 2025 alcanzaron un volumen de <strong>739.232 h<\/strong>l, observ\u00e1ndose un <strong>aumento del 4,4% respecto a igual mes del a\u00f1o anterior<\/strong>. El 61,1% de ese volumen corresponde a vinos sin menci\u00f3n varietal; 34,0% varietales; 4,4% espumosos y 0,5% otros vinos (c\u00f3ctel de vino, gasificado, especial).<\/p>\n\n\n\n<p>Respecto al mismo mes del a\u00f1o anterior, aumentaron las ventas de vinos sin menci\u00f3n varietal (+3,8%), los varietales (+8,4%) y otros vinos (+30,8%), mientras los espumosos disminuyeron -15,0%. En el volumen total de despachos los vinos blancos que representan el 24,8% del total aumentaron +7,3% y los vinos color con 75,2% de participaci\u00f3n crecieron +3,6%.<\/p>\n\n\n\n<div style=\"height:30px\" aria-hidden=\"true\" class=\"wp-block-spacer\"><\/div>\n\n\n<div class=\"wp-block-image\">\n<figure class=\"aligncenter size-full is-resized\"><a href=\"https:\/\/enolife.com.ar\/es\/wp-content\/uploads\/2025\/10\/Imagen1-25.jpg\" data-rel=\"penci-gallery-image-content\" ><img loading=\"lazy\" decoding=\"async\" width=\"601\" height=\"479\" src=\"https:\/\/enolife.com.ar\/es\/wp-content\/uploads\/2025\/10\/Imagen1-25.jpg\" alt=\"\" class=\"wp-image-168257\" style=\"width:500px;height:auto\" srcset=\"https:\/\/enolife.com.ar\/es\/wp-content\/uploads\/2025\/10\/Imagen1-25.jpg 601w, https:\/\/enolife.com.ar\/es\/wp-content\/uploads\/2025\/10\/Imagen1-25-300x239.jpg 300w, https:\/\/enolife.com.ar\/es\/wp-content\/uploads\/2025\/10\/Imagen1-25-585x466.jpg 585w\" sizes=\"auto, (max-width: 601px) 100vw, 601px\" \/><\/a><\/figure><\/div>\n\n\n<div style=\"height:35px\" aria-hidden=\"true\" class=\"wp-block-spacer\"><\/div>\n\n\n\n<p>En el interanual septiembre 2024\/ septiembre 2025, aument\u00f3 el envase botella (+8,3%) el cual representa el 70,0% de los despachos. El tetra-brik, que representa el 27,4% del volumen, disminuy\u00f3 -2,7%. La damajuana disminuy\u00f3 &#8211; 19,7%, el bag in box creci\u00f3 +42,0% y la lata +29,4%. Otros envases con muy poco volumen pero creciendo +366,2%<\/p>\n\n\n\n<div style=\"height:30px\" aria-hidden=\"true\" class=\"wp-block-spacer\"><\/div>\n\n\n<div class=\"wp-block-image\">\n<figure class=\"aligncenter size-full is-resized\"><a href=\"https:\/\/enolife.com.ar\/es\/wp-content\/uploads\/2025\/10\/Imagen2-18.jpg\" data-rel=\"penci-gallery-image-content\" ><img loading=\"lazy\" decoding=\"async\" width=\"626\" height=\"584\" src=\"https:\/\/enolife.com.ar\/es\/wp-content\/uploads\/2025\/10\/Imagen2-18.jpg\" alt=\"\" class=\"wp-image-168259\" style=\"width:572px;height:auto\" srcset=\"https:\/\/enolife.com.ar\/es\/wp-content\/uploads\/2025\/10\/Imagen2-18.jpg 626w, https:\/\/enolife.com.ar\/es\/wp-content\/uploads\/2025\/10\/Imagen2-18-300x280.jpg 300w, https:\/\/enolife.com.ar\/es\/wp-content\/uploads\/2025\/10\/Imagen2-18-585x546.jpg 585w\" sizes=\"auto, (max-width: 626px) 100vw, 626px\" \/><\/a><\/figure><\/div>\n\n\n<div style=\"height:30px\" aria-hidden=\"true\" class=\"wp-block-spacer\"><\/div>\n\n\n<div class=\"wp-block-image\">\n<figure class=\"aligncenter size-full is-resized\"><a href=\"https:\/\/enolife.com.ar\/es\/wp-content\/uploads\/2025\/10\/image-89.png\" data-rel=\"penci-gallery-image-content\" ><img loading=\"lazy\" decoding=\"async\" width=\"993\" height=\"838\" src=\"https:\/\/enolife.com.ar\/es\/wp-content\/uploads\/2025\/10\/image-89.png\" alt=\"\" class=\"wp-image-168258\" style=\"width:668px;height:auto\" srcset=\"https:\/\/enolife.com.ar\/es\/wp-content\/uploads\/2025\/10\/image-89.png 993w, https:\/\/enolife.com.ar\/es\/wp-content\/uploads\/2025\/10\/image-89-300x253.png 300w, https:\/\/enolife.com.ar\/es\/wp-content\/uploads\/2025\/10\/image-89-768x648.png 768w, https:\/\/enolife.com.ar\/es\/wp-content\/uploads\/2025\/10\/image-89-585x494.png 585w\" sizes=\"auto, (max-width: 993px) 100vw, 993px\" \/><\/a><\/figure><\/div>\n\n\n<div style=\"height:35px\" aria-hidden=\"true\" class=\"wp-block-spacer\"><\/div>\n\n\n\n<p>El <strong>consumo per c\u00e1pita del mes de setiembre 2025 <\/strong>arroja un valor de <strong>1,57 litros por habitante<\/strong> (poblaci\u00f3n total pa\u00eds), lo cual indica un<strong> aumento de +4,6% <\/strong>respecto a igual mes del a\u00f1o anterior.<\/p>\n\n\n\n<p>El 90,4% del vino comercializado en setiembre 2025 en el mercado interno proviene de Mendoza y el 5,8% de San Juan. Siguen en importancia Salta (1,4%), La Rioja (1,1%), Neuqu\u00e9n (0,9%) y Rio Negro (0,1%). Tambi\u00e9n despacharon las provincias de Bs As, San Luis, La Pampa, Catamarca, C\u00f3rdoba, Jujuy, Entre R\u00edos, Tucum\u00e1n y Chubut.<\/p>\n\n\n\n<div style=\"height:35px\" aria-hidden=\"true\" class=\"wp-block-spacer\"><\/div>\n\n\n<div class=\"wp-block-image\">\n<figure class=\"aligncenter size-full is-resized\"><a href=\"https:\/\/enolife.com.ar\/es\/wp-content\/uploads\/2025\/10\/image-91.png\" data-rel=\"penci-gallery-image-content\" ><img loading=\"lazy\" decoding=\"async\" width=\"456\" height=\"422\" src=\"https:\/\/enolife.com.ar\/es\/wp-content\/uploads\/2025\/10\/image-91.png\" alt=\"\" class=\"wp-image-168264\" style=\"width:422px;height:auto\" srcset=\"https:\/\/enolife.com.ar\/es\/wp-content\/uploads\/2025\/10\/image-91.png 456w, https:\/\/enolife.com.ar\/es\/wp-content\/uploads\/2025\/10\/image-91-300x278.png 300w\" sizes=\"auto, (max-width: 456px) 100vw, 456px\" \/><\/a><\/figure><\/div>\n\n\n<div style=\"height:45px\" aria-hidden=\"true\" class=\"wp-block-spacer\"><\/div>\n\n\n\n<p class=\"has-text-align-center has-background has-medium-font-size\" style=\"background-color:#abb7c25c\"><strong>Acumulado enero-setiembre de 2025<\/strong><\/p>\n\n\n\n<p>La <strong>venta de vino acumulada enero-setiembre 2025 alcanz\u00f3 5.488.488 hl<\/strong>, manifestando una disminuci\u00f3n de <strong>-2,5% respecto a igual per\u00edodo del a\u00f1o anterior<\/strong>. La participaci\u00f3n de los vinos sin menci\u00f3n varietal es del 63,8%; el 32,8% corresponde a varietales; 3,0% a espumosos y 0,4% a otros vinos (c\u00f3ctel de vino, gasificado y especial).<\/p>\n\n\n\n<p>Los vinos sin menci\u00f3n varietal en el interanual acumulado a septiembre est\u00e1n negativos (-6,5%), los varietales crecieron (+6,1%) al igual que los otros vinos (+14,4%), mientras que los espumosos se mantienen casi sin variaci\u00f3n (-0,2%). En el volumen total acumulado, los vinos blancos caen -10,8% y los vinos color suben +0,6%.<\/p>\n\n\n\n<div style=\"height:30px\" aria-hidden=\"true\" class=\"wp-block-spacer\"><\/div>\n\n\n<div class=\"wp-block-image\">\n<figure class=\"aligncenter size-full is-resized\"><a href=\"https:\/\/enolife.com.ar\/es\/wp-content\/uploads\/2025\/10\/Imagen3-16.jpg\" data-rel=\"penci-gallery-image-content\" ><img loading=\"lazy\" decoding=\"async\" width=\"641\" height=\"513\" src=\"https:\/\/enolife.com.ar\/es\/wp-content\/uploads\/2025\/10\/Imagen3-16.jpg\" alt=\"\" class=\"wp-image-168270\" style=\"width:528px;height:auto\" srcset=\"https:\/\/enolife.com.ar\/es\/wp-content\/uploads\/2025\/10\/Imagen3-16.jpg 641w, https:\/\/enolife.com.ar\/es\/wp-content\/uploads\/2025\/10\/Imagen3-16-300x240.jpg 300w, https:\/\/enolife.com.ar\/es\/wp-content\/uploads\/2025\/10\/Imagen3-16-585x468.jpg 585w\" sizes=\"auto, (max-width: 641px) 100vw, 641px\" \/><\/a><\/figure><\/div>\n\n\n<div style=\"height:35px\" aria-hidden=\"true\" class=\"wp-block-spacer\"><\/div>\n\n\n\n<p>Respecto al<strong> tipo de envas<\/strong>e, el acumulado anual de ventas, indica un leve aumento de botellas (+0,9%), con una participaci\u00f3n del 65,1% en los despachos, mientras el tetra brik con una participaci\u00f3n de 32,0% cae un -7,5%. Tambi\u00e9n cayeron los despachos en damajuana (-14,2%), bag in box (-43,0%) y lata (-23,4%). Otros envases aumentaron +87,7%.<\/p>\n\n\n\n<div style=\"height:30px\" aria-hidden=\"true\" class=\"wp-block-spacer\"><\/div>\n\n\n<div class=\"wp-block-image\">\n<figure class=\"aligncenter size-full is-resized\"><a href=\"https:\/\/enolife.com.ar\/es\/wp-content\/uploads\/2025\/10\/Imagen4-14.jpg\" data-rel=\"penci-gallery-image-content\" ><img loading=\"lazy\" decoding=\"async\" width=\"643\" height=\"631\" src=\"https:\/\/enolife.com.ar\/es\/wp-content\/uploads\/2025\/10\/Imagen4-14.jpg\" alt=\"\" class=\"wp-image-168271\" style=\"width:554px;height:auto\" srcset=\"https:\/\/enolife.com.ar\/es\/wp-content\/uploads\/2025\/10\/Imagen4-14.jpg 643w, https:\/\/enolife.com.ar\/es\/wp-content\/uploads\/2025\/10\/Imagen4-14-300x294.jpg 300w, https:\/\/enolife.com.ar\/es\/wp-content\/uploads\/2025\/10\/Imagen4-14-585x574.jpg 585w\" sizes=\"auto, (max-width: 643px) 100vw, 643px\" \/><\/a><\/figure><\/div>\n\n\n<div style=\"height:35px\" aria-hidden=\"true\" class=\"wp-block-spacer\"><\/div>\n\n\n\n<p class=\"has-medium-font-size\"><strong>Mendoza<\/strong><\/p>\n\n\n\n<p>Los despachos de vino al mercado interno desde Mendoza<strong> <\/strong>en <strong>setiembre 2025 <\/strong>fueron de <strong>668.338 hl,<\/strong> lo que evidencia un aumento de <strong>+10,2% <\/strong>respecto a igual mes del a\u00f1o anterior. El 60,8% de los vinos despachados desde Mendoza fue vino sin menci\u00f3n varietal; 33,8% vino varietal; 4,8% vino espumoso y 0,5% otros vinos. Los vinos color aumentaron +8,5% y los blancos +16,3%.<\/p>\n\n\n\n<p>Respecto a setiembre 2024 se registra un aumento de vinos varietales (+11,8%) y sin menci\u00f3n varietal (+11,9%). El 73,1% de los vinos despachados por Mendoza en setiembre 2025 corresponde a botella, el 24,6% tetra brik; 1,9% damajuana; 0,2% bag in box y 0,2% lata.<\/p>\n\n\n\n<div style=\"height:30px\" aria-hidden=\"true\" class=\"wp-block-spacer\"><\/div>\n\n\n<div class=\"wp-block-image\">\n<figure class=\"aligncenter size-full is-resized\"><a href=\"https:\/\/enolife.com.ar\/es\/wp-content\/uploads\/2025\/10\/image-92.png\" data-rel=\"penci-gallery-image-content\" ><img loading=\"lazy\" decoding=\"async\" width=\"994\" height=\"875\" src=\"https:\/\/enolife.com.ar\/es\/wp-content\/uploads\/2025\/10\/image-92.png\" alt=\"\" class=\"wp-image-168273\" style=\"width:678px;height:auto\" srcset=\"https:\/\/enolife.com.ar\/es\/wp-content\/uploads\/2025\/10\/image-92.png 994w, https:\/\/enolife.com.ar\/es\/wp-content\/uploads\/2025\/10\/image-92-300x264.png 300w, https:\/\/enolife.com.ar\/es\/wp-content\/uploads\/2025\/10\/image-92-768x676.png 768w, https:\/\/enolife.com.ar\/es\/wp-content\/uploads\/2025\/10\/image-92-585x515.png 585w\" sizes=\"auto, (max-width: 994px) 100vw, 994px\" \/><\/a><\/figure><\/div>\n\n\n<div style=\"height:35px\" aria-hidden=\"true\" class=\"wp-block-spacer\"><\/div>\n\n\n\n<p>El volumen despachado por Mendoza al mercado interno <strong>acumulado enero-setiembre <\/strong>manifiesta una leve baja de<strong> -0,1%<\/strong> respecto a igual per\u00edodo del a\u00f1o anterior. Se observa un aumento de +8,5% en las ventas de vinos varietales, tanto color (+7,1%) como blanco (+17,3%). Los vinos sin menci\u00f3n varietal tambi\u00e9n aumentaron en el acumulado (+8,5%), especialmente los vinos color (+1,7%), mientras que los vinos sin menci\u00f3n varietal blancos disminuyeron (-18,9%).<\/p>\n\n\n\n<div style=\"height:35px\" aria-hidden=\"true\" class=\"wp-block-spacer\"><\/div>\n\n\n\n<p class=\"has-medium-font-size\"><strong>San Juan<\/strong><\/p>\n\n\n\n<p>El total de vino comercializado en el mercado interno por San Juan en <strong>setiembre 2025<\/strong> asciende a <strong>42.626 hl,<\/strong> lo que indica una disminuci\u00f3n de <strong>-39,4% respecto al mismo mes del a\u00f1o anterior. <\/strong>El 75,6% del volumen de despachos corresponde a vinos sin menci\u00f3n varietal, disminuyendo -44,2% respecto al mismo mes del a\u00f1o anterior. El vino varietal, con una participaci\u00f3n del 23,4% en el total disminuy\u00f3 -18,1%. Disminuyeron los vinos color y blanco tanto en varietales como sin menci\u00f3n varietal.<\/p>\n\n\n\n<p>En el volumen total despachado en setiembre 2025 se registra disminuci\u00f3n en vinos blancos (-37,7%) y vinos color (-40,2%) respecto al mismo mes del a\u00f1o anterior. El 72,1% de las ventas se despach\u00f3 en envase tetra-brik; 24,9% en botella y 2,9% en damajuana.<\/p>\n\n\n\n<div style=\"height:30px\" aria-hidden=\"true\" class=\"wp-block-spacer\"><\/div>\n\n\n<div class=\"wp-block-image\">\n<figure class=\"aligncenter size-full is-resized\"><a href=\"https:\/\/enolife.com.ar\/es\/wp-content\/uploads\/2025\/10\/image-93.png\" data-rel=\"penci-gallery-image-content\" ><img loading=\"lazy\" decoding=\"async\" width=\"995\" height=\"900\" src=\"https:\/\/enolife.com.ar\/es\/wp-content\/uploads\/2025\/10\/image-93.png\" alt=\"\" class=\"wp-image-168276\" style=\"width:668px;height:auto\" srcset=\"https:\/\/enolife.com.ar\/es\/wp-content\/uploads\/2025\/10\/image-93.png 995w, https:\/\/enolife.com.ar\/es\/wp-content\/uploads\/2025\/10\/image-93-300x271.png 300w, https:\/\/enolife.com.ar\/es\/wp-content\/uploads\/2025\/10\/image-93-768x695.png 768w, https:\/\/enolife.com.ar\/es\/wp-content\/uploads\/2025\/10\/image-93-585x529.png 585w\" sizes=\"auto, (max-width: 995px) 100vw, 995px\" \/><\/a><\/figure><\/div>\n\n\n<div style=\"height:35px\" aria-hidden=\"true\" class=\"wp-block-spacer\"><\/div>\n\n\n\n<p>El volumen comercializado en el <strong>per\u00edodo enero-setiembre de 2025 <\/strong>por San Juan disminuy\u00f3<strong> -15,5% <\/strong>respecto a igual per\u00edodo del a\u00f1o anterior. Se observa una disminuci\u00f3n en vinos sin menci\u00f3n varietal (-17,3%), especialmente en los vinos color (-23,1%), mientras que los vinos sin menci\u00f3n varietal blancos registraron una baja de -5,4%. Los vinos varietales disminuyeron -8,5%, con baja en los varietales blancos de -14,8% y varietales color de -7,4%.<\/p>\n\n\n\n<div style=\"height:35px\" aria-hidden=\"true\" class=\"wp-block-spacer\"><\/div>\n\n\n\n<p class=\"has-medium-font-size\"><strong>La Rioja<\/strong><\/p>\n\n\n\n<p>Las ventas en el mercado interno desde La Rioja en <strong>setiembre 2025 <\/strong>totalizaron <strong>8.119 hl,<\/strong> registrando una baja de<strong> -13,9% respecto al mismo mes del a\u00f1o anterior. <\/strong>Esta provincia acumula una disminuci\u00f3n de <strong>-16,9%<\/strong> <strong>en lo que va del a\u00f1o <\/strong>respecto a igual per\u00edodo del a\u00f1o anterior. En septiembre 2025, La Rioja despach\u00f3 un 69,9% de vino sin menci\u00f3n varietal y 30,1% de vino varietal. El 67,7% de lo comercializado se despach\u00f3 en tetra-brik; el 29,9% en botella y 2,3% en damajuana.<\/p>\n\n\n\n<div style=\"height:30px\" aria-hidden=\"true\" class=\"wp-block-spacer\"><\/div>\n\n\n<div class=\"wp-block-image\">\n<figure class=\"aligncenter size-full is-resized\"><a href=\"https:\/\/enolife.com.ar\/es\/wp-content\/uploads\/2025\/10\/image-94.png\" data-rel=\"penci-gallery-image-content\" ><img loading=\"lazy\" decoding=\"async\" width=\"859\" height=\"322\" src=\"https:\/\/enolife.com.ar\/es\/wp-content\/uploads\/2025\/10\/image-94.png\" alt=\"\" class=\"wp-image-168279\" style=\"width:793px;height:auto\" srcset=\"https:\/\/enolife.com.ar\/es\/wp-content\/uploads\/2025\/10\/image-94.png 859w, https:\/\/enolife.com.ar\/es\/wp-content\/uploads\/2025\/10\/image-94-300x112.png 300w, https:\/\/enolife.com.ar\/es\/wp-content\/uploads\/2025\/10\/image-94-768x288.png 768w, https:\/\/enolife.com.ar\/es\/wp-content\/uploads\/2025\/10\/image-94-585x219.png 585w\" sizes=\"auto, (max-width: 859px) 100vw, 859px\" \/><\/a><\/figure><\/div>\n\n\n<div style=\"height:35px\" aria-hidden=\"true\" class=\"wp-block-spacer\"><\/div>\n\n\n\n<p class=\"has-medium-font-size\"><strong>Salta<\/strong><\/p>\n\n\n\n<p>Los despachos al mercado interno desde<strong> Salta en setiembre 2025 <\/strong>fueron<strong> <\/strong>de <strong>10.438 hl<\/strong>, registrando una disminuci\u00f3n de <strong>-24,4%<\/strong> respecto al mismo mes del a\u00f1o anterior. Esta provincia acumula una disminuci\u00f3n de<strong> -13,4% en lo que va del a\u00f1o<\/strong> respecto a igual per\u00edodo del a\u00f1o anterior. En septiembre 2025 Salta despach\u00f3 el 64,3% del volumen como vino varietal; 35,7% vino sin menci\u00f3n varietal y 0,01% espumoso. El 65,9% de los despachos son en botella; 20,8% en tetra-brik y 13,3% en damajuana.<\/p>\n\n\n\n<div style=\"height:30px\" aria-hidden=\"true\" class=\"wp-block-spacer\"><\/div>\n\n\n<div class=\"wp-block-image\">\n<figure class=\"aligncenter size-full is-resized\"><a href=\"https:\/\/enolife.com.ar\/es\/wp-content\/uploads\/2025\/10\/image-95.png\" data-rel=\"penci-gallery-image-content\" ><img loading=\"lazy\" decoding=\"async\" width=\"859\" height=\"333\" src=\"https:\/\/enolife.com.ar\/es\/wp-content\/uploads\/2025\/10\/image-95.png\" alt=\"\" class=\"wp-image-168281\" style=\"width:800px;height:auto\" srcset=\"https:\/\/enolife.com.ar\/es\/wp-content\/uploads\/2025\/10\/image-95.png 859w, https:\/\/enolife.com.ar\/es\/wp-content\/uploads\/2025\/10\/image-95-300x116.png 300w, https:\/\/enolife.com.ar\/es\/wp-content\/uploads\/2025\/10\/image-95-768x298.png 768w, https:\/\/enolife.com.ar\/es\/wp-content\/uploads\/2025\/10\/image-95-585x227.png 585w\" sizes=\"auto, (max-width: 859px) 100vw, 859px\" \/><\/a><\/figure><\/div>\n\n\n<div style=\"height:35px\" aria-hidden=\"true\" class=\"wp-block-spacer\"><\/div>\n\n\n\n<p class=\"has-medium-font-size\"><strong>Neuqu\u00e9n<\/strong><\/p>\n\n\n\n<p>Los despachos al mercado interno desde Neuqu\u00e9n en <strong>setiembre 2025 <\/strong>fueron de <strong>6.451 hl<\/strong>, un <strong>+81% <\/strong>superior a las ocurridas en<strong> <\/strong>igual mes del a\u00f1o anterior, no obstante esta provincia acumula una disminuci\u00f3n de <strong>-3,5% en lo que va del a\u00f1o<\/strong> respecto a igual per\u00edodo del a\u00f1o anterior. El 67,0% del volumen despachado en septiembre 2025 fue varietal; 23,3% sin menci\u00f3n varietal y 9,7% espumoso. El 100% del volumen se despach\u00f3 en botellas.<\/p>\n\n\n\n<div style=\"height:35px\" aria-hidden=\"true\" class=\"wp-block-spacer\"><\/div>\n\n\n\n<p class=\"has-medium-font-size\"><strong>R\u00edo Negro<\/strong><\/p>\n\n\n\n<p>En <strong>setiembre 2025, <\/strong>R\u00edo Negro registr\u00f3 despachos por<strong> 982 hl<\/strong>, un <strong>-10,5%<\/strong> menor a lo despachado en igual mes del a\u00f1o anterior. Esta provincia<strong> <\/strong>ha disminuido sus ventas<strong> en lo que va del a\u00f1o -7,4%<\/strong> respecto al acumulado 2024. El 69,8% del volumen despachado en setiembre 2025 fue vino varietal; 29,8% vino sin menci\u00f3n varietal y 0,4% vino espumoso. Las ventas en botellas representaron el 77,9% del total y las damajuanas el 22,1% restante.<\/p>\n\n\n\n<div style=\"height:35px\" aria-hidden=\"true\" class=\"wp-block-spacer\"><\/div>\n\n\n\n<p class=\"has-medium-font-size\"><strong>Buenos Aires<\/strong><\/p>\n\n\n\n<p>Las ventas en el mercado interno en <strong>setiembre 2025<\/strong> fueron de<strong> 915 hl<\/strong>, lo que indica una disminuci\u00f3n de <strong>-53,6% <\/strong>con respecto al mismo mes del a\u00f1o anterior y una baja de<strong> -41,0% en el volumen acumulado <\/strong>respecto a 2024. El vino varietal en septiembre 2025 particip\u00f3 con el 99,6% de las ventas y el vino sin menci\u00f3n varietal con el 0,4%. El 59,4% de lo despachado fue en botellas y 40,6% en damajuana.<\/p>\n\n\n\n<div style=\"height:35px\" aria-hidden=\"true\" class=\"wp-block-spacer\"><\/div>\n\n\n\n<p class=\"has-medium-font-size\"><strong>San Luis<\/strong><\/p>\n\n\n\n<p>El volumen despachado en <strong>setiembre 2025 <\/strong>fue de <strong>148 hl <\/strong>lo que represent\u00f3 un aumento de <strong>+860,2% <\/strong>respecto al mismo mes del a\u00f1o anterior, acumulando un<strong> +88,8% <\/strong>de crecimiento <strong>en lo que va del a\u00f1o <\/strong>respecto a 2024. En setiembre 2025 esta provincia despach\u00f3 un 70,0% de vino varietal y 30,0% de vino sin menci\u00f3n varietal. El 100% de lo comercializado corresponde a botella.<\/p>\n\n\n\n<div style=\"height:35px\" aria-hidden=\"true\" class=\"wp-block-spacer\"><\/div>\n\n\n\n<p class=\"has-medium-font-size\"><strong>C\u00f3rdoba<\/strong><\/p>\n\n\n\n<p>El volumen despachado en <strong>setiembre 2025<\/strong> fue de<strong> 487 hl <\/strong>lo que represent\u00f3 una disminuci\u00f3n de <strong>-34,8% <\/strong>respecto al mismo mes del a\u00f1o anterior, no obstante el volumen <strong>acumulado es un +5,6% <\/strong>mayor que en 2024. En setiembre 2025, se despach\u00f3 un 59,3% de vino varietal; 39,6% sin menci\u00f3n varietal y 1,0% espumoso. El 99,7% se despach\u00f3 en botella y 0,3% en bag in box.<\/p>\n\n\n\n<div style=\"height:35px\" aria-hidden=\"true\" class=\"wp-block-spacer\"><\/div>\n\n\n\n<p class=\"has-medium-font-size\"><strong>Catamarca<\/strong><\/p>\n\n\n\n<p>El volumen despachado en <strong>setiembre 2025 <\/strong>fue de <strong>295 hl,<\/strong> lo que represent\u00f3 un aumento de<strong> +154,4% <\/strong>respecto al mismo mes del a\u00f1o anterior, acumulando un aumento de <strong>+22,3% en lo que va del a\u00f1o <\/strong>respecto a 2024. En setiembre 2025, se despach\u00f3 un 77,6% de vino sin menci\u00f3n varietal y 22,4% varietal. El 79,6% de lo comercializado corresponde a botella y 20,4% a bid\u00f3n.<\/p>\n\n\n\n<div style=\"height:35px\" aria-hidden=\"true\" class=\"wp-block-spacer\"><\/div>\n\n\n\n<p class=\"has-medium-font-size\"><strong>La<\/strong><strong> Pampa<\/strong><\/p>\n\n\n\n<p>El volumen despachado en <strong>setiembre 2025<\/strong> fue de<strong> 184 hl <\/strong>lo que represent\u00f3 un aumento de <strong>+5,2% <\/strong>respecto al mismo mes del a\u00f1o anterior, no obstante el acumulado del a\u00f1o evidencia una <strong>disminuci\u00f3n de -2,5% respecto a 2024. <\/strong>En setiembre 2025 se despach\u00f3 100% del volumen de vino sin menci\u00f3n varietal en botella.<\/p>\n\n\n\n<div style=\"height:35px\" aria-hidden=\"true\" class=\"wp-block-spacer\"><\/div>\n\n\n\n<p class=\"has-medium-font-size\"><strong>Jujuy<\/strong><\/p>\n\n\n\n<p>El volumen despachado en <strong>setiembre 2025 <\/strong>fue de <strong>146 hl <\/strong>lo que represent\u00f3 un aumento de <strong>+16,1% <\/strong>respecto al mismo mes del a\u00f1o anterior, acumulando un <strong>+28,0% de crecimiento en lo que va del a\u00f1o <\/strong>respecto a 2024. En setiembre 2025 esta provincia despach\u00f3 un 82,2% de vino sin menci\u00f3n varietal y 17,8% de vino varietal. El 100% de lo comercializado corresponde a botella.<\/p>\n\n\n\n<div style=\"height:35px\" aria-hidden=\"true\" class=\"wp-block-spacer\"><\/div>\n\n\n\n<p class=\"has-medium-font-size\"><strong>Tucum\u00e1n<\/strong><\/p>\n\n\n\n<p>El volumen despachado en <strong>septiembre 2025 <\/strong>fue de<strong> 67 hl <\/strong>lo que represent\u00f3 una merma de<strong> -32,0% <\/strong>respecto al mismo mes del a\u00f1o anterior y de <strong>-40,0% en el acumulado<\/strong> del a\u00f1o respecto a 2024. En septiembre 2025 se despach\u00f3 el 100% del volumen de vino sin menci\u00f3n varietal en botella.<\/p>\n\n\n\n<div style=\"height:35px\" aria-hidden=\"true\" class=\"wp-block-spacer\"><\/div>\n\n\n\n<p class=\"has-medium-font-size\"><strong>Entre<\/strong><strong> R<\/strong><strong>\u00edos<\/strong><\/p>\n\n\n\n<p>El volumen despachado en<strong> setiembre 2025<\/strong> fue de<strong> 29 hl <\/strong>lo que represent\u00f3 una merma de <strong>-47,9% <\/strong>respecto al mismo mes del a\u00f1o anterior, no obstante en el acumulado del a\u00f1o hay un aumento de <strong>+37,5% respecto al acumulado 2024<\/strong>. En septiembre 2025 esta provincia despach\u00f3 un 95,6% de vino sin menci\u00f3n varietal y 4,4% de vino varietal. El 100% de lo comercializado corresponde a botella.<\/p>\n\n\n\n<div style=\"height:35px\" aria-hidden=\"true\" class=\"wp-block-spacer\"><\/div>\n\n\n\n<p class=\"has-medium-font-size\"><strong>Chubut<\/strong><\/p>\n\n\n\n<p>El volumen despachado en <strong>setiembre 2025 <\/strong>fue de<strong> 9 hl<\/strong> lo que represent\u00f3 una disminuci\u00f3n <strong>-95,3% <\/strong>respecto al mismo mes del a\u00f1o anterior, acumulando un<strong> -77,0% de merma en lo que va del a\u00f1o<\/strong> respecto al acumulado 2024. En setiembre 2025 esta provincia despach\u00f3 un 84,2% de vino sin menci\u00f3n varietal; 8,8% vino espumoso y 7,0% varietal. El 100% de lo comercializado corresponde a botella.<\/p>\n\n\n\n<div style=\"height:35px\" aria-hidden=\"true\" class=\"wp-block-spacer\"><\/div>\n\n\n\n<p><em><strong>Fuente: Instituto Nacional de Vitivinicultura de Argentina<\/strong><\/em><\/p>\n\n\n\n<div style=\"height:40px\" aria-hidden=\"true\" class=\"wp-block-spacer\"><\/div>\n\n\n\n<div style=\"height:37px\" aria-hidden=\"true\" class=\"wp-block-spacer\"><\/div>\n","protected":false},"excerpt":{"rendered":"<p>Seg\u00fan el \u00faltimo informe del Instituto Nacional de Vitivinicultura (INV), la venta de vino acumulada&hellip;<\/p>\n","protected":false},"author":2,"featured_media":168304,"comment_status":"closed","ping_status":"open","sticky":false,"template":"","format":"standard","meta":{"footnotes":""},"categories":[9],"tags":[],"class_list":["post-168249","post","type-post","status-publish","format-standard","has-post-thumbnail","hentry","category-negocios"],"_links":{"self":[{"href":"https:\/\/enolife.com.ar\/es\/wp-json\/wp\/v2\/posts\/168249","targetHints":{"allow":["GET"]}}],"collection":[{"href":"https:\/\/enolife.com.ar\/es\/wp-json\/wp\/v2\/posts"}],"about":[{"href":"https:\/\/enolife.com.ar\/es\/wp-json\/wp\/v2\/types\/post"}],"author":[{"embeddable":true,"href":"https:\/\/enolife.com.ar\/es\/wp-json\/wp\/v2\/users\/2"}],"replies":[{"embeddable":true,"href":"https:\/\/enolife.com.ar\/es\/wp-json\/wp\/v2\/comments?post=168249"}],"version-history":[{"count":0,"href":"https:\/\/enolife.com.ar\/es\/wp-json\/wp\/v2\/posts\/168249\/revisions"}],"wp:featuredmedia":[{"embeddable":true,"href":"https:\/\/enolife.com.ar\/es\/wp-json\/wp\/v2\/media\/168304"}],"wp:attachment":[{"href":"https:\/\/enolife.com.ar\/es\/wp-json\/wp\/v2\/media?parent=168249"}],"wp:term":[{"taxonomy":"category","embeddable":true,"href":"https:\/\/enolife.com.ar\/es\/wp-json\/wp\/v2\/categories?post=168249"},{"taxonomy":"post_tag","embeddable":true,"href":"https:\/\/enolife.com.ar\/es\/wp-json\/wp\/v2\/tags?post=168249"}],"curies":[{"name":"wp","href":"https:\/\/api.w.org\/{rel}","templated":true}]}}