{"id":168097,"date":"2025-10-24T13:04:33","date_gmt":"2025-10-24T13:04:33","guid":{"rendered":"https:\/\/enolife.com.ar\/es\/?p=168097"},"modified":"2025-10-25T16:25:27","modified_gmt":"2025-10-25T16:25:27","slug":"las-cooperativas-del-vino-de-mendoza-renovaron-su-directiva-y-su-mision-de-ayudar-a-los-productores","status":"publish","type":"post","link":"https:\/\/enolife.com.ar\/es\/las-cooperativas-del-vino-de-mendoza-renovaron-su-directiva-y-su-mision-de-ayudar-a-los-productores\/","title":{"rendered":"Las cooperativas del vino de Mendoza renovaron su directiva y su misi\u00f3n de ayudar a los productores"},"content":{"rendered":"\n<h4 class=\"wp-block-heading\"><em><strong>La Asociaci\u00f3n de Cooperativas Vitivin\u00edcolas de Mendoza (Acovi) realiz\u00f3 su&nbsp;Asamblea General Ordinaria 2025, un acto institucional relevante que cont\u00f3 con la participaci\u00f3n de representantes de las 32 cooperativas asociadas de todos los oasis productivos de la provincia. Fabi\u00e1n Ruggeri sigue al frente de la entidad y se incorporaron dos nuevos vocales, de las cooperativas Tres Porte\u00f1as y Cooperativa Mendoza.<\/strong><\/em><\/h4>\n\n\n\n<div style=\"height:40px\" aria-hidden=\"true\" class=\"wp-block-spacer\"><\/div>\n\n\n<a href=\"https:\/\/estanciamendoza.com.ar\/es\/\" aria-label=\"Copia de BEM &#8211; Banner adaptaciones diario digital_BEM &#8211; Banner Enolife &#8211; 1700&#215;500\"><img loading=\"lazy\" decoding=\"async\" src=\"https:\/\/enolife.com.ar\/es\/wp-content\/uploads\/2019\/07\/Copia-de-BEM-Banner-adaptaciones-diario-digital_BEM-Banner-Enolife-1700x500-1.jpg\" alt=\"\"  srcset=\"https:\/\/enolife.com.ar\/es\/wp-content\/uploads\/2019\/07\/Copia-de-BEM-Banner-adaptaciones-diario-digital_BEM-Banner-Enolife-1700x500-1.jpg 1700w, https:\/\/enolife.com.ar\/es\/wp-content\/uploads\/2019\/07\/Copia-de-BEM-Banner-adaptaciones-diario-digital_BEM-Banner-Enolife-1700x500-1-300x88.jpg 300w, https:\/\/enolife.com.ar\/es\/wp-content\/uploads\/2019\/07\/Copia-de-BEM-Banner-adaptaciones-diario-digital_BEM-Banner-Enolife-1700x500-1-1024x301.jpg 1024w, https:\/\/enolife.com.ar\/es\/wp-content\/uploads\/2019\/07\/Copia-de-BEM-Banner-adaptaciones-diario-digital_BEM-Banner-Enolife-1700x500-1-768x226.jpg 768w, https:\/\/enolife.com.ar\/es\/wp-content\/uploads\/2019\/07\/Copia-de-BEM-Banner-adaptaciones-diario-digital_BEM-Banner-Enolife-1700x500-1-1536x452.jpg 1536w, https:\/\/enolife.com.ar\/es\/wp-content\/uploads\/2019\/07\/Copia-de-BEM-Banner-adaptaciones-diario-digital_BEM-Banner-Enolife-1700x500-1-1170x344.jpg 1170w, https:\/\/enolife.com.ar\/es\/wp-content\/uploads\/2019\/07\/Copia-de-BEM-Banner-adaptaciones-diario-digital_BEM-Banner-Enolife-1700x500-1-585x172.jpg 585w\" sizes=\"auto, (max-width: 1700px) 100vw, 1700px\" width=\"1700\" height=\"500\"   \/><\/a>\n\n\n<div style=\"height:57px\" aria-hidden=\"true\" class=\"wp-block-spacer\"><\/div>\n\n\n\n<p><strong>Ana Vaieretti<\/strong>, integrante de la Comisi\u00f3n Revisora de Cuentas de la <strong>Asociaci\u00f3n de Cooperativas Vitivin\u00edcolas (Acovi) de Mendoza<\/strong>, expres\u00f3 tras la Asamblea General de la entidad:&nbsp;<em>\u201cA pesar de las complicaciones que viene trayendo el a\u00f1o, estar integrados y formar parte de un cuerpo superior siempre conviene. Acovi siempre ha respondido a las necesidades de los productores y eso se vio reflejado en esta asamblea. La presentaci\u00f3n del balance, la memoria, todo sucedi\u00f3 de manera normal y con la participaci\u00f3n abierta de todos<\/em>.\u201d<\/p>\n\n\n\n<p>Por su parte, el gerente de la entidad,<strong> Nicol\u00e1s Vicchi<\/strong>, comparti\u00f3 los principales ejes de trabajo, las acciones gremiales y los avances alcanzados durante el per\u00edodo&nbsp;<strong>noviembre 2024-octubre 2025<\/strong>:<\/p>\n\n\n\n<p><em>\u201cEn cumplimiento con nuestro estatuto &#8211;<\/em>anunci\u00f3 Vicchi-<em>, realizamos la asamblea donde renovamos parte de nuestra comisi\u00f3n directiva y rendimos cuentas de las gestiones realizadas durante el a\u00f1o. Fue un momento muy importante para analizar lo transcurrido y proyectar los desaf\u00edos para la pr\u00f3xima cosecha.\u201d<\/em><\/p>\n\n\n\n<div style=\"height:42px\" aria-hidden=\"true\" class=\"wp-block-spacer\"><\/div>\n\n\n<div class=\"wp-block-image\">\n<figure class=\"aligncenter is-resized\"><img decoding=\"async\" src=\"https:\/\/acovi.com.ar\/wp-content\/uploads\/2025\/10\/IMG_1748-1024x575.jpg\" alt=\"\" class=\"wp-image-5994\" style=\"width:736px;height:auto\"\/><figcaption class=\"wp-element-caption\"><em><strong>El abogado Nicol\u00e1s Vicchi, gerente de la Asociaci\u00f3n de Cooperativas Vitivin\u00edcolas (Acovi).<\/strong><\/em><\/figcaption><\/figure><\/div>\n\n\n<div style=\"height:40px\" aria-hidden=\"true\" class=\"wp-block-spacer\"><\/div>\n\n\n\n<p><strong>Renovaci\u00f3n parcial de la Comisi\u00f3n Directiva<\/strong><\/p>\n\n\n\n<p>Se ratific\u00f3 la continuidad de la mayor\u00eda de los miembros y se incorporaron dos nuevos vocales suplentes:&nbsp;<strong>Gustavo Demonte&nbsp;(Cooperativa Tres Porte\u00f1as) <\/strong>y&nbsp;<strong>Jos\u00e9 Luis del \u00c1guila&nbsp;(Cooperativa Mendoza).<\/strong><\/p>\n\n\n\n<p><em>\u201cAcovi est\u00e1 realizando un trabajo muy valioso por la representaci\u00f3n gremial en los distintos entes de la provincia, con una administraci\u00f3n abierta, transparente y responsable. En la asamblea participaron pr\u00e1cticamente todas las cooperativas, y lo importante es que se aprobaron tanto el balance como las autoridades por unanimidad\u201d,<\/em>&nbsp;destac\u00f3 Del \u00c1guila.<\/p>\n\n\n\n<div style=\"height:37px\" aria-hidden=\"true\" class=\"wp-block-spacer\"><\/div>\n\n\n<div class=\"wp-block-image\">\n<figure class=\"aligncenter is-resized\"><img decoding=\"async\" src=\"https:\/\/acovi.com.ar\/wp-content\/uploads\/2025\/10\/IMG_1700-1024x575.jpg\" alt=\"\" class=\"wp-image-5990\" style=\"width:714px;height:auto\"\/><figcaption class=\"wp-element-caption\"><em><strong>Parte de la Comisi\u00f3n Directiva de Acovi durante la \u00faltima asamblea.<\/strong><\/em><\/figcaption><\/figure><\/div>\n\n\n<div style=\"height:43px\" aria-hidden=\"true\" class=\"wp-block-spacer\"><\/div>\n\n\n\n<p><strong>Principales ejes de gesti\u00f3n<\/strong><\/p>\n\n\n\n<p>En la memoria se subrayaron las acciones de representaci\u00f3n institucional desarrolladas a trav\u00e9s de distintos organismos clave del entramado econ\u00f3mico provincial: la\u00a0<strong>vicepresidencia de la Federaci\u00f3n Econ\u00f3mica de Mendoza (FEM<\/strong>)\u00a0a cargo de Nicol\u00e1s Vicchi, la participaci\u00f3n de\u00a0<strong>Carlos Groselj<\/strong>\u00a0y\u00a0<strong>Emiliano Mart\u00edn<\/strong>\u00a0en la Uni\u00f3n Comercial e Industrial de Mendoza (UCIM), y la presencia de los j\u00f3venes de\u00a0<strong>Jucovi<\/strong>\u00a0en diversas actividades conjuntas con Acovi. Adem\u00e1s,\u00a0<strong>Acovi<\/strong>\u00a0participa activamente en la Mesa de la Producci\u00f3n y el empleo.<\/p>\n\n\n\n<p><em>\u201cHubo mucha repercusi\u00f3n a lo largo del a\u00f1o por el trabajo que realiza ACOVI, con representaciones en entidades provinciales y nacionales. Es destacable la gesti\u00f3n sobre el agua, sobre el C\u00f3digo de Aguas precisamente, y muy valiosas las capacitaciones que hemos recibido<\/em>\u201d, expres\u00f3&nbsp;<strong>Emiliano Mart\u00edn<\/strong>.<\/p>\n\n\n\n<p>Tambi\u00e9n se resalt\u00f3 la labor de&nbsp;<strong>Fabi\u00e1n Ruggeri<\/strong>&nbsp;en el&nbsp;<strong>Consejo Regional del Instituto Nacional de Tecnolog\u00eda Agropecuaria (INTA<\/strong>), en representaci\u00f3n de Coninagro en Mendoza, y el trabajo conjunto entre ambas entidades, como el estudio sobre ordenamiento territorial y el avance urbano sobre los oasis productivos.<\/p>\n\n\n\n<p>A su turno, el consejero&nbsp;<strong>Gustavo Demonte<\/strong>&nbsp;destac\u00f3 la labor de la entidad: <em>\u201cEs la primera asamblea en la que participo y ahora soy parte del consejo. Mi familia viene de productores y me parece muy importante que exista esta representaci\u00f3n donde se puedan reunir productores de todas las zonas de Mendoza para abordar sus problem\u00e1ticas. El trabajo que realiza Acovi es muy amplio: abarca temas h\u00eddricos, electricidad, financiamiento, asistencia mecanizada, curaciones; en definitiva, ser un nexo con los productores<\/em>.\u201d<\/p>\n\n\n\n<p>Asimismo, se presentaron los resultados obtenidos en materia de&nbsp;<strong>asistencia financiera a productores<\/strong>&nbsp;a trav\u00e9s de programas de microcr\u00e9ditos y fondos rotatorios, con foco en la eficiencia h\u00eddrica, el capital de trabajo y la inversi\u00f3n productiva.<\/p>\n\n\n\n<p>Se destac\u00f3 tambi\u00e9n el trabajo de la&nbsp;<strong>Comisi\u00f3n H\u00eddrica<\/strong>, que contin\u00faa aportando una mirada t\u00e9cnica y jur\u00eddica al debate sobre la gesti\u00f3n del agua y el futuro C\u00f3digo de Aguas para la provincia, junto con la labor en temas de&nbsp;<strong>lucha antigranizo, seguro agr\u00edcola y control de la plaga de la polilla de la vid.<\/strong><\/p>\n\n\n\n<p><em>\u201cEs un a\u00f1o complicado para la viticultura: el precio, la cuesti\u00f3n h\u00eddrica y las inclemencias clim\u00e1ticas nos est\u00e1n golpeando. Por eso es tan importante que Acovi acompa\u00f1e todo esto, y que la voz de los productores de las cooperativas est\u00e9 presente\u201d<\/em>, se\u00f1al\u00f3&nbsp;<strong>Mabel Valero<\/strong>, referente de Cooperativa Nueva California.<\/p>\n\n\n\n<div style=\"height:24px\" aria-hidden=\"true\" class=\"wp-block-spacer\"><\/div>\n\n\n\n<p><strong>Nueva etapa de trabajo conjunto<\/strong><\/p>\n\n\n\n<p>El cierre de la asamblea estuvo a cargo del presidente de Acovi,&nbsp;<strong>Fabi\u00e1n Ruggeri<\/strong>, quien valor\u00f3 el trabajo en equipo de los \u00faltimos a\u00f1os y reafirm\u00f3 el compromiso de la entidad para seguir acompa\u00f1ando a las cooperativas y productores ante los desaf\u00edos del sector vitivin\u00edcola:<\/p>\n\n\n\n<p><em>\u201cLa reuni\u00f3n fue muy interesante, con gran participaci\u00f3n de las cooperativas y acompa\u00f1amiento a nuestra gesti\u00f3n en los temas que m\u00e1s nos preocupan como productores: el agua, la acci\u00f3n gremial, las sucesiones, el programa de erradicaci\u00f3n de Lobesia Botrana, y la presencia de nuestros consejeros en entidades como FEM, UCIM, INTA y Coviar. Hubo muy buen apoyo y eso se reflej\u00f3 en que las decisiones se tomaron por unanimidad<\/em>\u201d, concluy\u00f3 Ruggeri.<\/p>\n\n\n\n<div style=\"height:38px\" aria-hidden=\"true\" class=\"wp-block-spacer\"><\/div>\n\n\n<div class=\"wp-block-image\">\n<figure class=\"aligncenter is-resized\"><img decoding=\"async\" src=\"https:\/\/acovi.com.ar\/wp-content\/uploads\/2025\/10\/IMG_1779-1024x575.jpg\" alt=\"\" class=\"wp-image-6003\" style=\"width:710px;height:auto\"\/><figcaption class=\"wp-element-caption\"><em><strong>Fabi\u00e1n Ruggeri sigue al frente de Acovi<\/strong><\/em>.<\/figcaption><\/figure><\/div>\n\n\n<div style=\"height:33px\" aria-hidden=\"true\" class=\"wp-block-spacer\"><\/div>\n\n\n\n<p>De esta manera, qued\u00f3 conformada la&nbsp;<strong>nueva Comisi\u00f3n Directiva de Acovi<\/strong>&nbsp;para el per\u00edodo&nbsp;<strong>2025-2027<\/strong>, incorporando nuevos representantes que aportar\u00e1n su experiencia y compromiso al trabajo conjunto de la entidad.<\/p>\n\n\n\n<div style=\"height:15px\" aria-hidden=\"true\" class=\"wp-block-spacer\"><\/div>\n\n\n\n<ol start=\"1\" class=\"wp-block-list\">\n<li>Presidente:&nbsp;<strong>Edgardo Fabi\u00e1n Ruggeri<\/strong><\/li>\n\n\n\n<li>Vicepresidente:&nbsp;<strong>Jorge Barbero<\/strong><\/li>\n\n\n\n<li>Secretaria:&nbsp;<strong>Cecilia Binolfi<\/strong><\/li>\n\n\n\n<li>Prosecretario:&nbsp;<strong>Javier Mario S\u00e1nchez<\/strong><\/li>\n\n\n\n<li>Tesorero:&nbsp;<strong>Sergio Ram\u00f3n Barbadillo<\/strong><\/li>\n\n\n\n<li>Protesorero:&nbsp;<strong>Jes\u00fas Alberto Gasques<\/strong><\/li>\n\n\n\n<li>Comisi\u00f3n Revisora de Cuentas:&nbsp;<strong>Walter Guarise<\/strong><\/li>\n\n\n\n<li>Comisi\u00f3n Revisora de Cuentas:&nbsp;<strong>Ana Catalina Vaieretti<\/strong><\/li>\n\n\n\n<li>CRC Suplente:&nbsp;<strong>Roberto D\u2019Ulivo<\/strong><\/li>\n\n\n\n<li>Vocal Titular:&nbsp;<strong>Pablo Alejandro Gim\u00e9nez<\/strong><\/li>\n\n\n\n<li>Vocal Titular:&nbsp;<strong>Leonardo Garc\u00eda<\/strong><\/li>\n\n\n\n<li>Vocal Titular:&nbsp;<strong>Bernardino Antonio Reta<\/strong><\/li>\n\n\n\n<li>Vocal Titular:&nbsp;<strong>Alberto Daniel V\u00e1zquez<\/strong><\/li>\n\n\n\n<li>Vocal Titular:&nbsp;<strong>Alejandro Rub\u00e9n Bori<\/strong><\/li>\n\n\n\n<li>Vocal Suplente:&nbsp;<strong>Alejandro Sozzi<\/strong><\/li>\n\n\n\n<li>Vocal Suplente:&nbsp;<strong>Gustavo Demonte<\/strong><\/li>\n\n\n\n<li>Vocal Suplente:&nbsp;<strong>Jos\u00e9 Luis del \u00c1guila<\/strong><\/li>\n\n\n\n<li>Vocal Suplente:&nbsp;<strong>Mabel Valero<\/strong><\/li>\n\n\n\n<li>Vocal Suplente:\u00a0<strong>Gerardo Francisco Fern\u00e1ndez<\/strong><\/li>\n<\/ol>\n\n\n\n<div style=\"height:37px\" aria-hidden=\"true\" class=\"wp-block-spacer\"><\/div>\n\n\n\n<p class=\"has-small-font-size\"><em><strong>Fuente: https:\/\/acovi.com.ar<\/strong><\/em><\/p>\n\n\n\n<div style=\"height:32px\" aria-hidden=\"true\" class=\"wp-block-spacer\"><\/div>\n\n\n\n<p><\/p>\n","protected":false},"excerpt":{"rendered":"<p>La Asociaci\u00f3n de Cooperativas Vitivin\u00edcolas de Mendoza (Acovi) realiz\u00f3 su&nbsp;Asamblea General Ordinaria 2025, un acto&hellip;<\/p>\n","protected":false},"author":2,"featured_media":168129,"comment_status":"closed","ping_status":"open","sticky":false,"template":"","format":"standard","meta":{"footnotes":""},"categories":[14],"tags":[],"class_list":["post-168097","post","type-post","status-publish","format-standard","has-post-thumbnail","hentry","category-news"],"_links":{"self":[{"href":"https:\/\/enolife.com.ar\/es\/wp-json\/wp\/v2\/posts\/168097","targetHints":{"allow":["GET"]}}],"collection":[{"href":"https:\/\/enolife.com.ar\/es\/wp-json\/wp\/v2\/posts"}],"about":[{"href":"https:\/\/enolife.com.ar\/es\/wp-json\/wp\/v2\/types\/post"}],"author":[{"embeddable":true,"href":"https:\/\/enolife.com.ar\/es\/wp-json\/wp\/v2\/users\/2"}],"replies":[{"embeddable":true,"href":"https:\/\/enolife.com.ar\/es\/wp-json\/wp\/v2\/comments?post=168097"}],"version-history":[{"count":0,"href":"https:\/\/enolife.com.ar\/es\/wp-json\/wp\/v2\/posts\/168097\/revisions"}],"wp:featuredmedia":[{"embeddable":true,"href":"https:\/\/enolife.com.ar\/es\/wp-json\/wp\/v2\/media\/168129"}],"wp:attachment":[{"href":"https:\/\/enolife.com.ar\/es\/wp-json\/wp\/v2\/media?parent=168097"}],"wp:term":[{"taxonomy":"category","embeddable":true,"href":"https:\/\/enolife.com.ar\/es\/wp-json\/wp\/v2\/categories?post=168097"},{"taxonomy":"post_tag","embeddable":true,"href":"https:\/\/enolife.com.ar\/es\/wp-json\/wp\/v2\/tags?post=168097"}],"curies":[{"name":"wp","href":"https:\/\/api.w.org\/{rel}","templated":true}]}}