{"id":168091,"date":"2025-10-25T16:25:54","date_gmt":"2025-10-25T16:25:54","guid":{"rendered":"https:\/\/enolife.com.ar\/es\/?p=168091"},"modified":"2025-10-26T23:05:13","modified_gmt":"2025-10-26T23:05:13","slug":"una-bodega-de-tunuyan-y-agrarias-premiados-por-el-proyecto-de-elaborar-aceite-de-nuez-de-calidad","status":"publish","type":"post","link":"https:\/\/enolife.com.ar\/es\/una-bodega-de-tunuyan-y-agrarias-premiados-por-el-proyecto-de-elaborar-aceite-de-nuez-de-calidad\/","title":{"rendered":"Una bodega de Tunuy\u00e1n y Agrarias, premiados por el proyecto de elaborar aceite de nuez de calidad"},"content":{"rendered":"\n<h4 class=\"wp-block-heading\"><em><strong>Un equipo de investigaci\u00f3n integrado por alumnos y docentes de la Facultad de Ciencias Agrarias (FCA) de la Universidad Nacional de Cuyo (foto principal), en coordinaci\u00f3n con la bodega Claroscuro de Tunuy\u00e1n, Valle de Uco Mendoza, result\u00f3 ganador del concurso \u00abRetos Tecnol\u00f3gicos 2025\u00bb. La convocatoria fue impulsada por el \u00c1rea de Vinculaci\u00f3n y Transferencia Cient\u00edfico Tecnol\u00f3gica de la UNCuyo. El trabajo realizado se titula \u201cDesarrollo del proceso, producto y aplicaci\u00f3n gastron\u00f3mica para el aceite de nuez para la empresa Alto Real Vi\u00f1edos, Mendoza, Argentina\u201d, y deber\u00e1 ser ejecutado en un lapso de 180 d\u00edas.<\/strong><\/em><\/h4>\n\n\n\n<div style=\"height:35px\" aria-hidden=\"true\" class=\"wp-block-spacer\"><\/div>\n\n\n\n\n\n<div style=\"height:45px\" aria-hidden=\"true\" class=\"wp-block-spacer\"><\/div>\n\n\n\n<p>El proyecto presentado result\u00f3 ganador en uno de los <strong>cinco retos de la Convocatoria Retos Tecnol\u00f3gicos <\/strong>2025, impulsada por el \u00c1rea de Vinculaci\u00f3n y Transferencia Cient\u00edfico Tecnol\u00f3gica de la Universidad Nacional de Cuyo (UNCuyo) y la Fundaci\u00f3n Universidad Nacional de Cuyo (FUNC).<\/p>\n\n\n\n<p>Un equipo de investigaci\u00f3n de la&nbsp;<strong>Facultad de Ciencias Agrarias de la UNCuyo<\/strong>&nbsp;result\u00f3 ganador en la&nbsp;<strong>Convocatoria Retos Tecnol\u00f3gicos 2025<\/strong>. Esta convocatoria tuvo como objetivo promover soluciones innovadoras a desaf\u00edos reales planteados por empresas locales, conectando las capacidades cient\u00edficas de la Universidad con las necesidades del entorno productivo. Bajo esta l\u00f3gica de innovaci\u00f3n abierta e interdisciplinaria,<strong>&nbsp;los proyectos seleccionados reciben financiamiento de hasta $6.000.000<\/strong>&nbsp;y deben ser ejecutados en un plazo m\u00e1ximo de 180 d\u00edas.<\/p>\n\n\n\n<p>Los&nbsp;Retos Tecnol\u00f3gicos 2025&nbsp;se enmarcaron en los ejes estrat\u00e9gicos de la&nbsp;Agenda Territorial Integrada, que incluyen econom\u00eda del conocimiento, salud, alimentos y bioeconom\u00eda, transici\u00f3n energ\u00e9tica y agua. En esta edici\u00f3n, se propusieron cinco desaf\u00edos concretos:<\/p>\n\n\n\n<ol class=\"wp-block-list\">\n<li><strong>Vivero Mercier: <\/strong>Transformaci\u00f3n de producto biotecnol\u00f3gico en una propuesta de alto valor agregado.<\/li>\n\n\n\n<li><strong>INKA Expediciones: <\/strong>Soluci\u00f3n a los residuos fisiol\u00f3gicos en el Parque Aconcagua.<\/li>\n\n\n\n<li><strong>Bodega Claroscuro: <\/strong>Optimizaci\u00f3n del proceso y calidad del aceite de nuez.<\/li>\n\n\n\n<li><strong>Hema:<\/strong> Protocolo de diagn\u00f3stico prenatal de enfermedades gen\u00e9ticas.<\/li>\n\n\n\n<li><strong>Distrocuyo:<\/strong> Aplicaciones de hidr\u00f3geno y celdas de combustible para transporte pesado.<\/li>\n<\/ol>\n\n\n\n<p>El&nbsp;equipo de la FCA&nbsp;fue distinguido por su propuesta presentada en el&nbsp;<strong>Reto N\u00b03: \u201cBodega Claroscuro: Optimizaci\u00f3n del proceso y calidad del aceite de nuez\u201d<\/strong>, con el proyecto titulado&nbsp;\u201cDesarrollo del proceso, producto y aplicaci\u00f3n gastron\u00f3mica para el aceite de nuez para la empresa Alto Real Vi\u00f1edos, Mendoza, Argentina\u201d.<\/p>\n\n\n\n<div style=\"height:32px\" aria-hidden=\"true\" class=\"wp-block-spacer\"><\/div>\n\n\n<div class=\"wp-block-image\">\n<figure class=\"aligncenter size-full is-resized\"><a href=\"https:\/\/enolife.com.ar\/es\/wp-content\/uploads\/2025\/10\/aceite-de-nuez.webp\"><img loading=\"lazy\" decoding=\"async\" width=\"1000\" height=\"522\" src=\"https:\/\/enolife.com.ar\/es\/wp-content\/uploads\/2025\/10\/aceite-de-nuez.webp\" alt=\"\" class=\"wp-image-168176\" style=\"width:718px;height:auto\" srcset=\"https:\/\/enolife.com.ar\/es\/wp-content\/uploads\/2025\/10\/aceite-de-nuez.webp 1000w, https:\/\/enolife.com.ar\/es\/wp-content\/uploads\/2025\/10\/aceite-de-nuez-300x157.webp 300w, https:\/\/enolife.com.ar\/es\/wp-content\/uploads\/2025\/10\/aceite-de-nuez-768x401.webp 768w, https:\/\/enolife.com.ar\/es\/wp-content\/uploads\/2025\/10\/aceite-de-nuez-585x305.webp 585w\" sizes=\"auto, (max-width: 1000px) 100vw, 1000px\" \/><\/a><figcaption class=\"wp-element-caption\"><em><strong>El aceite de nuez es un aceite vegetal extra\u00eddo de las nueces, conocido por ser una rica fuente de \u00e1cidos grasos omega-3, omega-6 y omega-9, adem\u00e1s de vitaminas y minerales como zinc y magnesio. Es ideal para aderezos, vinagretas y platos fr\u00edos, aunque no se recomienda para fre\u00edr debido a su bajo punto de humo. Adem\u00e1s de su uso culinario, es apreciado en cosm\u00e9tica por sus propiedades hidratantes y antioxidantes para la piel y el cabello.<\/strong><\/em><\/figcaption><\/figure><\/div>\n\n\n<div style=\"height:32px\" aria-hidden=\"true\" class=\"wp-block-spacer\"><\/div>\n\n\n\n<p>\u00a0<strong>El grupo est\u00e1 integrado por:<\/strong><\/p>\n\n\n\n<p><strong>Por la Facultad de Ciencias Agrarias:<\/strong><\/p>\n\n\n\n<ul class=\"wp-block-list\">\n<li>Mgtr. Lic. Brom. M\u00f3nica Mir\u00e1bile (directora)<\/li>\n\n\n\n<li>Lic. Brom. Silvina Tessaro<\/li>\n\n\n\n<li>Dra. Carolina Torres<\/li>\n\n\n\n<li>Estudiantes: Brom. Nahir Alach y Brom. Camila Ponce<\/li>\n<\/ul>\n\n\n\n<p><strong>Por el Instituto de Gastronom\u00eda Argentina (IGA):<\/strong><\/p>\n\n\n\n<ul class=\"wp-block-list\">\n<li>Mar\u00eda Laura Zavattieri y la estudiante Paula Bujan<\/li>\n<\/ul>\n\n\n\n<p><strong>Por la empresa Bodega Claroscuro:<\/strong><\/p>\n\n\n\n<ul class=\"wp-block-list\">\n<li>En\u00f3loga Paula Trejo<\/li>\n<\/ul>\n\n\n\n<div style=\"height:31px\" aria-hidden=\"true\" class=\"wp-block-spacer\"><\/div>\n\n\n\n<h3 class=\"wp-block-heading has-text-color has-link-color wp-elements-deee0df9ab7bbd77b737f52c41214861\" style=\"color:#895e3f\">El proyecto busca mejorar el proceso productivo y la calidad sensorial del aceite de nuez elaborado por la empresa Alto Real Vi\u00f1edos SA, adem\u00e1s de desarrollar aplicaciones gastron\u00f3micas que ampl\u00eden las posibilidades comerciales de este producto regional.<\/h3>\n\n\n\n<div style=\"height:32px\" aria-hidden=\"true\" class=\"wp-block-spacer\"><\/div>\n\n\n\n<p>Este tipo de iniciativas consolidan la vinculaci\u00f3n entre la Universidad y el sector productivo, favoreciendo la transferencia de conocimiento cient\u00edfico y tecnol\u00f3gico hacia la industria local. Por su parte, Bodega Claroscuro reafirma su compromiso con la innovaci\u00f3n y el desarrollo sustentable, al apostar por la colaboraci\u00f3n con equipos acad\u00e9micos que aportan investigaci\u00f3n aplicada al sector agroindustrial mendocino.<\/p>\n\n\n\n<div style=\"height:35px\" aria-hidden=\"true\" class=\"wp-block-spacer\"><\/div>\n","protected":false},"excerpt":{"rendered":"<p>Un equipo de investigaci\u00f3n integrado por alumnos y docentes de la Facultad de Ciencias Agrarias&hellip;<\/p>\n","protected":false},"author":2,"featured_media":168094,"comment_status":"closed","ping_status":"open","sticky":false,"template":"","format":"standard","meta":{"footnotes":""},"categories":[8],"tags":[],"class_list":["post-168091","post","type-post","status-publish","format-standard","has-post-thumbnail","hentry","category-tecnologias"],"_links":{"self":[{"href":"https:\/\/enolife.com.ar\/es\/wp-json\/wp\/v2\/posts\/168091","targetHints":{"allow":["GET"]}}],"collection":[{"href":"https:\/\/enolife.com.ar\/es\/wp-json\/wp\/v2\/posts"}],"about":[{"href":"https:\/\/enolife.com.ar\/es\/wp-json\/wp\/v2\/types\/post"}],"author":[{"embeddable":true,"href":"https:\/\/enolife.com.ar\/es\/wp-json\/wp\/v2\/users\/2"}],"replies":[{"embeddable":true,"href":"https:\/\/enolife.com.ar\/es\/wp-json\/wp\/v2\/comments?post=168091"}],"version-history":[{"count":0,"href":"https:\/\/enolife.com.ar\/es\/wp-json\/wp\/v2\/posts\/168091\/revisions"}],"wp:featuredmedia":[{"embeddable":true,"href":"https:\/\/enolife.com.ar\/es\/wp-json\/wp\/v2\/media\/168094"}],"wp:attachment":[{"href":"https:\/\/enolife.com.ar\/es\/wp-json\/wp\/v2\/media?parent=168091"}],"wp:term":[{"taxonomy":"category","embeddable":true,"href":"https:\/\/enolife.com.ar\/es\/wp-json\/wp\/v2\/categories?post=168091"},{"taxonomy":"post_tag","embeddable":true,"href":"https:\/\/enolife.com.ar\/es\/wp-json\/wp\/v2\/tags?post=168091"}],"curies":[{"name":"wp","href":"https:\/\/api.w.org\/{rel}","templated":true}]}}