{"id":168052,"date":"2025-10-25T23:46:09","date_gmt":"2025-10-25T23:46:09","guid":{"rendered":"https:\/\/enolife.com.ar\/es\/?p=168052"},"modified":"2025-10-27T14:56:13","modified_gmt":"2025-10-27T14:56:13","slug":"foros-catas-y-visitas-tecnicas-se-suman-al-congreso-latinoamericano-de-enologia-en-chile","status":"publish","type":"post","link":"https:\/\/enolife.com.ar\/es\/foros-catas-y-visitas-tecnicas-se-suman-al-congreso-latinoamericano-de-enologia-en-chile\/","title":{"rendered":"Foros, catas y visitas t\u00e9cnicas se suman al Congreso Latinoamericano de Enolog\u00eda en Chile"},"content":{"rendered":"\n<h4 class=\"wp-block-heading\"><em><strong>A d\u00edas del inicio de la floraci\u00f3n de la vid, los viticultores y en\u00f3logos de Chile y Latinoam\u00e9rica se preparan para participar de la celebraci\u00f3n del XVII Congreso Latinoamericano de Viticultura y Enolog\u00eda, patrocinado por la Organizaci\u00f3n de la Vid y el Vino (OIV) en Santiago de Chile, entre el 4 y 7 de noviembre pr\u00f3ximo. Adem\u00e1s de un programa con disertadores internacionales de renombre, se podr\u00e1 asistir a sesiones de cata, visitas t\u00e9cnicas a diversos vi\u00f1edos y bodegas chilenas y participar de del Foro y Mesa Redonda \u00abPasado, presente y futuro de la industria latinoamericana\u00bb.<\/strong><\/em><\/h4>\n\n\n\n<div style=\"height:35px\" aria-hidden=\"true\" class=\"wp-block-spacer\"><\/div>\n\n\n\n\n\n<div style=\"height:45px\" aria-hidden=\"true\" class=\"wp-block-spacer\"><\/div>\n\n\n\n<p>El <strong>XVII Congreso Latinoamericano de Viticultura y Enolog\u00eda<\/strong>, a realizarse en <strong>Santiago de Chile<\/strong> del <strong>4 al 7 de noviembre de 2025<\/strong>, contar\u00e1 con reconocidos expositores en materias vitivin\u00edcolas, enol\u00f3gicas, anal\u00edticas, sensoriales, sociales y econ\u00f3micas relativas a la vid y el vino. Adem\u00e1s de las exposiciones, los casi 400 profesionales ya inscriptos en el encuentro tendr\u00e1n la oportunidad de asistir a sesiones de cata y visitas t\u00e9cnicas a diversos vi\u00f1edos y bodegas del pa\u00eds.<\/p>\n\n\n\n<div style=\"height:35px\" aria-hidden=\"true\" class=\"wp-block-spacer\"><\/div>\n\n\n<div class=\"wp-block-image\">\n<figure class=\"aligncenter size-full is-resized\"><a href=\"https:\/\/enolife.com.ar\/es\/wp-content\/uploads\/2025\/10\/Imagen1-23.jpg\" data-rel=\"penci-gallery-image-content\" ><img loading=\"lazy\" decoding=\"async\" width=\"522\" height=\"451\" src=\"https:\/\/enolife.com.ar\/es\/wp-content\/uploads\/2025\/10\/Imagen1-23.jpg\" alt=\"\" class=\"wp-image-168058\" style=\"width:522px;height:auto\" srcset=\"https:\/\/enolife.com.ar\/es\/wp-content\/uploads\/2025\/10\/Imagen1-23.jpg 522w, https:\/\/enolife.com.ar\/es\/wp-content\/uploads\/2025\/10\/Imagen1-23-300x259.jpg 300w\" sizes=\"auto, (max-width: 522px) 100vw, 522px\" \/><\/a><\/figure><\/div>\n\n\n<div style=\"height:35px\" aria-hidden=\"true\" class=\"wp-block-spacer\"><\/div>\n\n\n\n<p class=\"has-background\" style=\"background-color:#abb7c266\"><strong>Ver m\u00e1s detalles del programa <a href=\"https:\/\/jsusjwgbb.cc.rs6.net\/tn.jsp?f=001wwGq-cHho9frxK7FTK5NJzG0MUlRgZglg81bw4DiOQY0TNVLUM1UwybDiXfH_Wdqd63H2wtMgHx1IzkZIxYRmJ4NaudzQ6SFIOGWUdMiGhQxCc3NfUh34kIyYu9_QQkazTmbDGJH5Nx9RGyyotN4yFknLsxPVZhKU93RdET0sL_9Ud8uZbA65Q41aqjqe4myLGEwIuiZHZIxvKNnfxHl1nj_tdsMHJGC0AJSh48f7rA=&amp;c=X_m6nHJ-T04LT6ScgyJo-XcJoxIDPNS0kgWUsoy9-69UMgUXXaMa2Q==&amp;ch=HYXwM_kVlQaDLI6I2pbTPj9DQ-OPq4RlTWD-fBLSTjkQvcJi_MVGdw==\">AQU\u00cd<\/a><\/strong><\/p>\n\n\n\n<div style=\"height:35px\" aria-hidden=\"true\" class=\"wp-block-spacer\"><\/div>\n\n\n\n<p class=\"has-medium-font-size\"><strong>Catas t\u00e9cnicas<\/strong><\/p>\n\n\n\n<p>Para mostrar la diversidad, versatilidad y calidad de la producci\u00f3n vitivin\u00edcola en Chile, una serie de catas t\u00e9cnicas tendr\u00e1n lugar durante el congreso, todas son con cupos limitados y para participar se puede inscribir in situ. Cada cata consistir\u00e1 en una degustaci\u00f3n guiada en torno a un eje tem\u00e1tico, seg\u00fan el siguiente programa:<\/p>\n\n\n\n<ul class=\"wp-block-list\">\n<li><strong>\u00abHistoria y presente del vino Asoleado, un patrimonio del Maule\u00bb <\/strong>(INIA): presentaci\u00f3n de vinos asoleados<\/li>\n\n\n\n<li><strong>\u00abExperiencia Riedel\u00bb<\/strong> (Wine&amp;House): c\u00f3mo el vino se comporta y se percibe seg\u00fan el formato, grosor y capacidad de la copa en que se sirva<\/li>\n\n\n\n<li><strong>VIGNO (Vignadores de Carignan): <\/strong>consolidaci\u00f3n de VIGNO como un modelo \u00fanico de asociatividad y valorizaci\u00f3n patrimonial en torno al Carignan de parras antiguas del Valle del Maule<\/li>\n\n\n\n<li><strong>\u00abPinot noir chileno: identidad y diversidad\u00bb<\/strong> (grupo Pinot noir de Chile): presentaci\u00f3n de las tres macrozonas de Chile con tradici\u00f3n enol\u00f3gica en torno al Pinot noir \u2013 Sur (Malleco), Centro (Leyda\/San Antonio\/Casablanca\/Aconcagua) y Norte Verde (Huasco\/Limar\u00ed)<\/li>\n\n\n\n<li><strong>\u00abEnfoque Org\u00e1nico y Biodin\u00e1mico de la viticultura y enolog\u00eda\u00bb <\/strong>(Vi\u00f1as Biodin\u00e1micas de Chile): viticultura y enolog\u00eda modernas con \u00e9nfasis en la sostenibilidad, la resiliencia del vi\u00f1edo y la producci\u00f3n de vinos de alta calidad a trav\u00e9s de pr\u00e1cticas de manejo org\u00e1nico y biodin\u00e1mico<\/li>\n\n\n\n<li><strong>\u00abPisco Chileno: desde la tradici\u00f3n a la modernizaci\u00f3n de la categor\u00eda\u00bb <\/strong>(Pisco Chile): distintos perfiles del Pisco chileno, desde la producci\u00f3n artesanal hasta la producci\u00f3n a gran escala<\/li>\n<\/ul>\n\n\n\n<div style=\"height:45px\" aria-hidden=\"true\" class=\"wp-block-spacer\"><\/div>\n\n\n\n<p class=\"has-medium-font-size\"><strong>Foro latinoamericano y mesa redonda <\/strong><\/p>\n\n\n\n<p>En esta actividad moderada por el <strong>ingeniero agr\u00f3nomo y en\u00f3logo Cristian Goich<\/strong> y el <strong>cr\u00edtico especializado Joaqu\u00edn Hidalgo, <\/strong>los siguientes representantes de los pa\u00edses miembros de la Asociaci\u00f3n de En\u00f3logos de Am\u00e9rica presentar\u00e1n el pasado, presente y futuro de la industria latinoamericana:<\/p>\n\n\n\n<ul class=\"wp-block-list\">\n<li>Pilar Miranda (Chile)<\/li>\n\n\n\n<li>Daniela Tiezzi (Argentina)<\/li>\n\n\n\n<li>Fernando Piccardo (Uruguay)<\/li>\n\n\n\n<li>Mario Ieggli (Brasil)<\/li>\n<\/ul>\n\n\n\n<p>Luego, los dos moderadores dar\u00e1n paso a una mesa redonda en torno a los diferentes desaf\u00edos actuales de la vi\u00f1a y el vino, generando un interesante espacio de debate en el que podr\u00e1n participar tanto los ponentes como el p\u00fablico presente.<\/p>\n\n\n\n<div style=\"height:35px\" aria-hidden=\"true\" class=\"wp-block-spacer\"><\/div>\n\n\n\n<p class=\"has-medium-font-size\"><strong>Visitas t\u00e9cnicas<\/strong><\/p>\n\n\n\n<p>Desde la Asociaci\u00f3n de Ingenieros Agr\u00f3nomos y En\u00f3logos (Aniae) de Chie planificaron visitas t\u00e9cnicas guiadas por los en\u00f3logos de cada bodega y con los enfoques que se describen a continuaci\u00f3n:<\/p>\n\n\n\n<ul class=\"wp-block-list\">\n<li>Vi\u00f1a El Escorial (Valle del Aconcagua): enoturismo y vinos de altura<\/li>\n\n\n\n<li>Vi\u00f1a Err\u00e1zuriz y Se\u00f1a (Valle del Aconcagua): vinos premium y vi\u00f1edos org\u00e1nicos<\/li>\n\n\n\n<li>Vi\u00f1a Casas del Bosque (Valle de Casablanca): enoturismo y vinos blancos<\/li>\n\n\n\n<li>Vi\u00f1edos Veramonte (Valle de Casablanca): producci\u00f3n org\u00e1nica y biodin\u00e1mica<\/li>\n\n\n\n<li>Villard Fine Wines (Valle de Casablanca): enoturismo y bodega boutique<\/li>\n\n\n\n<li>Vi\u00f1a Haras de Pirque (Valle del Maipo): viticultura y enolog\u00eda<\/li>\n\n\n\n<li>Vi\u00f1a Concha y Toro (Valle del Maipo): tecnolog\u00eda vitivin\u00edcola<\/li>\n\n\n\n<li>Vi\u00f1a Almaviva (Valle del Maipo): vinos premium<\/li>\n\n\n\n<li>Vi\u00f1a Santa Rita (Valle del Maipo): viticultura, enolog\u00eda y enoturismo<\/li>\n\n\n\n<li>Vinos Santa Ema (Valle del Maipo): viticultura y enolog\u00eda<\/li>\n\n\n\n<li>Vi\u00f1a Undurraga (Valle del Maipo): espumantes<\/li>\n\n\n\n<li>Vi\u00f1a El Principal (Valle del Maipo): vinos premium<\/li>\n<\/ul>\n\n\n\n<div style=\"height:35px\" aria-hidden=\"true\" class=\"wp-block-spacer\"><\/div>\n","protected":false},"excerpt":{"rendered":"<p>A d\u00edas del inicio de la floraci\u00f3n de la vid, los viticultores y en\u00f3logos de&hellip;<\/p>\n","protected":false},"author":2,"featured_media":168064,"comment_status":"closed","ping_status":"open","sticky":false,"template":"","format":"standard","meta":{"footnotes":""},"categories":[47],"tags":[],"class_list":["post-168052","post","type-post","status-publish","format-standard","has-post-thumbnail","hentry","category-agenda"],"_links":{"self":[{"href":"https:\/\/enolife.com.ar\/es\/wp-json\/wp\/v2\/posts\/168052","targetHints":{"allow":["GET"]}}],"collection":[{"href":"https:\/\/enolife.com.ar\/es\/wp-json\/wp\/v2\/posts"}],"about":[{"href":"https:\/\/enolife.com.ar\/es\/wp-json\/wp\/v2\/types\/post"}],"author":[{"embeddable":true,"href":"https:\/\/enolife.com.ar\/es\/wp-json\/wp\/v2\/users\/2"}],"replies":[{"embeddable":true,"href":"https:\/\/enolife.com.ar\/es\/wp-json\/wp\/v2\/comments?post=168052"}],"version-history":[{"count":0,"href":"https:\/\/enolife.com.ar\/es\/wp-json\/wp\/v2\/posts\/168052\/revisions"}],"wp:featuredmedia":[{"embeddable":true,"href":"https:\/\/enolife.com.ar\/es\/wp-json\/wp\/v2\/media\/168064"}],"wp:attachment":[{"href":"https:\/\/enolife.com.ar\/es\/wp-json\/wp\/v2\/media?parent=168052"}],"wp:term":[{"taxonomy":"category","embeddable":true,"href":"https:\/\/enolife.com.ar\/es\/wp-json\/wp\/v2\/categories?post=168052"},{"taxonomy":"post_tag","embeddable":true,"href":"https:\/\/enolife.com.ar\/es\/wp-json\/wp\/v2\/tags?post=168052"}],"curies":[{"name":"wp","href":"https:\/\/api.w.org\/{rel}","templated":true}]}}