{"id":168015,"date":"2025-10-24T22:21:34","date_gmt":"2025-10-24T22:21:34","guid":{"rendered":"https:\/\/enolife.com.ar\/es\/?p=168015"},"modified":"2025-10-25T23:45:53","modified_gmt":"2025-10-25T23:45:53","slug":"especialistas-de-10-paises-presentaran-en-mendoza-modelos-de-gestion-eficiente-del-recurso-hidrico","status":"publish","type":"post","link":"https:\/\/enolife.com.ar\/es\/especialistas-de-10-paises-presentaran-en-mendoza-modelos-de-gestion-eficiente-del-recurso-hidrico\/","title":{"rendered":"Especialistas de 10 pa\u00edses presentar\u00e1n en Mendoza modelos de gesti\u00f3n eficiente del recurso h\u00eddrico"},"content":{"rendered":"\n<h4 class=\"wp-block-heading\"><em><strong>Bajo el lema\u00a0\u00abHacia un nuevo acuerdo por el agua\u00bb,\u00a0los d\u00edas 3 y 4 de diciembre se realizar\u00e1 en el Auditorio \u00c1ngel Bustelo de Mendoza, el quinto Congreso Internacional \u00abAgua para el Futuro\u00bb cuyo objetivo es fortalecer la planificaci\u00f3n y la gesti\u00f3n del recurso h\u00eddrico, cada vez m\u00e1s escaso en Mendoza por las escasas nevadas de los \u00faltimos a\u00f1os en la Cordillera de los Andes  (foto principal). Esta edici\u00f3n -de la que participar\u00e1n especialistas locales, nacionales e internacionales provenientes de 10 pa\u00edses- invitar\u00e1 a repensar pr\u00e1cticas, costumbres y modelos de gesti\u00f3n para garantizar el acceso, la sostenibilidad y la equidad en el uso del recurso, frente a los desaf\u00edos del cambio clim\u00e1tico y las transformaciones sociales. <\/strong><\/em><\/h4>\n\n\n\n<div style=\"height:35px\" aria-hidden=\"true\" class=\"wp-block-spacer\"><\/div>\n\n\n<a href=\"https:\/\/www.irrigacion.gov.ar\/web\/\" aria-label=\"irrigaci\u00f3n-1700X500\"><img loading=\"lazy\" decoding=\"async\" src=\"https:\/\/enolife.com.ar\/es\/wp-content\/uploads\/2021\/02\/irrigacion-1700X500.gif\" alt=\"\"  width=\"1700\" height=\"500\"   \/><\/a>\n\n\n<div style=\"height:45px\" aria-hidden=\"true\" class=\"wp-block-spacer\"><\/div>\n\n\n\n<p>El gobernador de la provincia de <strong>Mendoza<\/strong>, <strong>Alfredo Cornejo<\/strong>, junto al superintendente general de <strong>Irrigaci\u00f3n<\/strong>, <strong>Sergio Marinelli<\/strong>, y al ministro de Gobierno, Infraestructura y Desarrollo Territorial, <strong>Natalio Mema<\/strong>, present\u00f3 el <strong>V Congreso Internacional Agua para el Futuro,<\/strong> que tendr\u00e1 lugar los d\u00edas <strong>3 y 4 de diciembre de 2025<\/strong> en el<strong> Auditorio \u00c1ngel Bustelo de la Ciudad de Mendoza.<\/strong><\/p>\n\n\n\n<p>Este a\u00f1o, los organizadores del Congreso prev\u00e9n reunir reunir a unos 100 <strong>especialistas locales, nacionales e internacionales <\/strong>provenientes de <strong>10 pa\u00edses<\/strong>, y convocar a profesionales del agua, responsables pol\u00edticos, investigadores, periodistas y representantes del sector privado y de organizaciones de la sociedad civil.<\/p>\n\n\n\n<p>El encuentro se propone como un <strong>espacio de di\u00e1logo e intercambio de experiencias<\/strong> <strong>orientado a construir un nuevo acuerdo por el agua<\/strong>, que trascienda lo t\u00e9cnico y normativo para incorporar tambi\u00e9n una dimensi\u00f3n cultural y educativa.<\/p>\n\n\n\n<p>Bajo el lema&nbsp;<strong>\u00abHacia un nuevo acuerdo por el agua\u00bb<\/strong>,&nbsp;el Congreso invitar\u00e1 a repensar pr\u00e1cticas, costumbres y modelos de gesti\u00f3n para garantizar el acceso, la sostenibilidad y la equidad en el uso del recurso, frente a los desaf\u00edos del cambio clim\u00e1tico y las transformaciones sociales.<\/p>\n\n\n\n<p><em>\u201cLa gesti\u00f3n del agua en un mundo en constante cambio requiere innovaci\u00f3n y adaptaci\u00f3n\u201d<\/em>, destacaron los organizadores, haciendo \u00e9nfasis en aque el agua es un factor determinante para el desarrollo y la calidad de vida de las comunidades. En territorios naturalmente \u00e1ridos como Mendoza, la supervivencia ha dependido hist\u00f3ricamente de la capacidad de planificar, administrar y proteger este recurso esencial.<\/p>\n\n\n\n<div style=\"height:35px\" aria-hidden=\"true\" class=\"wp-block-spacer\"><\/div>\n\n\n<div class=\"wp-block-image\">\n<figure class=\"aligncenter size-full is-resized\"><a href=\"https:\/\/enolife.com.ar\/es\/wp-content\/uploads\/2025\/10\/DSC04247-1080x720-1.jpg\" data-rel=\"penci-gallery-image-content\" ><img loading=\"lazy\" decoding=\"async\" width=\"795\" height=\"500\" src=\"https:\/\/enolife.com.ar\/es\/wp-content\/uploads\/2025\/10\/DSC04247-1080x720-1.jpg\" alt=\"\" class=\"wp-image-168035\" style=\"width:651px;height:auto\" srcset=\"https:\/\/enolife.com.ar\/es\/wp-content\/uploads\/2025\/10\/DSC04247-1080x720-1.jpg 795w, https:\/\/enolife.com.ar\/es\/wp-content\/uploads\/2025\/10\/DSC04247-1080x720-1-300x189.jpg 300w, https:\/\/enolife.com.ar\/es\/wp-content\/uploads\/2025\/10\/DSC04247-1080x720-1-768x483.jpg 768w, https:\/\/enolife.com.ar\/es\/wp-content\/uploads\/2025\/10\/DSC04247-1080x720-1-585x368.jpg 585w\" sizes=\"auto, (max-width: 795px) 100vw, 795px\" \/><\/a><figcaption class=\"wp-element-caption\"><em><strong>Sergio Marinelli, Alfredo Cornejo y Natalio Mema<\/strong><\/em>.<\/figcaption><\/figure><\/div>\n\n\n<div style=\"height:35px\" aria-hidden=\"true\" class=\"wp-block-spacer\"><\/div>\n\n\n\n<p>Durante el lanzamiento del Congreso en la Casa de Gobierno, Cornejo<strong> <\/strong>dijo que el encuentro constituye una instancia clave para fortalecer el intercambio de informaci\u00f3n y experiencias sobre la gesti\u00f3n h\u00eddrica. Destac\u00f3 que <em>\u201cla conexi\u00f3n y la fluidez en los v\u00ednculos internacionales nos van a llevar a un mejor lugar del que estamos\u201d.<\/em><\/p>\n\n\n\n<p>El gobernador valor\u00f3 la trayectoria institucional de Mendoza en materia de administraci\u00f3n del agua, que se remonta incluso a antes de la actual Constituci\u00f3n provincial, y se\u00f1al\u00f3 que esa solidez<em> \u201cha sido hist\u00f3ricamente reconocida en el mundo\u201d.<\/em><\/p>\n\n\n\n<p>Explic\u00f3 que la provincia cuenta con una institucionalidad fuerte en lo que respecta a la administraci\u00f3n del agua, lo que le otorga prestigio internacional en este terreno, al punto tal de que t\u00e9cnicos y especialistas locales fueron durante a\u00f1os referentes en foros globales. Sin embargo, advirti\u00f3 que el deterioro econ\u00f3mico nacional y el impacto del cambio clim\u00e1tico modificaron ese escenario.<\/p>\n\n\n\n<p><em>\u201cEl cambio clim\u00e1tico se manifiesta en todas partes, pero en las zonas \u00e1ridas lo hace con una menor cantidad de agua, categ\u00f3ricamente\u201d<\/em>, se\u00f1al\u00f3 el mandatario. En ese contexto, destac\u00f3 que la provincia trabaja en planes espec\u00edficos para anticiparse a la escasez del recurso, acompa\u00f1ados por una nueva legislaci\u00f3n que contemple tanto el presente como el futuro. <em>\u201cNo se trata de alarmar a la ciudadan\u00eda, sino de asumir que habr\u00e1 menos agua y actuar en consecuencia, optimizando el recurso para que siga sirviendo a todas las actividades y al desarrollo de Mendoza\u201d<\/em>, expres\u00f3.<\/p>\n\n\n\n<p>Cornejo tambi\u00e9n hizo hincapi\u00e9 en que esa tarea requiere planificaci\u00f3n, institucionalidad, legislaci\u00f3n moderna y financiamiento sostenido. Record\u00f3 que en los \u00faltimos a\u00f1os Irrigaci\u00f3n duplic\u00f3 su inversi\u00f3n anual en obras vinculadas al agua, alcanzando niveles hist\u00f3ricos. <em>\u201cHemos pasado de inversiones anuales de 40 millones a casi el doble, y eso es muy relevante\u201d<\/em>, indic\u00f3. Detall\u00f3 que la empresa estatal <strong>Aysam<\/strong> <em>\u201cest\u00e1 llevando adelante la inversi\u00f3n m\u00e1s grande en agua y saneamiento de la historia de Mendoza\u201d<\/em>, luego de d\u00e9cadas de desinversi\u00f3n.<\/p>\n\n\n\n<p>Posteriormente<strong>, Marinelli<\/strong> explic\u00f3 que esta nueva edici\u00f3n tiene como objetivo profundizar la planificaci\u00f3n de la gesti\u00f3n h\u00eddrica provincial, abordando los desaf\u00edos actuales y futuros del recurso en un contexto de cambio clim\u00e1tico, crecimiento poblacional y nuevas demandas sociales y ambientales.<\/p>\n\n\n\n<div style=\"height:35px\" aria-hidden=\"true\" class=\"wp-block-spacer\"><\/div>\n\n\n<div class=\"wp-block-image\">\n<figure class=\"aligncenter size-full is-resized\"><a href=\"https:\/\/enolife.com.ar\/es\/wp-content\/uploads\/2025\/10\/487477090_1218551553605950_7048812294474787941_n.jpg\" data-rel=\"penci-gallery-image-content\" ><img loading=\"lazy\" decoding=\"async\" width=\"906\" height=\"500\" src=\"https:\/\/enolife.com.ar\/es\/wp-content\/uploads\/2025\/10\/487477090_1218551553605950_7048812294474787941_n.jpg\" alt=\"\" class=\"wp-image-168038\" style=\"width:678px;height:auto\" srcset=\"https:\/\/enolife.com.ar\/es\/wp-content\/uploads\/2025\/10\/487477090_1218551553605950_7048812294474787941_n.jpg 906w, https:\/\/enolife.com.ar\/es\/wp-content\/uploads\/2025\/10\/487477090_1218551553605950_7048812294474787941_n-300x166.jpg 300w, https:\/\/enolife.com.ar\/es\/wp-content\/uploads\/2025\/10\/487477090_1218551553605950_7048812294474787941_n-768x424.jpg 768w, https:\/\/enolife.com.ar\/es\/wp-content\/uploads\/2025\/10\/487477090_1218551553605950_7048812294474787941_n-585x323.jpg 585w\" sizes=\"auto, (max-width: 906px) 100vw, 906px\" \/><\/a><figcaption class=\"wp-element-caption\"><em><strong>Sergio Marinelli, titular de Irrigaci\u00f3n.<\/strong><\/em><\/figcaption><\/figure><\/div>\n\n\n<div style=\"height:35px\" aria-hidden=\"true\" class=\"wp-block-spacer\"><\/div>\n\n\n\n<p>Record\u00f3 que el primer Congreso se realiz\u00f3 en 2017, poco tiempo despu\u00e9s de haber iniciado su primera gesti\u00f3n, y destac\u00f3 que aquella experiencia fue el punto de partida para construir una pol\u00edtica de planificaci\u00f3n sostenida en el tiempo.<\/p>\n\n\n\n<p>El funcionario se\u00f1al\u00f3 que <em>\u201cfue la base de lo que es la planificaci\u00f3n de gesti\u00f3n y que aspira a ser la planificaci\u00f3n futura del agua en Mendoza\u201d<\/em>, y valor\u00f3 las <em>\u201clecciones aprendidas\u201d <\/em>a partir del intercambio con pa\u00edses con larga trayectoria en materia de eficiencia h\u00eddrica<strong>,<\/strong> como Espa\u00f1a.<\/p>\n\n\n\n<p>Luego indic\u00f3 que el lema de esta nueva edici\u00f3n,&nbsp;<em>\u00abUn nuevo acuerdo por el agua\u00bb<\/em>, busca actualizar la visi\u00f3n colectiva sobre un recurso cuya gesti\u00f3n fue hist\u00f3ricamente ejemplar, pero que hoy enfrenta nuevos desaf\u00edos. Marinelli expres\u00f3 que <em>\u201ca fines del siglo XIX, los mendocinos lograron una ley tan sabia que a\u00fan est\u00e1 vigente\u201d<\/em>, aunque en un contexto distinto, cuando la provincia ten\u00eda una poblaci\u00f3n menor y una estructura productiva acotada.<\/p>\n\n\n\n<p>En la actualidad, explic\u00f3, la planificaci\u00f3n debe integrar tres dimensiones (econ\u00f3mica, social y ambiental) y atender tanto la disponibilidad como la calidad y la reutilizaci\u00f3n del agua.<em> \u201cSi en las actividades de mayor consumo, como el agro, hay buena infraestructura y un manejo adecuado, pero cada productor no administra correctamente el turno que le corresponde, no se logra el objetivo\u201d<\/em>, afirm\u00f3.<\/p>\n\n\n\n<p>El titular de Irrigaci\u00f3n detall\u00f3 que el Congreso reunir\u00e1 a especialistas nacionales e internacionales y a organismos de referencia global como la <strong>Unesco<\/strong>, la <strong>Cepal<\/strong>, el <strong>Banco Mundial <\/strong>y el <strong>Consejo Latinoamericano del Agua<\/strong>. Adem\u00e1s, participar\u00e1n el <strong>Consejo H\u00eddrico Federal<\/strong>, la <strong>Federaci\u00f3n de Entes Reguladores de Energ\u00eda<\/strong> y autoridades de organismos de control del agua potable y saneamiento de distintos pa\u00edses.<\/p>\n\n\n\n<div style=\"height:35px\" aria-hidden=\"true\" class=\"wp-block-spacer\"><\/div>\n\n\n<div class=\"wp-block-image\">\n<figure class=\"aligncenter size-full is-resized\"><a href=\"https:\/\/enolife.com.ar\/es\/wp-content\/uploads\/2025\/10\/DSC_8147_0.jpg\" data-rel=\"penci-gallery-image-content\" ><img loading=\"lazy\" decoding=\"async\" width=\"968\" height=\"500\" src=\"https:\/\/enolife.com.ar\/es\/wp-content\/uploads\/2025\/10\/DSC_8147_0.jpg\" alt=\"\" class=\"wp-image-168045\" style=\"width:662px;height:auto\" srcset=\"https:\/\/enolife.com.ar\/es\/wp-content\/uploads\/2025\/10\/DSC_8147_0.jpg 968w, https:\/\/enolife.com.ar\/es\/wp-content\/uploads\/2025\/10\/DSC_8147_0-300x155.jpg 300w, https:\/\/enolife.com.ar\/es\/wp-content\/uploads\/2025\/10\/DSC_8147_0-768x397.jpg 768w, https:\/\/enolife.com.ar\/es\/wp-content\/uploads\/2025\/10\/DSC_8147_0-585x302.jpg 585w\" sizes=\"auto, (max-width: 968px) 100vw, 968px\" \/><\/a><\/figure><\/div>\n\n\n<div style=\"height:35px\" aria-hidden=\"true\" class=\"wp-block-spacer\"><\/div>\n\n\n\n<p>Finalmente, Marinelli destac\u00f3 que el encuentro pondr\u00e1 un <strong>fuerte acento en la educaci\u00f3n y la cultura del agua,<\/strong> con actividades paralelas en el hall del Auditorio \u00c1ngel Bustelo y la posibilidad de seguir las charlas de manera presencial o virtual. <em>\u201cVamos a tocar todos los aspectos que tienen que ver con el agua y rematamos con lo m\u00e1s importante, que es la educaci\u00f3n\u201d<\/em>, sostuvo.<\/p>\n\n\n\n<p>Por su parte, <strong>Natalio Mema <\/strong>explic\u00f3 que desde 2017 Mendoza ha sostenido una pol\u00edtica de inversi\u00f3n continua en infraestructura h\u00eddrica y sanitaria. <em>\u201cHoy, ocho a\u00f1os despu\u00e9s de aquel primer evento, podemos decir que hemos avanzado con m\u00e1s de 200 millones de d\u00f3lares en obras de agua, tanto para el consumo como para el saneamiento\u201d<\/em>, precis\u00f3.<\/p>\n\n\n\n<p>Agreg\u00f3 que la provincia ya comenz\u00f3 a trabajar en el re\u00faso del agua tratada, <em>\u201ccomo una forma de multiplicar su aprovechamiento\u201d<\/em>, fortaleciendo el v\u00ednculo entre los operadores de agua y el Departamento General de Irrigaci\u00f3n.<\/p>\n\n\n\n<p>El ministro valor\u00f3 la presencia de organismos internacionales y de especialistas que aportar\u00e1n su experiencia y distintos modelos de gobernanza del recurso. Se\u00f1al\u00f3 que <em>\u201cel agua genera muchas tensiones por los intereses leg\u00edtimos que confluyen en su uso\u201d <\/em>y que la diversidad de visiones<em> \u201cpermite comparar, aprender y mejorar las propias pr\u00e1cticas\u201d.<\/em><\/p>\n\n\n\n<div style=\"height:35px\" aria-hidden=\"true\" class=\"wp-block-spacer\"><\/div>\n\n\n<div class=\"wp-block-image\">\n<figure class=\"aligncenter size-full is-resized\"><a href=\"https:\/\/enolife.com.ar\/es\/wp-content\/uploads\/2025\/10\/afua-futuro-3-medium-size.jpg\" data-rel=\"penci-gallery-image-content\" ><img loading=\"lazy\" decoding=\"async\" width=\"803\" height=\"445\" src=\"https:\/\/enolife.com.ar\/es\/wp-content\/uploads\/2025\/10\/afua-futuro-3-medium-size.jpg\" alt=\"\" class=\"wp-image-168041\" style=\"width:657px;height:auto\" srcset=\"https:\/\/enolife.com.ar\/es\/wp-content\/uploads\/2025\/10\/afua-futuro-3-medium-size.jpg 803w, https:\/\/enolife.com.ar\/es\/wp-content\/uploads\/2025\/10\/afua-futuro-3-medium-size-300x166.jpg 300w, https:\/\/enolife.com.ar\/es\/wp-content\/uploads\/2025\/10\/afua-futuro-3-medium-size-768x426.jpg 768w, https:\/\/enolife.com.ar\/es\/wp-content\/uploads\/2025\/10\/afua-futuro-3-medium-size-585x324.jpg 585w\" sizes=\"auto, (max-width: 803px) 100vw, 803px\" \/><\/a><\/figure><\/div>\n\n\n<div style=\"height:35px\" aria-hidden=\"true\" class=\"wp-block-spacer\"><\/div>\n\n\n\n<p>Asimismo, destac\u00f3 que Mendoza atraviesa un proceso de modernizaci\u00f3n institucional en materia de control y regulaci\u00f3n. <em>\u201cVenimos de un a\u00f1o en el cual hemos redefinido el rol de Irrigaci\u00f3n en el control de los operadores de agua, con una nueva legislaci\u00f3n que comienza a dar sus primeros frutos\u201d<\/em>, indic\u00f3, y remarc\u00f3 la importancia de fortalecer tanto a los prestadores p\u00fablicos como a los de gesti\u00f3n comunitaria.<\/p>\n\n\n\n<p>Para cerrar, Mema advirti\u00f3 sobre el impacto que el crecimiento urbano desordenado ha tenido en el uso del agua y en la protecci\u00f3n del cintur\u00f3n verde productivo. En ese sentido, expres\u00f3 que <em>\u201cese es el contexto y el desaf\u00edo: contar lo que estamos haciendo, escuchar c\u00f3mo lo est\u00e1n haciendo en otros lugares y seguir avanzando en la pregunta que gu\u00eda nuestra gesti\u00f3n, que es c\u00f3mo lo podemos hacer mejor\u201d<\/em>.<\/p>\n\n\n\n<div style=\"height:35px\" aria-hidden=\"true\" class=\"wp-block-spacer\"><\/div>\n\n\n\n<p class=\"has-medium-font-size\"><strong>Detalles de la actividad<\/strong><\/p>\n\n\n\n<p>El programa incluir\u00e1 tres mesas tem\u00e1ticas principales: <\/p>\n\n\n\n<ul class=\"wp-block-list\">\n<li>Gesti\u00f3n urbana del agua<\/li>\n\n\n\n<li>Agua y econom\u00eda <\/li>\n\n\n\n<li>Agua y mujer<\/li>\n<\/ul>\n\n\n\n<p>A lo largo de las dos jornadas se desarrollar\u00e1n paneles sobre <strong>planificaci\u00f3n h\u00eddrica, regulaci\u00f3n y control del recurso, eficiencia, cambio clim\u00e1tico, educaci\u00f3n, cultura y preservaci\u00f3n de la calidad del agua, entre otros temas.<\/strong><\/p>\n\n\n\n<p>En forma paralela se realizar\u00e1n distintas actividades abiertas al p\u00fablico como:<\/p>\n\n\n\n<ul class=\"wp-block-list\">\n<li>Mesas de expertos: espacios de intercambio entre profesionales y especialistas.<\/li>\n\n\n\n<li>Ferias Creagua y Reciclar por el agua.<\/li>\n\n\n\n<li>Exposiciones art\u00edsticas y visitas de campo.<\/li>\n\n\n\n<li>Concurso de cuentos cortos sobre \u201cLas mujeres y el agua en tiempos de cambio clim\u00e1tico\u201d.<\/li>\n\n\n\n<li>Concurso Ideagua, que convoc\u00f3 a estudiantes secundarios de escuelas art\u00edsticas a crear afiches alusivos al Congreso.<\/li>\n\n\n\n<li>Muestra de cortos&nbsp;\u00abHistorias por el agua\u00bb,&nbsp;con producciones seleccionadas del festival internacional que aborda la tem\u00e1tica h\u00eddrica, a la que asistir\u00e1n destacados directores locales y extranjeros.<\/li>\n<\/ul>\n\n\n\n<div style=\"height:22px\" aria-hidden=\"true\" class=\"wp-block-spacer\"><\/div>\n\n\n\n<p class=\"has-background\" style=\"background-color:#abb7c269\"><strong>La participaci\u00f3n es libre y gratuita, con inscripci\u00f3n previa a trav\u00e9s del sitio oficial&nbsp;<a href=\"http:\/\/www.congresoaguaparaelfuturo.com\/\">www.congresoaguaparaelfuturo.com<\/a><\/strong><\/p>\n\n\n\n<div style=\"height:35px\" aria-hidden=\"true\" class=\"wp-block-spacer\"><\/div>\n\n\n\n<p class=\"has-small-font-size\"><em><strong>Fuente: Prensa de Gobierno de Mendoza<\/strong><\/em><\/p>\n\n\n\n<div style=\"height:28px\" aria-hidden=\"true\" class=\"wp-block-spacer\"><\/div>\n","protected":false},"excerpt":{"rendered":"<p>Bajo el lema\u00a0\u00abHacia un nuevo acuerdo por el agua\u00bb,\u00a0los d\u00edas 3 y 4 de diciembre&hellip;<\/p>\n","protected":false},"author":2,"featured_media":168157,"comment_status":"closed","ping_status":"open","sticky":false,"template":"","format":"standard","meta":{"footnotes":""},"categories":[47],"tags":[],"class_list":["post-168015","post","type-post","status-publish","format-standard","has-post-thumbnail","hentry","category-agenda"],"_links":{"self":[{"href":"https:\/\/enolife.com.ar\/es\/wp-json\/wp\/v2\/posts\/168015","targetHints":{"allow":["GET"]}}],"collection":[{"href":"https:\/\/enolife.com.ar\/es\/wp-json\/wp\/v2\/posts"}],"about":[{"href":"https:\/\/enolife.com.ar\/es\/wp-json\/wp\/v2\/types\/post"}],"author":[{"embeddable":true,"href":"https:\/\/enolife.com.ar\/es\/wp-json\/wp\/v2\/users\/2"}],"replies":[{"embeddable":true,"href":"https:\/\/enolife.com.ar\/es\/wp-json\/wp\/v2\/comments?post=168015"}],"version-history":[{"count":0,"href":"https:\/\/enolife.com.ar\/es\/wp-json\/wp\/v2\/posts\/168015\/revisions"}],"wp:featuredmedia":[{"embeddable":true,"href":"https:\/\/enolife.com.ar\/es\/wp-json\/wp\/v2\/media\/168157"}],"wp:attachment":[{"href":"https:\/\/enolife.com.ar\/es\/wp-json\/wp\/v2\/media?parent=168015"}],"wp:term":[{"taxonomy":"category","embeddable":true,"href":"https:\/\/enolife.com.ar\/es\/wp-json\/wp\/v2\/categories?post=168015"},{"taxonomy":"post_tag","embeddable":true,"href":"https:\/\/enolife.com.ar\/es\/wp-json\/wp\/v2\/tags?post=168015"}],"curies":[{"name":"wp","href":"https:\/\/api.w.org\/{rel}","templated":true}]}}