{"id":167979,"date":"2025-10-23T21:56:19","date_gmt":"2025-10-23T21:56:19","guid":{"rendered":"https:\/\/enolife.com.ar\/es\/?p=167979"},"modified":"2025-10-24T13:04:25","modified_gmt":"2025-10-24T13:04:25","slug":"el-inta-la-consulta-capacitara-a-operarios-de-vinas-y-bodegas-en-labores-de-primavera-y-verano","status":"publish","type":"post","link":"https:\/\/enolife.com.ar\/es\/el-inta-la-consulta-capacitara-a-operarios-de-vinas-y-bodegas-en-labores-de-primavera-y-verano\/","title":{"rendered":"El INTA La Consulta capacitar\u00e1 a operarios de vi\u00f1as y bodegas en labores de primavera y verano"},"content":{"rendered":"\n<h4 class=\"wp-block-heading\"><em><strong>El 29 de octubre, en el INTA EEA La Consulta (San Carlos, Valle de Uco, Mendoza), se dar\u00e1 inicio al curso gratuito \u201cOperario de vi\u00f1a, labores primavera-verano\u201d. Se trata de una propuesta de formaci\u00f3n presencial de 8 encuentros, en los que los participantes podr\u00e1n fortalecer sus conocimientos sobre las principales labores de la temporada. Los cupos son limitados, con previa inscripci\u00f3n gratuita.<\/strong><\/em><\/h4>\n\n\n\n<div style=\"height:35px\" aria-hidden=\"true\" class=\"wp-block-spacer\"><\/div>\n\n\n\n\n\n<div style=\"height:45px\" aria-hidden=\"true\" class=\"wp-block-spacer\"><\/div>\n\n\n<div class=\"wp-block-image\">\n<figure class=\"alignleft size-large is-resized\"><a href=\"https:\/\/enolife.com.ar\/es\/wp-content\/uploads\/2025\/10\/WhatsApp-Image-2025-10-22-at-18.18.15.jpeg\" data-rel=\"penci-gallery-image-content\" ><img loading=\"lazy\" decoding=\"async\" width=\"819\" height=\"1024\" src=\"https:\/\/enolife.com.ar\/es\/wp-content\/uploads\/2025\/10\/WhatsApp-Image-2025-10-22-at-18.18.15-819x1024.jpeg\" alt=\"\" class=\"wp-image-167990\" style=\"width:199px;height:auto\" srcset=\"https:\/\/enolife.com.ar\/es\/wp-content\/uploads\/2025\/10\/WhatsApp-Image-2025-10-22-at-18.18.15-819x1024.jpeg 819w, https:\/\/enolife.com.ar\/es\/wp-content\/uploads\/2025\/10\/WhatsApp-Image-2025-10-22-at-18.18.15-240x300.jpeg 240w, https:\/\/enolife.com.ar\/es\/wp-content\/uploads\/2025\/10\/WhatsApp-Image-2025-10-22-at-18.18.15-768x960.jpeg 768w, https:\/\/enolife.com.ar\/es\/wp-content\/uploads\/2025\/10\/WhatsApp-Image-2025-10-22-at-18.18.15-585x731.jpeg 585w, https:\/\/enolife.com.ar\/es\/wp-content\/uploads\/2025\/10\/WhatsApp-Image-2025-10-22-at-18.18.15.jpeg 1081w\" sizes=\"auto, (max-width: 819px) 100vw, 819px\" \/><\/a><\/figure><\/div>\n\n\n<p>Las <strong>labores culturales en vi\u00f1edos<\/strong>&nbsp;son aquellos trabajos que se realizan de forma peri\u00f3dica con el prop\u00f3sito de cuidar, potenciar y aprovechar al m\u00e1ximo su producci\u00f3n.<\/p>\n\n\n\n<p>Hacia el final de la primavera y el inicio del verano, \u00e9poca de mayor requerimiento h\u00eddrico, se necesita gran cantidad de mano de obra y un alto nivel de planificaci\u00f3n, para alcanzar los niveles cosecha y calidad esperados.<\/p>\n\n\n\n<p>Para llevar adelante estas tareas de manera eficiente, el <strong>INTA EEA La Consulta<\/strong>, dictar\u00e1 una <strong>capacitaci\u00f3n gratuita sobre las labores de primavera-verano<\/strong>, a partir del <strong>29 de octubre, de 9 a 12 hs<\/strong>, destinada a operarios de vi\u00f1a de fincas y bodegas del Valle de Uco. <\/p>\n\n\n\n<p>Durante <strong>8 encuentros presenciales de 3 horas cada uno<\/strong> se brindar\u00e1 un aprendizaje pr\u00e1ctico, pensado para acompa\u00f1ar el desarrollo del trabajo en el vi\u00f1edo y contribuir a una producci\u00f3n m\u00e1s eficiente y sustentable. Se entregar\u00e1n <strong>certificados de participaci\u00f3n.<\/strong><\/p>\n\n\n\n<p class=\"has-background\" style=\"background-color:#abb7c242\"><strong>Inscripciones en <a href=\"https:\/\/docs.google.com\/forms\/d\/e\/1FAIpQLSdR_BwZUlj4FuBVSL1g3-otR1Ep09NTMdQf6O2iPDUcOxlKvQ\/viewform\">este link<\/a><\/strong><\/p>\n\n\n\n<div style=\"height:10px\" aria-hidden=\"true\" class=\"wp-block-spacer\"><\/div>\n\n\n\n<p><strong>Los temas que se abordar\u00e1n son:<\/strong><\/p>\n\n\n\n<ul class=\"wp-block-list\">\n<li>Poda en verde<\/li>\n\n\n\n<li>Desbrote, despampanado y cruzado de brotes<\/li>\n\n\n\n<li>Suelo y labranzas<\/li>\n\n\n\n<li>Manejo de plagas y enfermedades<\/li>\n\n\n\n<li>Maquinarias y herramientas<\/li>\n\n\n\n<li>Riego superficial y presurizado<\/li>\n\n\n\n<li>Vi\u00f1edos org\u00e1nicos y biodin\u00e1micos<br><\/li>\n<\/ul>\n\n\n\n<p class=\"has-background\" style=\"background-color:#abb7c242\">Para mayor <strong>informaci\u00f3n, <\/strong>consultar a <strong>+54 9 2622 571 065 (Cintia)<\/strong> o <strong>+54 9 2622 228 313 (Federica)<\/strong>, o bien en la oficina en la Agencia de Extensi\u00f3n INTA La Consulta, ex Ruta 40 Km 96, La Consulta, San Carlos Mendoza.<\/p>\n\n\n\n<div style=\"height:35px\" aria-hidden=\"true\" class=\"wp-block-spacer\"><\/div>\n","protected":false},"excerpt":{"rendered":"<p>El 29 de octubre, en el INTA EEA La Consulta (San Carlos, Valle de Uco,&hellip;<\/p>\n","protected":false},"author":2,"featured_media":168004,"comment_status":"closed","ping_status":"open","sticky":false,"template":"","format":"standard","meta":{"footnotes":""},"categories":[47],"tags":[],"class_list":["post-167979","post","type-post","status-publish","format-standard","has-post-thumbnail","hentry","category-agenda"],"_links":{"self":[{"href":"https:\/\/enolife.com.ar\/es\/wp-json\/wp\/v2\/posts\/167979","targetHints":{"allow":["GET"]}}],"collection":[{"href":"https:\/\/enolife.com.ar\/es\/wp-json\/wp\/v2\/posts"}],"about":[{"href":"https:\/\/enolife.com.ar\/es\/wp-json\/wp\/v2\/types\/post"}],"author":[{"embeddable":true,"href":"https:\/\/enolife.com.ar\/es\/wp-json\/wp\/v2\/users\/2"}],"replies":[{"embeddable":true,"href":"https:\/\/enolife.com.ar\/es\/wp-json\/wp\/v2\/comments?post=167979"}],"version-history":[{"count":0,"href":"https:\/\/enolife.com.ar\/es\/wp-json\/wp\/v2\/posts\/167979\/revisions"}],"wp:featuredmedia":[{"embeddable":true,"href":"https:\/\/enolife.com.ar\/es\/wp-json\/wp\/v2\/media\/168004"}],"wp:attachment":[{"href":"https:\/\/enolife.com.ar\/es\/wp-json\/wp\/v2\/media?parent=167979"}],"wp:term":[{"taxonomy":"category","embeddable":true,"href":"https:\/\/enolife.com.ar\/es\/wp-json\/wp\/v2\/categories?post=167979"},{"taxonomy":"post_tag","embeddable":true,"href":"https:\/\/enolife.com.ar\/es\/wp-json\/wp\/v2\/tags?post=167979"}],"curies":[{"name":"wp","href":"https:\/\/api.w.org\/{rel}","templated":true}]}}