{"id":167915,"date":"2025-10-26T15:45:22","date_gmt":"2025-10-26T15:45:22","guid":{"rendered":"https:\/\/enolife.com.ar\/es\/?p=167915"},"modified":"2025-10-28T10:20:41","modified_gmt":"2025-10-28T10:20:41","slug":"hasta-el-3-11-anotan-a-vinateros-de-san-rafael-con-dano-por-granizo-para-poder-cobrar-el-seguro","status":"publish","type":"post","link":"https:\/\/enolife.com.ar\/es\/hasta-el-3-11-anotan-a-vinateros-de-san-rafael-con-dano-por-granizo-para-poder-cobrar-el-seguro\/","title":{"rendered":"Hasta el 3\/11 anotan a vi\u00f1ateros de San Rafael con da\u00f1o por granizo, para poder cobrar el seguro"},"content":{"rendered":"\n<h4 class=\"wp-block-heading\"><em><strong>El lunes 20 de octubre pasado, las zona de Cuadro Benegas y Las Pared, en el departamento de San Rafael, Mendoza, fueron sorprendidas por una intensa granizada. Al respecto, la Direcci\u00f3n de Contingencias Clim\u00e1ticas (DCC) inform\u00f3 que est\u00e1 abierto el registro para los productores que sufrieron da\u00f1os y que aspiren a una compensaci\u00f3n econ\u00f3mica. Hay tiempo hasta el 3\/11\/25 para hacer las denuncias correspondientes, de manera virtual a trav\u00e9s del Sistema de Informaci\u00f3n Agr\u00edcola, o de manera presencial en las delegaciones y centros receptores habilitados.<\/strong><\/em><\/h4>\n\n\n\n<div style=\"height:35px\" aria-hidden=\"true\" class=\"wp-block-spacer\"><\/div>\n\n\n<a href=\"https:\/\/www.irrigacion.gov.ar\/web\/\" aria-label=\"irrigaci\u00f3n-1700X500\"><img loading=\"lazy\" decoding=\"async\" src=\"https:\/\/enolife.com.ar\/es\/wp-content\/uploads\/2021\/02\/irrigacion-1700X500.gif\" alt=\"\"  width=\"1700\" height=\"500\"   \/><\/a>\n\n\n<div style=\"height:35px\" aria-hidden=\"true\" class=\"wp-block-spacer\"><\/div>\n\n\n\n<p>La Direcci\u00f3n de Contingencias Clim\u00e1ticas (DCC) inform\u00f3 que los productores agr\u00edcolas de los distritos afectados por la tormenta del 20 de octubre de 2025 pueden realizar la denuncia por da\u00f1os de manera virtual a trav\u00e9s del Sistema de Informaci\u00f3n Agr\u00edcola (<a href=\"http:\/\/www.sia.mendoza.gov.ar\/\" target=\"_blank\" rel=\"noreferrer noopener\"><strong>www.sia.mendoza.gov.ar<\/strong><\/a>), o presencialmente en las delegaciones y centros receptores habilitados, con un tiempo l\u00edmite hasta el 3 de noviembre pr\u00f3ximo.<\/p>\n\n\n\n<p>De acuerdo con la informaci\u00f3n registrada por los radares de la DCC, en la tarde del lunes 20 de octubre se detectaron celdas graniceras que provocaron precipitaciones y da\u00f1os en \u00e1reas cultivadas de distritos del norte de San Rafael, principalmente en <strong>Cuadro Benegas y Las Paredes.<\/strong><\/p>\n\n\n\n<p>El plazo para realizar el tr\u00e1mite se extiende <strong>hasta el lunes 3 de noviembre de 2025<\/strong>, conforme a lo establecido por la <strong>Ley de Emergencia Agropecuaria<\/strong> de la provincia, que fija 10 d\u00edas h\u00e1biles para la presentaci\u00f3n de denuncias.<\/p>\n\n\n\n<div style=\"height:35px\" aria-hidden=\"true\" class=\"wp-block-spacer\"><\/div>\n\n\n\n<p><em><strong>Fuente: Gobierno de Mendoza<\/strong><\/em><\/p>\n","protected":false},"excerpt":{"rendered":"<p>El lunes 20 de octubre pasado, las zona de Cuadro Benegas y Las Pared, en&hellip;<\/p>\n","protected":false},"author":2,"featured_media":167918,"comment_status":"closed","ping_status":"open","sticky":false,"template":"","format":"standard","meta":{"footnotes":""},"categories":[14],"tags":[],"class_list":["post-167915","post","type-post","status-publish","format-standard","has-post-thumbnail","hentry","category-news"],"_links":{"self":[{"href":"https:\/\/enolife.com.ar\/es\/wp-json\/wp\/v2\/posts\/167915","targetHints":{"allow":["GET"]}}],"collection":[{"href":"https:\/\/enolife.com.ar\/es\/wp-json\/wp\/v2\/posts"}],"about":[{"href":"https:\/\/enolife.com.ar\/es\/wp-json\/wp\/v2\/types\/post"}],"author":[{"embeddable":true,"href":"https:\/\/enolife.com.ar\/es\/wp-json\/wp\/v2\/users\/2"}],"replies":[{"embeddable":true,"href":"https:\/\/enolife.com.ar\/es\/wp-json\/wp\/v2\/comments?post=167915"}],"version-history":[{"count":0,"href":"https:\/\/enolife.com.ar\/es\/wp-json\/wp\/v2\/posts\/167915\/revisions"}],"wp:featuredmedia":[{"embeddable":true,"href":"https:\/\/enolife.com.ar\/es\/wp-json\/wp\/v2\/media\/167918"}],"wp:attachment":[{"href":"https:\/\/enolife.com.ar\/es\/wp-json\/wp\/v2\/media?parent=167915"}],"wp:term":[{"taxonomy":"category","embeddable":true,"href":"https:\/\/enolife.com.ar\/es\/wp-json\/wp\/v2\/categories?post=167915"},{"taxonomy":"post_tag","embeddable":true,"href":"https:\/\/enolife.com.ar\/es\/wp-json\/wp\/v2\/tags?post=167915"}],"curies":[{"name":"wp","href":"https:\/\/api.w.org\/{rel}","templated":true}]}}