{"id":167713,"date":"2025-10-23T12:53:38","date_gmt":"2025-10-23T12:53:38","guid":{"rendered":"https:\/\/enolife.com.ar\/es\/?p=167713"},"modified":"2025-10-23T21:57:46","modified_gmt":"2025-10-23T21:57:46","slug":"con-baglietto-vitale-la-fiesta-de-la-flor-de-la-vid-de-san-rafael-abre-el-1-11-el-ciclo-de-vendimia-2026","status":"publish","type":"post","link":"https:\/\/enolife.com.ar\/es\/con-baglietto-vitale-la-fiesta-de-la-flor-de-la-vid-de-san-rafael-abre-el-1-11-el-ciclo-de-vendimia-2026\/","title":{"rendered":"Con Baglietto-Vitale, la Fiesta de la Flor de la Vid de San Rafael abre el 1\/11 el ciclo de Vendimia 2026"},"content":{"rendered":"\n<h4 class=\"wp-block-heading\"><em><strong>La Fiesta Provincial de la Flor de la Vid, que se realiza cada a\u00f1o en San Rafael, Mendoza, es la celebraci\u00f3n que abre el calendario vendimial de la provincia, anticipando la emoci\u00f3n de una nueva cosecha, como preludio de la Fiesta Nacional de la Vendimia 2026. La edici\u00f3n 2025 de esta ya tradicional encuentro en el sur mendocino se realizar\u00e1 el 1 de noviembre desde las 18 hs en la Bodega Iaccarini, donde se podr\u00e1 disfrutar de degustaci\u00f3n de vinos, gastronom\u00eda, DJ en vivo y la presentaci\u00f3n del d\u00fao reconocido internacionalmente Juan Carlos Baglietto y Lito Vitale.<\/strong><\/em><\/h4>\n\n\n\n<div style=\"height:35px\" aria-hidden=\"true\" class=\"wp-block-spacer\"><\/div>\n\n\n<a href=\"https:\/\/www.linkedin.com\/company\/agrinet-sa\/?originalSubdomain=ar\" aria-label=\"1700X500\"><img loading=\"lazy\" decoding=\"async\" src=\"https:\/\/enolife.com.ar\/es\/wp-content\/uploads\/2021\/11\/1700X500.gif\" alt=\"\"  width=\"1700\" height=\"500\"   \/><\/a>\n\n\n<div style=\"height:45px\" aria-hidden=\"true\" class=\"wp-block-spacer\"><\/div>\n\n\n<div class=\"wp-block-image\">\n<figure class=\"alignleft size-full is-resized\"><a href=\"https:\/\/enolife.com.ar\/es\/wp-content\/uploads\/2025\/10\/Imagen1-20.jpg\" data-rel=\"penci-gallery-image-content\" ><img loading=\"lazy\" decoding=\"async\" width=\"412\" height=\"469\" src=\"https:\/\/enolife.com.ar\/es\/wp-content\/uploads\/2025\/10\/Imagen1-20.jpg\" alt=\"\" class=\"wp-image-167719\" style=\"width:258px;height:auto\" srcset=\"https:\/\/enolife.com.ar\/es\/wp-content\/uploads\/2025\/10\/Imagen1-20.jpg 412w, https:\/\/enolife.com.ar\/es\/wp-content\/uploads\/2025\/10\/Imagen1-20-264x300.jpg 264w\" sizes=\"auto, (max-width: 412px) 100vw, 412px\" \/><\/a><\/figure><\/div>\n\n\n<p>Con la llegada de la primavera y el despertar de los vi\u00f1edos, Mendoza se prepara para vivir una nueva edici\u00f3n de la<strong> Fiesta Provincial de la Flor de la Vid,<\/strong> que este a\u00f1o se celebrar\u00e1 el <strong>1 de noviembre en la bodega Iaccarini, en San Rafael.<\/strong><\/p>\n\n\n\n<p>Por ley provincial, esta celebraci\u00f3n marca oficialmente el <strong>inicio del calendario de la Fiesta Nacional de la Vendimia<\/strong>, convirti\u00e9ndose en el primer gran evento del ciclo vendimial mendocino.<\/p>\n\n\n\n<p>La fiesta -instituida a partir de la Ley 9158\/2019 como celebraci\u00f3n provincial- simboliza el comienzo del ciclo productivo de la vid: el momento en que las flores anticipan los racimos que dar\u00e1n vida a los vinos mendocinos. Se trata de una jornada que re\u00fane a productores, trabajadores, artistas y autoridades, en una conjunci\u00f3n de cultura, fe y trabajo de la tierra.<\/p>\n\n\n\n<p>El espect\u00e1culo central estar\u00e1 a cargo del reconocido d\u00fao integrado por los m\u00fasicos argentinos <strong>Juan Carlos Baglietto<\/strong> y <strong>Lito Vitale<\/strong>, dos referentes indiscutidos de la m\u00fasica nacional. Su propuesta art\u00edstica fusiona repertorios cl\u00e1sicos del r<strong>ock nacional, tango, folclore y canci\u00f3n urbana<\/strong>, en un recorrido que combina virtuosismo musical y sensibilidad po\u00e9tica, ideal para el marco emotivo que representa esta celebraci\u00f3n. Tambi\u00e9n contar\u00e1 con degustaciones de vino, gastronom\u00eda y DJ en vivo.<\/p>\n\n\n\n<div style=\"height:20px\" aria-hidden=\"true\" class=\"wp-block-spacer\"><\/div>\n\n\n\n<p class=\"has-background\" style=\"background-color:#abb7c259\">Las <strong>entradas <\/strong>tienen un valor de $70.000, se pueden adquirir en 3 cuotas sin inter\u00e9s con BNA+, en la sede de la C\u00e1mara, <strong>Av. El Libertador 78, de San Rafael.<\/strong><\/p>\n\n\n\n<div style=\"height:20px\" aria-hidden=\"true\" class=\"wp-block-spacer\"><\/div>\n\n\n\n<p>La presentaci\u00f3n de la fiesta se realiz\u00f3 el martes 21 de octubre, al mediod\u00eda, en la Sala Elina Alba del Ministerio de Cultura y Turismo de la Capital provincial. Participaron el subsecretario de Cultura, <strong>Diego Gareca<\/strong>; la presidenta del Ente Mendoza Turismo (Emetur), <strong>Gabriela Testa<\/strong>, y representantes de la C\u00e1mara de Comercio, Industria y Agropecuaria de San Rafael, quienes destacaron la importancia de esta celebraci\u00f3n para la promoci\u00f3n del turismo, la producci\u00f3n y la identidad del sur provincial.<\/p>\n\n\n\n<div style=\"height:35px\" aria-hidden=\"true\" class=\"wp-block-spacer\"><\/div>\n\n\n<div class=\"wp-block-image\">\n<figure class=\"aligncenter size-full is-resized\"><a href=\"https:\/\/enolife.com.ar\/es\/wp-content\/uploads\/2025\/10\/1000676890-1200x800-1.jpg\" data-rel=\"penci-gallery-image-content\" ><img loading=\"lazy\" decoding=\"async\" width=\"808\" height=\"500\" src=\"https:\/\/enolife.com.ar\/es\/wp-content\/uploads\/2025\/10\/1000676890-1200x800-1.jpg\" alt=\"\" class=\"wp-image-167717\" style=\"width:634px;height:auto\" srcset=\"https:\/\/enolife.com.ar\/es\/wp-content\/uploads\/2025\/10\/1000676890-1200x800-1.jpg 808w, https:\/\/enolife.com.ar\/es\/wp-content\/uploads\/2025\/10\/1000676890-1200x800-1-300x186.jpg 300w, https:\/\/enolife.com.ar\/es\/wp-content\/uploads\/2025\/10\/1000676890-1200x800-1-768x475.jpg 768w, https:\/\/enolife.com.ar\/es\/wp-content\/uploads\/2025\/10\/1000676890-1200x800-1-585x362.jpg 585w\" sizes=\"auto, (max-width: 808px) 100vw, 808px\" \/><\/a><\/figure><\/div>\n\n\n<div style=\"height:35px\" aria-hidden=\"true\" class=\"wp-block-spacer\"><\/div>\n\n\n\n<p>Testa expres\u00f3 que esta fiesta, que naci\u00f3 hace 12 a\u00f1os, le da un verdadero sentido federal a la <strong>Fiesta de la Vendimia<\/strong>: <em>\u201cEsta Fiesta de la Flor de la Vid permite que San Rafael se sume, tambi\u00e9n, como una locaci\u00f3n, de nuestra Fiesta Mayor\u201d<\/em>.<\/p>\n\n\n\n<p>Por su parte, <strong>Gareca<\/strong> se\u00f1al\u00f3 que con esta celebraci\u00f3n <em>\u201cse abre el fuego de la Fiesta Nacional de la Vendimia, en su aniversario 90, con la importancia de transitar hacia la fiesta m\u00e1s importante y m\u00e1s antigua de la Argentina\u201d<\/em>.<\/p>\n\n\n\n<p><em>\u201cA lo largo de estos meses, vamos a tener distintos anuncios, que tendr\u00e1n que ver con distintas propuestas que vamos a ir ofreciendo y por supuesto que hacen a la celebraci\u00f3n de los 90 a\u00f1os de la fiesta\u201d<\/em>, agreg\u00f3 el funcionario de Cultura.<\/p>\n\n\n\n<p>En tanto, <strong>Alejandro Flores, gerente de la C\u00e1mara de Comercio, Industria y Agropecuaria de San Rafael, <\/strong>destac\u00f3 que este a\u00f1o la fiesta contar\u00e1 con la participaci\u00f3n de veinte bodegas, adem\u00e1s de dos DJ, gastronom\u00eda local y un gran espect\u00e1culo, con Baglietto-Vitale.<\/p>\n\n\n\n<div style=\"height:23px\" aria-hidden=\"true\" class=\"wp-block-spacer\"><\/div>\n\n\n\n<p class=\"has-background\" style=\"background-color:#abb7c275\"><strong>M\u00e1s informaci\u00f3n, a trav\u00e9s de la cuenta de Instagram <a href=\"https:\/\/www.instagram.com\/fiestadelaflordelavid\/\">@fiestadelaflordelavid<\/a><\/strong><\/p>\n\n\n\n<div style=\"height:35px\" aria-hidden=\"true\" class=\"wp-block-spacer\"><\/div>\n\n\n\n<p><\/p>\n\n\n\n<div style=\"height:35px\" aria-hidden=\"true\" class=\"wp-block-spacer\"><\/div>\n","protected":false},"excerpt":{"rendered":"<p>La Fiesta Provincial de la Flor de la Vid, que se realiza cada a\u00f1o en&hellip;<\/p>\n","protected":false},"author":2,"featured_media":167716,"comment_status":"closed","ping_status":"open","sticky":false,"template":"","format":"standard","meta":{"footnotes":""},"categories":[47],"tags":[],"class_list":["post-167713","post","type-post","status-publish","format-standard","has-post-thumbnail","hentry","category-agenda"],"_links":{"self":[{"href":"https:\/\/enolife.com.ar\/es\/wp-json\/wp\/v2\/posts\/167713","targetHints":{"allow":["GET"]}}],"collection":[{"href":"https:\/\/enolife.com.ar\/es\/wp-json\/wp\/v2\/posts"}],"about":[{"href":"https:\/\/enolife.com.ar\/es\/wp-json\/wp\/v2\/types\/post"}],"author":[{"embeddable":true,"href":"https:\/\/enolife.com.ar\/es\/wp-json\/wp\/v2\/users\/2"}],"replies":[{"embeddable":true,"href":"https:\/\/enolife.com.ar\/es\/wp-json\/wp\/v2\/comments?post=167713"}],"version-history":[{"count":0,"href":"https:\/\/enolife.com.ar\/es\/wp-json\/wp\/v2\/posts\/167713\/revisions"}],"wp:featuredmedia":[{"embeddable":true,"href":"https:\/\/enolife.com.ar\/es\/wp-json\/wp\/v2\/media\/167716"}],"wp:attachment":[{"href":"https:\/\/enolife.com.ar\/es\/wp-json\/wp\/v2\/media?parent=167713"}],"wp:term":[{"taxonomy":"category","embeddable":true,"href":"https:\/\/enolife.com.ar\/es\/wp-json\/wp\/v2\/categories?post=167713"},{"taxonomy":"post_tag","embeddable":true,"href":"https:\/\/enolife.com.ar\/es\/wp-json\/wp\/v2\/tags?post=167713"}],"curies":[{"name":"wp","href":"https:\/\/api.w.org\/{rel}","templated":true}]}}