{"id":167693,"date":"2025-10-22T12:54:37","date_gmt":"2025-10-22T12:54:37","guid":{"rendered":"https:\/\/enolife.com.ar\/es\/?p=167693"},"modified":"2025-10-23T16:40:18","modified_gmt":"2025-10-23T16:40:18","slug":"mendoza-daria-creditos-blandos-a-las-bodegas-para-que-paguen-mejor-la-uva-a-vinateros-en-2026","status":"publish","type":"post","link":"https:\/\/enolife.com.ar\/es\/mendoza-daria-creditos-blandos-a-las-bodegas-para-que-paguen-mejor-la-uva-a-vinateros-en-2026\/","title":{"rendered":"Mendoza dar\u00eda cr\u00e9ditos blandos a las bodegas para que paguen mejor la uva a vi\u00f1ateros en 2026"},"content":{"rendered":"\n<h4 class=\"wp-block-heading\"><em><strong>Tras recientes reclamos y una reuni\u00f3n entre representantes de la Asociaci\u00f3n de Vi\u00f1ateros de Mendoza (AVM) con funcionarios de gobierno, trascendi\u00f3 que desde el Estado provincial y sus organismos de cr\u00e9dito asociados se estudia ofrecer cr\u00e9ditos con baja tasa a los elaboradores de vino. El objetivo es que las bodegas puedan pagar mejor el kilo de uva a los productores primarios, ya que, seg\u00fan c\u00e1lculos de la AVM, coincidentes con los de otras asociaciones productivas, el precio a abonar por el litro de vino ha bajado de $500, como se pag\u00f3 en 2025, a $400, porque, argumentan los elaboradores, todos los costos \u00abaumentaron al doble\u00bb. As\u00ed, dijeron los viticultores, \u00abno correr\u00eda peligro la cosecha 2026\u00bb.<\/strong><\/em><strong><em> <\/em><\/strong><\/h4>\n\n\n\n<div style=\"height:35px\" aria-hidden=\"true\" class=\"wp-block-spacer\"><\/div>\n\n\n<a href=\"https:\/\/www.centroenologico.com.ar\/\" aria-label=\"CERSA 1700X500 BORDO\"><img loading=\"lazy\" decoding=\"async\" src=\"https:\/\/enolife.com.ar\/es\/wp-content\/uploads\/2025\/02\/CERSA-1700X500-BORDO.gif\" alt=\"\"  width=\"1700\" height=\"500\"   \/><\/a>\n\n\n<div style=\"height:50px\" aria-hidden=\"true\" class=\"wp-block-spacer\"><\/div>\n\n\n\n<p>Una reciente acci\u00f3n de protesta de vi\u00f1ateros en la zona Este, nucleados mayoritariamente en la <strong>Asociaci\u00f3n de Vi\u00f1ateros de Mendoza (AVM)<\/strong>, con notorias manifestaciones de descontento en la ruta nacional 7 a la altura de San Mart\u00edn, y tambi\u00e9n en la capital mendocina, motivada por los bajos precios del vino, puso de manifiesto una crisis que, seg\u00fan dijeron <em>\u00abamenaza la vendimia 2026\u00bb.<\/em> Al cabo de la manifestaci\u00f3n, los productores primarios se reunieron con funcionarios de gobierno, y luego trascendi\u00f3, aunque no hubo un comunicado oficial del gobierno, que el <strong>Estado provincial estudia ofrecer asistencia financiera a las bodegas con el objetivo de que puedan mejorar los pagos <\/strong>a los productores y reactivar la comercializaci\u00f3n interna y las exportaciones.<\/p>\n\n\n\n<p>En la reuni\u00f3n se plante\u00f3 que, seg\u00fan los c\u00e1lculos de AVM, la <strong>falta de liquidez<\/strong> es el principal problema: se necesita financiaci\u00f3n para enfrentar el aumentos de los costos de energ\u00eda y de cosecha, que se habr\u00edan duplicaron respecto al a\u00f1o pasado. Tambi\u00e9n se\u00f1alaron los vi\u00f1ateros que <em>\u00abel precio del vino tinto cay\u00f3 de $500 a $400 por litro\u00bb.<\/em><\/p>\n\n\n\n<div style=\"height:28px\" aria-hidden=\"true\" class=\"wp-block-spacer\"><\/div>\n\n\n\n<blockquote class=\"wp-block-quote is-layout-flow wp-block-quote-is-layout-flow\">\n<p>La crisis es alarmante. A los costos de energ\u00eda y cosecha que subieron 100% se suman el corte de la cadena de pagos. Y un vino tinto se paga a <strong>$400 por litro<\/strong> contra <strong>$500 del a\u00f1o pasado<\/strong>\u00ab<br> <strong>MAT\u00cdAS MANZANARES, de la Asociaci\u00f3n de Vi\u00f1ateros de Mendoza.<\/strong><\/p>\n\n\n\n<div style=\"height:25px\" aria-hidden=\"true\" class=\"wp-block-spacer\"><\/div>\n<\/blockquote>\n\n\n\n<p>El costo de la cosecha es uno de los m\u00e1s altos entre todos los del sector vitivin\u00edcola. Tras la reciente actualizaci\u00f3n paritaria, que estableci\u00f3 un aumento del <strong>9,9% para trabajadores de vi\u00f1a<\/strong> y del <strong>12% para personal de bodega<\/strong> hasta febrero de 2026, bodegas y productores esperan que el cr\u00e9dito gubernamental aporte alivio financiero.<\/p>\n\n\n\n<div style=\"height:31px\" aria-hidden=\"true\" class=\"wp-block-spacer\"><\/div>\n\n\n<div class=\"wp-block-image\">\n<figure class=\"aligncenter is-resized\"><img decoding=\"async\" src=\"https:\/\/www.memo.com.ar\/files\/image\/95\/95261\/68f767ac67e21_905_510!.jpg?s=b4fbae9e1e8c721c44243f0050146265&amp;d=1761044473\" alt=\"Habr\u00e1 cr\u00e9ditos para aliviar la ca\u00edda del precio del vino\" style=\"width:682px;height:auto\"\/><\/figure><\/div>\n\n\n<div style=\"height:28px\" aria-hidden=\"true\" class=\"wp-block-spacer\"><\/div>\n\n\n\n<p>Desde el punto de vista de las bodegas, la sensible baja en las ventas de vino obstaculiza la chance de pagar m\u00e1s a los productores primarios, quienes no tienen otra que defender a rajatabla el valor el kilo de uva, porque est\u00e1 en juego su supervivencia. A esta situaci\u00f3n se agrega que hay un considerable<strong> stock de vino <\/strong>en las c\u00e1maras y tanques de las bodegas, que seg\u00fan el <strong>Banco de Vinos ya llega a 7 meses. <\/strong><\/p>\n\n\n\n<p>Paralelamente, se estima que <strong>el 60% del vino sin despachar est\u00e1 en manos de terceros<\/strong>, y esos stocks deber\u00edan reducirse con ventas en el mercado interno y exportaciones para recuperar rentabilidad.<\/p>\n\n\n\n<p>Ante ello, los cr\u00e9ditos resultan imprescindibles, y a una tasa de priviletio, porque las tasas vigentes superan el <strong>40%<\/strong> anual, lo que los hace inviable para muchas bodegas. Por eso, desde el sector se propuso adelantar l\u00edneas de cr\u00e9dito destinadas a <strong>cosecha y acarreo<\/strong>, que habitualmente entrar\u00edan en vigencia reci\u00e9n en febrero, como medida extraordinaria para garantizar la continuidad hasta la pr\u00f3xima vendimia.<\/p>\n\n\n\n<div style=\"height:34px\" aria-hidden=\"true\" class=\"wp-block-spacer\"><\/div>\n\n\n\n<p><\/p>\n","protected":false},"excerpt":{"rendered":"<p>Tras recientes reclamos y una reuni\u00f3n entre representantes de la Asociaci\u00f3n de Vi\u00f1ateros de Mendoza&hellip;<\/p>\n","protected":false},"author":2,"featured_media":21233,"comment_status":"closed","ping_status":"open","sticky":false,"template":"","format":"standard","meta":{"footnotes":""},"categories":[5],"tags":[],"class_list":["post-167693","post","type-post","status-publish","format-standard","has-post-thumbnail","hentry","category-fincas"],"_links":{"self":[{"href":"https:\/\/enolife.com.ar\/es\/wp-json\/wp\/v2\/posts\/167693","targetHints":{"allow":["GET"]}}],"collection":[{"href":"https:\/\/enolife.com.ar\/es\/wp-json\/wp\/v2\/posts"}],"about":[{"href":"https:\/\/enolife.com.ar\/es\/wp-json\/wp\/v2\/types\/post"}],"author":[{"embeddable":true,"href":"https:\/\/enolife.com.ar\/es\/wp-json\/wp\/v2\/users\/2"}],"replies":[{"embeddable":true,"href":"https:\/\/enolife.com.ar\/es\/wp-json\/wp\/v2\/comments?post=167693"}],"version-history":[{"count":0,"href":"https:\/\/enolife.com.ar\/es\/wp-json\/wp\/v2\/posts\/167693\/revisions"}],"wp:featuredmedia":[{"embeddable":true,"href":"https:\/\/enolife.com.ar\/es\/wp-json\/wp\/v2\/media\/21233"}],"wp:attachment":[{"href":"https:\/\/enolife.com.ar\/es\/wp-json\/wp\/v2\/media?parent=167693"}],"wp:term":[{"taxonomy":"category","embeddable":true,"href":"https:\/\/enolife.com.ar\/es\/wp-json\/wp\/v2\/categories?post=167693"},{"taxonomy":"post_tag","embeddable":true,"href":"https:\/\/enolife.com.ar\/es\/wp-json\/wp\/v2\/tags?post=167693"}],"curies":[{"name":"wp","href":"https:\/\/api.w.org\/{rel}","templated":true}]}}