{"id":167611,"date":"2025-10-20T23:35:48","date_gmt":"2025-10-20T23:35:48","guid":{"rendered":"https:\/\/enolife.com.ar\/es\/?p=167611"},"modified":"2025-10-21T17:16:08","modified_gmt":"2025-10-21T17:16:08","slug":"irrigacion-tiene-un-plan-contra-la-sequia-para-asegurar-la-provision-de-agua-de-riego-y-potable","status":"publish","type":"post","link":"https:\/\/enolife.com.ar\/es\/irrigacion-tiene-un-plan-contra-la-sequia-para-asegurar-la-provision-de-agua-de-riego-y-potable\/","title":{"rendered":"Irrigaci\u00f3n tiene un plan contra la sequ\u00eda para asegurar la provisi\u00f3n de agua de riego y potable"},"content":{"rendered":"\n<h4 class=\"wp-block-heading\"><em><strong>Con algunos lineamientos \u00abobligatorios\u00bb y recomendaciones t\u00e9cnicas, ya est\u00e1n en vigencia una serie de acciones para enfrentar la escasez de agua en Mendoza, provocada por las pobre nevadas en la cordillera de los Andes donde nacen los 6 grandes r\u00edos de la provincia. El Plan de Sequ\u00eda forma parte de un plan mayor, el Plan H\u00eddrico de Mendoza, que apela y necesita la toma de conciencia de la poblaci\u00f3n para mitigar el problema.<\/strong><\/em><\/h4>\n\n\n\n<div style=\"height:37px\" aria-hidden=\"true\" class=\"wp-block-spacer\"><\/div>\n\n\n\n\n\n<div style=\"height:42px\" aria-hidden=\"true\" class=\"wp-block-spacer\"><\/div>\n\n\n\n<p>En fecha reciente, el superintendente de Irrigaci\u00f3n de Mendoza, <strong>Sergio Marinelli<\/strong>, jundto al director de Gesti\u00f3n H\u00eddrica de la entidad, <strong>Rub\u00e9n Villodas<\/strong>, presentaron en p\u00fablico el <strong>Plan Especial de Gesti\u00f3n del Riesgo de Sequ\u00eda (Pegris)<\/strong>, que forma parte del<strong> Plan H\u00eddrico de la Provincia de Mendoza<\/strong>, el que se encuentra en elaboraci\u00f3n, y establece los lineamientos obligatorios y recomendaciones t\u00e9cnicas<strong> <\/strong>para la gesti\u00f3n preventiva y proactiva del riesgo de sequ\u00edas en la provincia al 2050.<\/p>\n\n\n\n<div style=\"height:32px\" aria-hidden=\"true\" class=\"wp-block-spacer\"><\/div>\n\n\n\n<p class=\"has-background\" style=\"background-color:#c07474\"><strong>De excepci\u00f3n a emergencia<\/strong><br><br><strong>La sequ\u00eda dej\u00f3 de ser un episodio excepcional<\/strong> para convertirse en una caracter\u00edstica recurrente del clima local, con efectos cada vez m\u00e1s notorios sobre el abastecimiento humano, la producci\u00f3n y el ambiente. Y en una provincia donde m\u00e1s del<strong> 95% del agua disponible depende de la nieve invernal de alta monta\u00f1a,<\/strong> la combinaci\u00f3n de ciclos secos prolongados y creciente presi\u00f3n de demanda exigen pasar de la&nbsp;gesti\u00f3n&nbsp;reactiva de \u00abemergencias\u00bb a una gesti\u00f3n preventiva y proactiva del&nbsp;riesgo. Ese es el cambio de paradigma que ordena este plan.<\/p>\n\n\n\n<div style=\"height:36px\" aria-hidden=\"true\" class=\"wp-block-spacer\"><\/div>\n\n\n\n<p><em>\u00abEl Plan Maestro nos dijo cu\u00e1les van a ser a futuro los d\u00e9ficits si seguimos haciendo lo mismo que hacemos hoy. Estamos ahora en una segunda etapa, que es el Plan H\u00eddrico Provincial, en el que estamos trabajando y nos va a dar lineamientos generales, medidas estructurales y no estructurales. Ya estamos ejecutando obras que responden a esa l\u00f3gica, de riego acordado y riego a la demanda.&nbsp;Porque siempre decimos: est\u00e1 la nieve en la monta\u00f1a, se derrite y el agua baja por los r\u00edos, la administramos con embalses, la derivamos por canales, la manejan los inspectores y cada uno la usa en su casa, en el agro, en la industria&#8230; Todo eso tiene que estar en sinton\u00eda, porque si algo de eso falta, la ecuaci\u00f3n se complica\u00bb<\/em>, sostuvo Marinelli en conferencia de prensa.<\/p>\n\n\n\n<div style=\"height:27px\" aria-hidden=\"true\" class=\"wp-block-spacer\"><\/div>\n\n\n\n<blockquote class=\"wp-block-quote is-layout-flow wp-block-quote-is-layout-flow\">\n<p>El Plan de Sequ\u00eda es una acci\u00f3n m\u00e1s dentro del Plan H\u00eddrico, muy importante, porque como sabemos qu\u00e9 va a pasar y que no nos va a alcanzar el agua, si seguimos haciendo lo mismo, el impacto ser\u00e1 negativo\u00bb.<br><strong>SERGIO MARINELLI, titular de Irrigaci\u00f3n<\/strong><\/p>\n<\/blockquote>\n\n\n\n<div style=\"height:32px\" aria-hidden=\"true\" class=\"wp-block-spacer\"><\/div>\n\n\n\n<p>\u00ab<em>Entonces <\/em>-cerr\u00f3 Marinelli-<em>, \u00bfcu\u00e1les ser\u00e1n los impactos? \u00bfCu\u00e1nto miden esos impactos? Con datos ciertos, indiscutibles, con una misma terminolog\u00eda y todo basado en est\u00e1ndares internacionales. Eso es lo que busca esto, que hablemos del mismo idioma, que nos pongamos de acuerdo\u00bb<\/em>.&nbsp;<\/p>\n\n\n\n<div style=\"height:28px\" aria-hidden=\"true\" class=\"wp-block-spacer\"><\/div>\n\n\n\n<h3 class=\"wp-block-heading has-vivid-red-color has-text-color has-link-color wp-elements-4805b55920755db7032270f9a2fcfa19\">El&nbsp;Plan de Sequ\u00eda&nbsp;es el marco que fija lineamientos obligatorios y recomendaciones t\u00e9cnicas para anticipar, mitigar y responder a las&nbsp;sequ\u00edas y se efectiviza a trav\u00e9s de&nbsp;Planes de Acci\u00f3n por Cuenca&nbsp;(Pagris) para los r\u00edos Mendoza, Tunuy\u00e1n, Diamante, Atuel y Malarg\u00fce.<\/h3>\n\n\n\n<div style=\"height:25px\" aria-hidden=\"true\" class=\"wp-block-spacer\"><\/div>\n\n\n\n<p class=\"has-medium-font-size\"><strong>\u00bfPara qu\u00e9 sirve el Plan?<\/strong><\/p>\n\n\n\n<p>Su objetivo general es <strong>reducir los impactos ambientales, econ\u00f3micos y sociales de la sequ\u00eda<\/strong>. En concreto, <strong>priorizar la salud y vida de la poblaci\u00f3n<\/strong>, asegurando el abastecimiento poblacional, minimizar da\u00f1os sobre las actividades productivas conforme a la priorizaci\u00f3n de usos del agua, y dar transparencia y participaci\u00f3n p\u00fablica a las decisiones. Para lograrlo, el Plan establece mecanismos de monitoreo y detecci\u00f3n, fija umbrales que definen fases de gravedad progresiva y asocia a cada fase medidas espec\u00edficas y proporcionadas, siguiendo metodolog\u00edas internacionales.<\/p>\n\n\n\n<div style=\"height:28px\" aria-hidden=\"true\" class=\"wp-block-spacer\"><\/div>\n\n\n<div class=\"wp-block-image\">\n<figure class=\"aligncenter size-large is-resized\"><a href=\"https:\/\/enolife.com.ar\/es\/wp-content\/uploads\/2025\/10\/RAM0166.jpg\" data-rel=\"penci-gallery-image-content\" ><img loading=\"lazy\" decoding=\"async\" width=\"1024\" height=\"440\" src=\"https:\/\/enolife.com.ar\/es\/wp-content\/uploads\/2025\/10\/RAM0166-1024x440.jpg\" alt=\"\" class=\"wp-image-166362\" style=\"width:728px;height:auto\" srcset=\"https:\/\/enolife.com.ar\/es\/wp-content\/uploads\/2025\/10\/RAM0166-1024x440.jpg 1024w, https:\/\/enolife.com.ar\/es\/wp-content\/uploads\/2025\/10\/RAM0166-300x129.jpg 300w, https:\/\/enolife.com.ar\/es\/wp-content\/uploads\/2025\/10\/RAM0166-768x330.jpg 768w, https:\/\/enolife.com.ar\/es\/wp-content\/uploads\/2025\/10\/RAM0166-1170x503.jpg 1170w, https:\/\/enolife.com.ar\/es\/wp-content\/uploads\/2025\/10\/RAM0166-585x251.jpg 585w, https:\/\/enolife.com.ar\/es\/wp-content\/uploads\/2025\/10\/RAM0166.jpg 1280w\" sizes=\"auto, (max-width: 1024px) 100vw, 1024px\" \/><\/a><figcaption class=\"wp-element-caption\"><em><strong>Uno de los 6 grandes r\u00edos de Mendoza, con poca agua por las escasas nevadas en la temporada 2024-2025.<\/strong><\/em><\/figcaption><\/figure><\/div>\n\n\n<div style=\"height:20px\" aria-hidden=\"true\" class=\"wp-block-spacer\"><\/div>\n\n\n\n<p>Sus principales l\u00edneas directrices combinan tres ejes: un&nbsp;<strong>Sistema de&nbsp;<\/strong><strong>Monitoreo y Alerta Temprana (SMAT)<\/strong>&nbsp;con indicadores y umbrales que disparan acciones; la&nbsp;<strong>evaluaci\u00f3n de vulnerabilidades y riesgos por&nbsp;<\/strong><strong>cuenca<\/strong>; y un portafolio de&nbsp;<strong>medidas estructurales y no estructurales a aplicar en&nbsp;<\/strong><strong>forma escalable de acuerdo a la gravedad de la sequ\u00eda<\/strong>.<\/p>\n\n\n\n<p>El SMAT utiliza una serie de indicadores multivariables que incluye, entre otros, el <strong>\u00cdndice de Nieve Est\u00e1ndar (INE)<\/strong> para caracterizar la <strong>\u00abSequ\u00eda Meteorol\u00f3gica\u00bb<\/strong> y el \u00cdndice de <strong>Derrame Est\u00e1ndar (IDE)<\/strong> para identificar la <strong>\u00abSequ\u00eda Hidrol\u00f3gica\u00bb<\/strong> a nivel anual; el <strong>\u00cdndice de Caudales Est\u00e1ndar ((ICE)<\/strong> para seguimiento mensual; y el <strong>\u00cdndice de Reservas Est\u00e1ndar (IRE)<\/strong> para el estado de las reservas en los embalses.<\/p>\n\n\n\n<p>Este \u00absem\u00e1foro\u00bb hidrometeorol\u00f3gico unifica lenguaje t\u00e9cnico, da cobertura jur\u00eddica a medidas extraordinarias y mejora la coordinaci\u00f3n interinstitucional y con usuarios.<\/p>\n\n\n\n<p>El Plan, adem\u00e1s, apunta a modernizar y medir el riego, gestionar la demanda, promover uso conjunto superficial\u2011subterr\u00e1neo y recarga de acu\u00edferos, habilitar fuentes alternativas como re\u00faso, aplicar soluciones basadas en la naturaleza y utilizar instrumentos econ\u00f3micos que incentiven eficiencia y resiliencia.<\/p>\n\n\n\n<div style=\"height:26px\" aria-hidden=\"true\" class=\"wp-block-spacer\"><\/div>\n\n\n\n<p class=\"has-medium-font-size\"><strong>\u00bfDe qu\u00e9 manera y cu\u00e1ndo se aplica el Plan?&nbsp;<\/strong><\/p>\n\n\n\n<p>El Pegris se aplica en forma permanente y se despliega por cuencas mediante un proceso en <strong>cinco fases:<\/strong>&nbsp;<strong>Preparaci\u00f3n<\/strong>&nbsp;(conformaci\u00f3n de la comisi\u00f3n ad hoc y protocolo de datos y comunicaciones), <strong>Diagn\u00f3stico<\/strong>&nbsp;(balance h\u00eddrico, exposici\u00f3n y vulnerabilidad),&nbsp;<strong>Dise\u00f1o<\/strong>&nbsp;(escenarios y umbrales disparadores, plan de contingencia para abastecimiento humano),&nbsp;<strong>Implementaci\u00f3n<\/strong>&nbsp;(operaci\u00f3n por escenarios con monitoreo y avisos, asistencia a sectores cr\u00edticos) y&nbsp;<strong>Evaluaci\u00f3n Pos\u2011sequ\u00eda<\/strong>&nbsp;(lecciones aprendidas y ajuste de reglas).<\/p>\n\n\n\n<p>La activaci\u00f3n de medidas se realiza cuando los \u00edndices cruzan umbrales predeterminados: desde prealertas y campa\u00f1as de ahorro hasta reducciones programadas de dotaciones o reasignaciones temporales en escenarios severos, siempre con prioridad del consumo humano y reglas transparentes. Este esquema se apoya, adem\u00e1s, en el pron\u00f3stico anual de escurrimientos que el DGI realiza para cada temporada h\u00eddrica (1 de octubre\u201330 de setiembre).<\/p>\n\n\n<div class=\"wp-block-image\">\n<figure class=\"aligncenter size-large is-resized\"><a href=\"https:\/\/enolife.com.ar\/es\/wp-content\/uploads\/2025\/05\/telemetria-scaled-e1755698097882.jpg\" data-rel=\"penci-gallery-image-content\" ><img loading=\"lazy\" decoding=\"async\" width=\"1024\" height=\"568\" src=\"https:\/\/enolife.com.ar\/es\/wp-content\/uploads\/2025\/05\/telemetria-scaled-e1755698097882-1024x568.jpg\" alt=\"\" class=\"wp-image-147695\" style=\"width:696px;height:auto\" srcset=\"https:\/\/enolife.com.ar\/es\/wp-content\/uploads\/2025\/05\/telemetria-scaled-e1755698097882-1024x568.jpg 1024w, https:\/\/enolife.com.ar\/es\/wp-content\/uploads\/2025\/05\/telemetria-scaled-e1755698097882-300x166.jpg 300w, https:\/\/enolife.com.ar\/es\/wp-content\/uploads\/2025\/05\/telemetria-scaled-e1755698097882-768x426.jpg 768w, https:\/\/enolife.com.ar\/es\/wp-content\/uploads\/2025\/05\/telemetria-scaled-e1755698097882-1536x852.jpg 1536w, https:\/\/enolife.com.ar\/es\/wp-content\/uploads\/2025\/05\/telemetria-scaled-e1755698097882-2048x1136.jpg 2048w, https:\/\/enolife.com.ar\/es\/wp-content\/uploads\/2025\/05\/telemetria-scaled-e1755698097882-1170x649.jpg 1170w, https:\/\/enolife.com.ar\/es\/wp-content\/uploads\/2025\/05\/telemetria-scaled-e1755698097882-585x324.jpg 585w\" sizes=\"auto, (max-width: 1024px) 100vw, 1024px\" \/><\/a><figcaption class=\"wp-element-caption\"><em><strong>T\u00e9cnicos de Hidrolog\u00eda de Gesti\u00f3n H\u00eddrica de Irrigaci\u00f3n monitorean permanentemente el escurrimiento de caudales en los cauces de la provincia.<\/strong><\/em><\/figcaption><\/figure><\/div>\n\n\n<div style=\"height:39px\" aria-hidden=\"true\" class=\"wp-block-spacer\"><\/div>\n\n\n\n<p class=\"has-medium-font-size\"><strong>\u00bfNotar\u00e1 el habitante de Mendoza alg\u00fan cambio?&nbsp;<\/strong><\/p>\n\n\n\n<p>El Plan prev\u00e9 un tablero p\u00fablico con indicadores, mapas, umbrales y medidas por escenario, boletines coordinados entre provincia y cuencas, mesas sectoriales y comunitarias, y datos abiertos. En situaciones de alerta podr\u00edan verse campa\u00f1as de ahorro, ajustes horarios o sectorizaci\u00f3n del servicio; todo comunicado con anticipaci\u00f3n y criterios comunes para evitar incertidumbre. Lo central es que el abastecimiento humano tiene prioridad y que las decisiones se basan en evidencia verificable.<\/p>\n\n\n\n<div style=\"height:27px\" aria-hidden=\"true\" class=\"wp-block-spacer\"><\/div>\n\n\n\n<p class=\"has-medium-font-size\"><strong>\u00bfQu\u00e9 cambia para los usuarios del agua?<\/strong><\/p>\n\n\n\n<p>Habr\u00e1 m\u00e1s previsibilidad y equidad en el reparto. Tambi\u00e9n habr\u00e1 dotaciones escalonadas y medibles seg\u00fan escenario, programaci\u00f3n de turnos y turnados, telemetr\u00eda y medici\u00f3n para asegurar entregas efectivas, y protocolos de racionamiento proporcionado si correspondiera. Se promover\u00e1n pr\u00e1cticas como riego deficitario controlado, priorizaci\u00f3n de cultivos, uso conjunto de aguas superficiales y subterr\u00e1neas, y asistencia t\u00e9cnica para mejorar eficiencia parcelaria. A la par, se reforzar\u00e1 la fiscalizaci\u00f3n para corregir p\u00e9rdidas y extracciones irregulares. En s\u00edntesis, reglas claras, informaci\u00f3n en tiempo real y medidas que cuidan la temporada y el sistema.<\/p>\n\n\n\n<p>El Pegris define roles y responsabilidades: Irrigaci\u00f3n coordina la operaci\u00f3n y preside cada comisi\u00f3n de cuenca con organismos&nbsp; sectoriales, universidades y municipios. Incorpora cronograma, responsables, metas, costos y fuentes de financiamiento, y se somete a auditor\u00eda anual y evaluaci\u00f3n pos\u2011sequ\u00eda para su mejora continua.<\/p>\n\n\n\n<p>El compromiso de Irrigaci\u00f3n es anticipar, coordinar y transparentar la gesti\u00f3n del agua para atravesar mejor cada sequ\u00eda y asegurar un desarrollo sostenible.<\/p>\n\n\n\n<div style=\"height:45px\" aria-hidden=\"true\" class=\"wp-block-spacer\"><\/div>\n","protected":false},"excerpt":{"rendered":"<p>Con algunos lineamientos \u00abobligatorios\u00bb y recomendaciones t\u00e9cnicas, ya est\u00e1n en vigencia una serie de acciones&hellip;<\/p>\n","protected":false},"author":2,"featured_media":128343,"comment_status":"closed","ping_status":"open","sticky":false,"template":"","format":"standard","meta":{"footnotes":""},"categories":[14],"tags":[],"class_list":["post-167611","post","type-post","status-publish","format-standard","has-post-thumbnail","hentry","category-news"],"_links":{"self":[{"href":"https:\/\/enolife.com.ar\/es\/wp-json\/wp\/v2\/posts\/167611","targetHints":{"allow":["GET"]}}],"collection":[{"href":"https:\/\/enolife.com.ar\/es\/wp-json\/wp\/v2\/posts"}],"about":[{"href":"https:\/\/enolife.com.ar\/es\/wp-json\/wp\/v2\/types\/post"}],"author":[{"embeddable":true,"href":"https:\/\/enolife.com.ar\/es\/wp-json\/wp\/v2\/users\/2"}],"replies":[{"embeddable":true,"href":"https:\/\/enolife.com.ar\/es\/wp-json\/wp\/v2\/comments?post=167611"}],"version-history":[{"count":0,"href":"https:\/\/enolife.com.ar\/es\/wp-json\/wp\/v2\/posts\/167611\/revisions"}],"wp:featuredmedia":[{"embeddable":true,"href":"https:\/\/enolife.com.ar\/es\/wp-json\/wp\/v2\/media\/128343"}],"wp:attachment":[{"href":"https:\/\/enolife.com.ar\/es\/wp-json\/wp\/v2\/media?parent=167611"}],"wp:term":[{"taxonomy":"category","embeddable":true,"href":"https:\/\/enolife.com.ar\/es\/wp-json\/wp\/v2\/categories?post=167611"},{"taxonomy":"post_tag","embeddable":true,"href":"https:\/\/enolife.com.ar\/es\/wp-json\/wp\/v2\/tags?post=167611"}],"curies":[{"name":"wp","href":"https:\/\/api.w.org\/{rel}","templated":true}]}}