{"id":167338,"date":"2025-10-16T13:12:38","date_gmt":"2025-10-16T13:12:38","guid":{"rendered":"https:\/\/enolife.com.ar\/es\/?p=167338"},"modified":"2025-10-17T10:42:14","modified_gmt":"2025-10-17T10:42:14","slug":"yoga-vino-y-gastronomia-el-18-10-en-las-vinas-de-entre-cielos-wine-wellness-hotel-lujan-de-cuyo","status":"publish","type":"post","link":"https:\/\/enolife.com.ar\/es\/yoga-vino-y-gastronomia-el-18-10-en-las-vinas-de-entre-cielos-wine-wellness-hotel-lujan-de-cuyo\/","title":{"rendered":"Yoga, vino y gastronom\u00eda el 18\/10 en las vi\u00f1as de Entre Cielos Wine &amp; Wellness Hotel, Luj\u00e1n de Cuyo"},"content":{"rendered":"\n<h4 class=\"wp-block-heading\"><em><strong>La experiencia de bienestar que integra los universos del yoga y el vino, en bodegas, wine lodges y parajes vitivin\u00edcolas de Mendoza, Yoga por los Caminos del Vino, anunci\u00f3 sus pr\u00f3ximas cuatro fechas a desarrollarse en los meses de octubre y noviembre. La invitaci\u00f3n es para mover el cuerpo, calmar la mente, renovar la energ\u00eda y elevar el esp\u00edritu para m\u00e1s tarde compartir un brindis, conocer los espacios y disfrutar del vino y la gastronom\u00eda locales. Las pr\u00e1cticas comienzan este s\u00e1bado 18\/10 en Entre Cielos Wine &amp; Wellness Hotel (Vistalba, Luj\u00e1n de Cuyo), con cupos son limitados.<\/strong><\/em><\/h4>\n\n\n\n<div style=\"height:35px\" aria-hidden=\"true\" class=\"wp-block-spacer\"><\/div>\n\n\n<a href=\"https:\/\/altieri.com.ar\/\" aria-label=\"ALTIERI-1700X500\"><img loading=\"lazy\" decoding=\"async\" src=\"https:\/\/enolife.com.ar\/es\/wp-content\/uploads\/2025\/02\/ALTIERI-1700X500.jpg\" alt=\"\"  srcset=\"https:\/\/enolife.com.ar\/es\/wp-content\/uploads\/2025\/02\/ALTIERI-1700X500.jpg 1700w, https:\/\/enolife.com.ar\/es\/wp-content\/uploads\/2025\/02\/ALTIERI-1700X500-300x88.jpg 300w, https:\/\/enolife.com.ar\/es\/wp-content\/uploads\/2025\/02\/ALTIERI-1700X500-1024x301.jpg 1024w, https:\/\/enolife.com.ar\/es\/wp-content\/uploads\/2025\/02\/ALTIERI-1700X500-768x226.jpg 768w, https:\/\/enolife.com.ar\/es\/wp-content\/uploads\/2025\/02\/ALTIERI-1700X500-1536x452.jpg 1536w, https:\/\/enolife.com.ar\/es\/wp-content\/uploads\/2025\/02\/ALTIERI-1700X500-1170x344.jpg 1170w, https:\/\/enolife.com.ar\/es\/wp-content\/uploads\/2025\/02\/ALTIERI-1700X500-585x172.jpg 585w\" sizes=\"auto, (max-width: 1700px) 100vw, 1700px\" width=\"1700\" height=\"500\"   \/><\/a>\n\n\n<div style=\"height:45px\" aria-hidden=\"true\" class=\"wp-block-spacer\"><\/div>\n\n\n\n<p><strong>Yoga por los Caminos del Vino<\/strong>, la actividad enotur\u00edstica creada por la comunicadora y docente mendocina <strong>Alejandra Navarr\u00eda<\/strong>, es una invitaci\u00f3n a mover el cuerpo, calmar la mente, renovar la energ\u00eda y elevar el esp\u00edritu, y de paso, disfrutar del vino y la gastronom\u00eda entre las vi\u00f1as de las bodegas y establecimientos enotur\u00edsticos de Mendoza. La propuesta para la temporada primavera 2025 comienza este s\u00e1bado 18\/10 desde las 10 hs en <strong>Entre Cielos <\/strong>y contin\u00faa en noviembre con pr\u00e1cticas en <strong>Finca Las Divas<\/strong>, <strong>RJ Vi\u00f1edos<\/strong> y <strong>Santa Julia.<\/strong><\/p>\n\n\n\n<p>Las primera fecha<strong>, en Entre Cielos, en Vistalba, Luj\u00e1n de Cuyo<\/strong>, es ideal para compartir con las madres en su d\u00eda y vivir una experiencia en el hotel recientemente galardonado con el premio Oro en la categor\u00eda <strong>\u201cAlojamientos\u201d<\/strong> del certamen provincial <strong>Best of Wine Tourism<\/strong>, cap\u00edtulo regional del concurso de las <strong>Grandes Capitales del Vino (Great Wine Capitals)<\/strong> a nivel global.<\/p>\n\n\n\n<div style=\"height:35px\" aria-hidden=\"true\" class=\"wp-block-spacer\"><\/div>\n\n\n<div class=\"wp-block-image\">\n<figure class=\"aligncenter size-full is-resized\"><a href=\"https:\/\/enolife.com.ar\/es\/wp-content\/uploads\/2025\/10\/01-Garden_and_Vineyard_overview_S.jpg\" data-rel=\"penci-gallery-image-content\" ><img loading=\"lazy\" decoding=\"async\" width=\"1000\" height=\"500\" src=\"https:\/\/enolife.com.ar\/es\/wp-content\/uploads\/2025\/10\/01-Garden_and_Vineyard_overview_S.jpg\" alt=\"\" class=\"wp-image-167346\" style=\"width:688px;height:auto\" srcset=\"https:\/\/enolife.com.ar\/es\/wp-content\/uploads\/2025\/10\/01-Garden_and_Vineyard_overview_S.jpg 1000w, https:\/\/enolife.com.ar\/es\/wp-content\/uploads\/2025\/10\/01-Garden_and_Vineyard_overview_S-300x150.jpg 300w, https:\/\/enolife.com.ar\/es\/wp-content\/uploads\/2025\/10\/01-Garden_and_Vineyard_overview_S-768x384.jpg 768w, https:\/\/enolife.com.ar\/es\/wp-content\/uploads\/2025\/10\/01-Garden_and_Vineyard_overview_S-585x293.jpg 585w\" sizes=\"auto, (max-width: 1000px) 100vw, 1000px\" \/><\/a><figcaption class=\"wp-element-caption\"><em> <strong>Entre Cielos Wine &amp; Wellness<\/strong> <strong>Hotel<\/strong><\/em><\/figcaption><\/figure><\/div>\n\n\n<div style=\"height:35px\" aria-hidden=\"true\" class=\"wp-block-spacer\"><\/div>\n\n\n\n<p>Luego de la pr\u00e1ctica se compartir\u00e1 un <em>brunch<\/em> que incluye caf\u00e9 o t\u00e9; jugos de naranjas y pomelos; agua; <em>smoothie d\u00e9tox<\/em>; avocado <em>toast <\/em>(tost\u00f3n con palta, queso crema, tomate cherry, huevo poch\u00e9 y aceite de oliva); yogur, compota de frutos rojos y granola; plato con frutas de estaci\u00f3n, bud\u00edn de dulce de leche y medialuna con quesos y fiambres. Para todos los casos, hay opci\u00f3n<em> gluten free.<\/em><\/p>\n\n\n\n<div style=\"height:24px\" aria-hidden=\"true\" class=\"wp-block-spacer\"><\/div>\n\n\n\n<p class=\"has-background\" style=\"background-color:#abb7c28a\">El valor es $48.000 por persona. Para consultas y reserva de <strong>entradas <\/strong>comunicarse al <strong>WhatsApp +54 9 261 508 5438<\/strong><\/p>\n\n\n\n<div style=\"height:45px\" aria-hidden=\"true\" class=\"wp-block-spacer\"><\/div>\n\n\n\n<p class=\"has-medium-font-size\"><strong>Ma\u00f1anas primaverales en armon\u00eda<\/strong><\/p>\n\n\n\n<p>Con la calidez de las ma\u00f1anas primaverales estos encuentros representan una alternativa cultural, tur\u00edstica, espiritual, deportiva y social que genera en el p\u00fablico mendocino y en los visitantes un recuerdo memorable.<\/p>\n\n\n\n<p>La movida continiar\u00e1 en <strong>Finca las Divas by Bodega Huarpe Riglos en Gualtallary, Valle de Uco<\/strong>, que por primera vez se suma al ciclo, el <strong>s\u00e1bado 1 de noviembre a las 10 hs.<\/strong> Aqu\u00ed el men\u00fa que acompa\u00f1ar\u00e1 el brindis ser\u00e1: empanadas de ternera cortadas a cuchillo, muzzarella con verdeo y caprese, acompa\u00f1ados por panes artesanales, dips de hummus y pasta de berenjenas ahumadas, quesos y frutos secos. Los vinos ser\u00e1n Quinto Ros\u00e9 y Huarpe Reserva Malbec. El valor es $38.000 por persona.<\/p>\n\n\n\n<div style=\"height:35px\" aria-hidden=\"true\" class=\"wp-block-spacer\"><\/div>\n\n\n<div class=\"wp-block-image\">\n<figure class=\"aligncenter size-full is-resized\"><a href=\"https:\/\/enolife.com.ar\/es\/wp-content\/uploads\/2025\/10\/525097921_1317567260375585_4666041738457130736_n.jpg\" data-rel=\"penci-gallery-image-content\" ><img loading=\"lazy\" decoding=\"async\" width=\"877\" height=\"490\" src=\"https:\/\/enolife.com.ar\/es\/wp-content\/uploads\/2025\/10\/525097921_1317567260375585_4666041738457130736_n.jpg\" alt=\"\" class=\"wp-image-167348\" style=\"width:678px;height:auto\" srcset=\"https:\/\/enolife.com.ar\/es\/wp-content\/uploads\/2025\/10\/525097921_1317567260375585_4666041738457130736_n.jpg 877w, https:\/\/enolife.com.ar\/es\/wp-content\/uploads\/2025\/10\/525097921_1317567260375585_4666041738457130736_n-300x168.jpg 300w, https:\/\/enolife.com.ar\/es\/wp-content\/uploads\/2025\/10\/525097921_1317567260375585_4666041738457130736_n-768x429.jpg 768w, https:\/\/enolife.com.ar\/es\/wp-content\/uploads\/2025\/10\/525097921_1317567260375585_4666041738457130736_n-585x327.jpg 585w\" sizes=\"auto, (max-width: 877px) 100vw, 877px\" \/><\/a><figcaption class=\"wp-element-caption\"><em><strong>Finca Las Divas<\/strong><\/em><\/figcaption><\/figure><\/div>\n\n\n<div style=\"height:35px\" aria-hidden=\"true\" class=\"wp-block-spacer\"><\/div>\n\n\n\n<p>Por otra parte, <strong>RJ Vi\u00f1edos, una bodega familiar de la familia Jofr\u00e9, en Perdriel, Luj\u00e1n de Cuyo<\/strong>, adhiere con un producto destinado a locales y visitantes nacionales y extranjeros que adem\u00e1s de la experiencia de inmersi\u00f3n interior y movilidad f\u00edsica, suma un recorrido a la bodega con vino blanco de cortes\u00eda, tres vinos tintos para degustar a ciegas y finalmente el casual lunch con empanadas caseras de carne, caprese, hongos y quesos. El encuentro ser\u00e1 el<strong> s\u00e1bado 8 de noviembre a las 10<\/strong> <strong>hs <\/strong>y el valor es $90.000 por persona.<\/p>\n\n\n\n<div style=\"height:35px\" aria-hidden=\"true\" class=\"wp-block-spacer\"><\/div>\n\n\n<div class=\"wp-block-image\">\n<figure class=\"aligncenter size-full is-resized\"><a href=\"https:\/\/enolife.com.ar\/es\/wp-content\/uploads\/2025\/10\/rj-vinedos-medium-size.jpg\" data-rel=\"penci-gallery-image-content\" ><img loading=\"lazy\" decoding=\"async\" width=\"900\" height=\"460\" src=\"https:\/\/enolife.com.ar\/es\/wp-content\/uploads\/2025\/10\/rj-vinedos-medium-size.jpg\" alt=\"\" class=\"wp-image-167350\" style=\"width:650px;height:auto\" srcset=\"https:\/\/enolife.com.ar\/es\/wp-content\/uploads\/2025\/10\/rj-vinedos-medium-size.jpg 900w, https:\/\/enolife.com.ar\/es\/wp-content\/uploads\/2025\/10\/rj-vinedos-medium-size-300x153.jpg 300w, https:\/\/enolife.com.ar\/es\/wp-content\/uploads\/2025\/10\/rj-vinedos-medium-size-768x393.jpg 768w, https:\/\/enolife.com.ar\/es\/wp-content\/uploads\/2025\/10\/rj-vinedos-medium-size-585x299.jpg 585w\" sizes=\"auto, (max-width: 900px) 100vw, 900px\" \/><\/a><figcaption class=\"wp-element-caption\"><em><strong>RJ Vi\u00f1edos<\/strong><\/em><\/figcaption><\/figure><\/div>\n\n\n<div style=\"height:35px\" aria-hidden=\"true\" class=\"wp-block-spacer\"><\/div>\n\n\n\n<p>Finamente, sobre mediados de noviembre, el <strong>s\u00e1bado 15<\/strong>, <strong>Bodega Santa Julia en Finca Beltr\u00e1n, Maip\u00fa<\/strong>, se suma al circuito de Yoga por los Caminos del Vino con las tradicionales y multipremiadas empanadas de la Chacha -en sus versiones de carne y veggies- en los jardines de Casa del Visitante. Los vinos a degustar finalizada la clase pertenecen a la l\u00ednea varietales de Santa Julia. El valor es $ 38.000 por persona.<\/p>\n\n\n\n<div style=\"height:35px\" aria-hidden=\"true\" class=\"wp-block-spacer\"><\/div>\n\n\n<div class=\"wp-block-image\">\n<figure class=\"aligncenter size-full is-resized\"><a href=\"https:\/\/enolife.com.ar\/es\/wp-content\/uploads\/2025\/10\/CAR4.jpg\" data-rel=\"penci-gallery-image-content\" ><img loading=\"lazy\" decoding=\"async\" width=\"887\" height=\"500\" src=\"https:\/\/enolife.com.ar\/es\/wp-content\/uploads\/2025\/10\/CAR4.jpg\" alt=\"\" class=\"wp-image-167351\" style=\"width:750px;height:auto\" srcset=\"https:\/\/enolife.com.ar\/es\/wp-content\/uploads\/2025\/10\/CAR4.jpg 887w, https:\/\/enolife.com.ar\/es\/wp-content\/uploads\/2025\/10\/CAR4-300x169.jpg 300w, https:\/\/enolife.com.ar\/es\/wp-content\/uploads\/2025\/10\/CAR4-768x433.jpg 768w, https:\/\/enolife.com.ar\/es\/wp-content\/uploads\/2025\/10\/CAR4-585x330.jpg 585w\" sizes=\"auto, (max-width: 887px) 100vw, 887px\" \/><\/a><figcaption class=\"wp-element-caption\"><em><strong>Bodega Santa Julia<\/strong><\/em><\/figcaption><\/figure><\/div>\n\n\n<div style=\"height:45px\" aria-hidden=\"true\" class=\"wp-block-spacer\"><\/div>\n\n\n\n<p class=\"has-medium-font-size\"><strong>Acerca de la experiencia hol\u00edstica<\/strong><\/p>\n\n\n\n<p>Yoga por los Caminos del vino es un circuito itinerante que vincula al vino con el concepto de salud y acerca la pr\u00e1ctica del yoga a la industria vitivin\u00edcola. <em>\u201cEn cada encuentro movemos el cuerpo, buscamos disipar las fluctuaciones de la mente, ampliamos la capacidad respiratoria provocando una gran oxigenaci\u00f3n de todo el organismo y finalizamos con un brindis, disfrutando de la gastronom\u00eda, el paisaje y la particularidad de cada templo del vino\u201d<\/em>, afirma su <strong>creadora, Alejandra Navarr\u00eda.<\/strong><\/p>\n\n\n<div class=\"wp-block-image\">\n<figure class=\"alignleft size-full is-resized\"><a href=\"https:\/\/enolife.com.ar\/es\/wp-content\/uploads\/2025\/10\/image-62.png\" data-rel=\"penci-gallery-image-content\" ><img loading=\"lazy\" decoding=\"async\" width=\"800\" height=\"533\" src=\"https:\/\/enolife.com.ar\/es\/wp-content\/uploads\/2025\/10\/image-62.png\" alt=\"\" class=\"wp-image-167354\" style=\"width:415px;height:auto\" srcset=\"https:\/\/enolife.com.ar\/es\/wp-content\/uploads\/2025\/10\/image-62.png 800w, https:\/\/enolife.com.ar\/es\/wp-content\/uploads\/2025\/10\/image-62-300x200.png 300w, https:\/\/enolife.com.ar\/es\/wp-content\/uploads\/2025\/10\/image-62-768x512.png 768w, https:\/\/enolife.com.ar\/es\/wp-content\/uploads\/2025\/10\/image-62-585x390.png 585w\" sizes=\"auto, (max-width: 800px) 100vw, 800px\" \/><\/a><\/figure><\/div>\n\n\n<p>La pr\u00e1ctica comienza con una inducci\u00f3n inicial al silencio, la b\u00fasqueda del contacto interior y el aquietamiento de la mente; contin\u00faa con pranayamas (ejercicios de control de la respiraci\u00f3n); sigue con un trabajo din\u00e1mico de asanas (correlaci\u00f3n de posturas de yoga) y concluye con una relajaci\u00f3n final con meditaci\u00f3n guiada, una vez trabajado el cuerpo y activado el prana (la energ\u00eda vital).<\/p>\n\n\n\n<p>Yoga por los Caminos del Vino promueve la idea de vivir con mayor conciencia de uno mismo, de la energ\u00eda y de la conexi\u00f3n con el entorno, vinculando a quienes intervengan a trav\u00e9s de los placeres de la vida.<\/p>\n\n\n\n<p>Desde la organizaci\u00f3n se sugiere asistir a los encuentros con ropa c\u00f3moda, deportiva; botellita de agua; protector solar, gorrita, esterilla de yoga y manta para cubrirse durante la relajaci\u00f3n.<\/p>\n\n\n\n<p>La propuesta, avalada por el Ministerio de Cultura y Turismo de Mendoza, Bodegas de Argentina, Caminosdelvino.org, el programa Wine in Moderation y el Fondo Vitivin\u00edcola Mendoza, ya transita por su s\u00e9ptima temporada.<\/p>\n\n\n\n<div style=\"height:35px\" aria-hidden=\"true\" class=\"wp-block-spacer\"><\/div>\n","protected":false},"excerpt":{"rendered":"<p>La experiencia de bienestar que integra los universos del yoga y el vino, en bodegas,&hellip;<\/p>\n","protected":false},"author":2,"featured_media":167357,"comment_status":"closed","ping_status":"open","sticky":false,"template":"","format":"standard","meta":{"footnotes":""},"categories":[47,11],"tags":[],"class_list":["post-167338","post","type-post","status-publish","format-standard","has-post-thumbnail","hentry","category-agenda","category-enoturismo"],"_links":{"self":[{"href":"https:\/\/enolife.com.ar\/es\/wp-json\/wp\/v2\/posts\/167338","targetHints":{"allow":["GET"]}}],"collection":[{"href":"https:\/\/enolife.com.ar\/es\/wp-json\/wp\/v2\/posts"}],"about":[{"href":"https:\/\/enolife.com.ar\/es\/wp-json\/wp\/v2\/types\/post"}],"author":[{"embeddable":true,"href":"https:\/\/enolife.com.ar\/es\/wp-json\/wp\/v2\/users\/2"}],"replies":[{"embeddable":true,"href":"https:\/\/enolife.com.ar\/es\/wp-json\/wp\/v2\/comments?post=167338"}],"version-history":[{"count":0,"href":"https:\/\/enolife.com.ar\/es\/wp-json\/wp\/v2\/posts\/167338\/revisions"}],"wp:featuredmedia":[{"embeddable":true,"href":"https:\/\/enolife.com.ar\/es\/wp-json\/wp\/v2\/media\/167357"}],"wp:attachment":[{"href":"https:\/\/enolife.com.ar\/es\/wp-json\/wp\/v2\/media?parent=167338"}],"wp:term":[{"taxonomy":"category","embeddable":true,"href":"https:\/\/enolife.com.ar\/es\/wp-json\/wp\/v2\/categories?post=167338"},{"taxonomy":"post_tag","embeddable":true,"href":"https:\/\/enolife.com.ar\/es\/wp-json\/wp\/v2\/tags?post=167338"}],"curies":[{"name":"wp","href":"https:\/\/api.w.org\/{rel}","templated":true}]}}