{"id":167186,"date":"2025-10-15T16:23:54","date_gmt":"2025-10-15T16:23:54","guid":{"rendered":"https:\/\/enolife.com.ar\/es\/?p=167186"},"modified":"2025-10-29T13:31:20","modified_gmt":"2025-10-29T13:31:20","slug":"como-usar-matrices-organicas-para-mejorar-la-salud-del-suelo-y-la-calidad-productiva-charla-el-29-10","status":"publish","type":"post","link":"https:\/\/enolife.com.ar\/es\/como-usar-matrices-organicas-para-mejorar-la-salud-del-suelo-y-la-calidad-productiva-charla-el-29-10\/","title":{"rendered":"C\u00f3mo usar matrices org\u00e1nicas para mejorar la salud del suelo y la calidad productiva, charla el 29\/10"},"content":{"rendered":"\n<h4 class=\"wp-block-heading\"><em><strong>El 29\/10, la empresa mendocina Agro Conciencia -proveedora de tecnolog\u00edas y servicios agroalimentarios y medioambientales- invita a la charla \u201cMitos, verdades y experiencias en el uso de matrices org\u00e1nicas\u201d, a cargo del ingeniero agr\u00f3nomo Claudio Nader. La actividad se llevar\u00e1 a cabo de manera presencial en Tessera Multiespacio del Centro Empresarial El Torre\u00f3n (Maip\u00fa, Mendoza), con participaci\u00f3n gratuita y previa inscripci\u00f3n por cupos limitados. <\/strong><\/em><\/h4>\n\n\n\n<div style=\"height:35px\" aria-hidden=\"true\" class=\"wp-block-spacer\"><\/div>\n\n\n<a href=\"https:\/\/www.instagram.com\/agroconciencia_\" aria-label=\"BANNER AGROCONCIENCIA 1700X500\"><img loading=\"lazy\" decoding=\"async\" src=\"https:\/\/enolife.com.ar\/es\/wp-content\/uploads\/2019\/07\/BANNER-AGROCONCIENCIA-1700X500-1.jpg\" alt=\"\"  srcset=\"https:\/\/enolife.com.ar\/es\/wp-content\/uploads\/2019\/07\/BANNER-AGROCONCIENCIA-1700X500-1.jpg 1700w, https:\/\/enolife.com.ar\/es\/wp-content\/uploads\/2019\/07\/BANNER-AGROCONCIENCIA-1700X500-1-300x88.jpg 300w, https:\/\/enolife.com.ar\/es\/wp-content\/uploads\/2019\/07\/BANNER-AGROCONCIENCIA-1700X500-1-1024x301.jpg 1024w, https:\/\/enolife.com.ar\/es\/wp-content\/uploads\/2019\/07\/BANNER-AGROCONCIENCIA-1700X500-1-768x226.jpg 768w, https:\/\/enolife.com.ar\/es\/wp-content\/uploads\/2019\/07\/BANNER-AGROCONCIENCIA-1700X500-1-1536x452.jpg 1536w, https:\/\/enolife.com.ar\/es\/wp-content\/uploads\/2019\/07\/BANNER-AGROCONCIENCIA-1700X500-1-1170x344.jpg 1170w, https:\/\/enolife.com.ar\/es\/wp-content\/uploads\/2019\/07\/BANNER-AGROCONCIENCIA-1700X500-1-585x172.jpg 585w\" sizes=\"auto, (max-width: 1700px) 100vw, 1700px\" width=\"1700\" height=\"500\"   \/><\/a>\n\n\n<div style=\"height:45px\" aria-hidden=\"true\" class=\"wp-block-spacer\"><\/div>\n\n\n<div class=\"wp-block-image\">\n<figure class=\"alignleft size-full is-resized\"><a href=\"https:\/\/enolife.com.ar\/es\/wp-content\/uploads\/2025\/10\/Imagen1-28.jpg\" data-rel=\"penci-gallery-image-content\" ><img loading=\"lazy\" decoding=\"async\" width=\"407\" height=\"450\" src=\"https:\/\/enolife.com.ar\/es\/wp-content\/uploads\/2025\/10\/Imagen1-28.jpg\" alt=\"\" class=\"wp-image-168623\" style=\"width:320px;height:auto\" srcset=\"https:\/\/enolife.com.ar\/es\/wp-content\/uploads\/2025\/10\/Imagen1-28.jpg 407w, https:\/\/enolife.com.ar\/es\/wp-content\/uploads\/2025\/10\/Imagen1-28-271x300.jpg 271w\" sizes=\"auto, (max-width: 407px) 100vw, 407px\" \/><\/a><\/figure><\/div>\n\n\n<p>Con la finalidad de compartir experiencias reales y conocer c\u00f3mo las matrices org\u00e1nicas pueden potenciar la calidad, sostenibilidad y productividad de los cultivos, la empresa <strong>Agro Conciencia<\/strong> invita a participar de la charla <strong>\u00abMitos, verdades y experiencias en el uso de matrices org\u00e1nicas\u00bb.<\/strong><\/p>\n\n\n\n<p>La disertaci\u00f3n estar\u00e1 a cargo del ingeniero agr\u00f3nomo<strong> Claudio Nader<\/strong>, director t\u00e9cnico de numerosas empresas agroindustriales en diferentes puntos de <strong>Argentina, Bolivia <\/strong>y<strong> Uruguay<\/strong>; asesor nutricional de Agro Conciencia para el <strong>Noroeste argentino (NOA)<\/strong>; especialista en servicios de qu\u00edmica agr\u00edcola y seguimiento nutricional de cultivos.<\/p>\n\n\n\n<p>El encuentro ser\u00e1 el <strong>mi\u00e9rcoles 29\/10<\/strong>, de <strong>18.30 a 2200 hs<\/strong>, en <strong>Tessera Multiespacio <\/strong>-Valle de los Manantiales S\/N, <strong>Centro Empresarial El Torre\u00f3n<\/strong>, Maip\u00fa, Mendoza-, con participaci\u00f3n gratuita pero cupos limitados.<\/p>\n\n\n\n<p class=\"has-background\" style=\"background-color:#abb7c24f\">Las <strong>matrices org\u00e1nicas<\/strong> para nutrir el suelo son el conjunto de residuos vegetales y animales en descomposici\u00f3n que se incorporan al suelo para aumentar su fertilidad y mejorar sus propiedades f\u00edsicas, qu\u00edmicas y biol\u00f3gicas. Estos materiales, como el <strong>compost, el esti\u00e9rcol o los restos de cultivos<\/strong>, liberan nutrientes gradualmente, mejoran la estructura del suelo, retienen agua y fomentan la actividad microbiana, creando un ambiente m\u00e1s saludable para las plantas.&nbsp;<\/p>\n\n\n\n<p>La charla se centrar\u00e1 en c\u00f3mo las matrices org\u00e1nicas pueden ser un soporte para la b\u00fasqueda de calidad y previsibilidad productiva; las vinculaciones de microorganismos en el manejo de suelos; par\u00e1metros de ecofisiolog\u00eda; integraci\u00f3n de las acciones de nutrici\u00f3n tanto en la parte f\u00edsica, como la qu\u00edmica y bioqu\u00edmica del suelo. Y responder\u00e1 a las siguientes preguntas:<\/p>\n\n\n\n<ul class=\"wp-block-list\">\n<li>\u00bfSomos capaces de mejorar la salud del suelo?<\/li>\n\n\n\n<li>\u00bfSomos capaces de sostener y aumentar la biodiversidad?<\/li>\n\n\n\n<li>\u00bfContamos con herramientas para hacerlo? <\/li>\n\n\n\n<li><\/li>\n<\/ul>\n\n\n\n<p class=\"has-background\" style=\"background-color:#abb7c24a\"><strong>Inscripci\u00f3n: <a href=\"https:\/\/lnkd.in\/dsiND7_c\">https:\/\/lnkd.in\/dsiND7_c<\/a><\/strong> <\/p>\n\n\n\n<div style=\"height:35px\" aria-hidden=\"true\" class=\"wp-block-spacer\"><\/div>\n\n\n\n<p><\/p>\n","protected":false},"excerpt":{"rendered":"<p>El 29\/10, la empresa mendocina Agro Conciencia -proveedora de tecnolog\u00edas y servicios agroalimentarios y medioambientales-&hellip;<\/p>\n","protected":false},"author":2,"featured_media":167239,"comment_status":"closed","ping_status":"open","sticky":false,"template":"","format":"standard","meta":{"footnotes":""},"categories":[47],"tags":[],"class_list":["post-167186","post","type-post","status-publish","format-standard","has-post-thumbnail","hentry","category-agenda"],"_links":{"self":[{"href":"https:\/\/enolife.com.ar\/es\/wp-json\/wp\/v2\/posts\/167186","targetHints":{"allow":["GET"]}}],"collection":[{"href":"https:\/\/enolife.com.ar\/es\/wp-json\/wp\/v2\/posts"}],"about":[{"href":"https:\/\/enolife.com.ar\/es\/wp-json\/wp\/v2\/types\/post"}],"author":[{"embeddable":true,"href":"https:\/\/enolife.com.ar\/es\/wp-json\/wp\/v2\/users\/2"}],"replies":[{"embeddable":true,"href":"https:\/\/enolife.com.ar\/es\/wp-json\/wp\/v2\/comments?post=167186"}],"version-history":[{"count":0,"href":"https:\/\/enolife.com.ar\/es\/wp-json\/wp\/v2\/posts\/167186\/revisions"}],"wp:featuredmedia":[{"embeddable":true,"href":"https:\/\/enolife.com.ar\/es\/wp-json\/wp\/v2\/media\/167239"}],"wp:attachment":[{"href":"https:\/\/enolife.com.ar\/es\/wp-json\/wp\/v2\/media?parent=167186"}],"wp:term":[{"taxonomy":"category","embeddable":true,"href":"https:\/\/enolife.com.ar\/es\/wp-json\/wp\/v2\/categories?post=167186"},{"taxonomy":"post_tag","embeddable":true,"href":"https:\/\/enolife.com.ar\/es\/wp-json\/wp\/v2\/tags?post=167186"}],"curies":[{"name":"wp","href":"https:\/\/api.w.org\/{rel}","templated":true}]}}