{"id":167096,"date":"2025-10-14T19:51:28","date_gmt":"2025-10-14T19:51:28","guid":{"rendered":"https:\/\/enolife.com.ar\/es\/?p=167096"},"modified":"2025-10-15T15:36:39","modified_gmt":"2025-10-15T15:36:39","slug":"dionisias-rose-2025-una-feria-en-apoyo-a-la-prevencion-del-cancer-de-mama-el-18-10-en-museo-fader","status":"publish","type":"post","link":"https:\/\/enolife.com.ar\/es\/dionisias-rose-2025-una-feria-en-apoyo-a-la-prevencion-del-cancer-de-mama-el-18-10-en-museo-fader\/","title":{"rendered":"Dionisias Ros\u00e9 2025: una feria en apoyo a la prevenci\u00f3n del c\u00e1ncer de mama, el 18\/10 en Museo Fader"},"content":{"rendered":"\n<h4 class=\"wp-block-heading\"><em><strong>El s\u00e1bado 18 de octubre de 2025, de 13 a 19 hs, en el Museo Provincial de Bellas Artes Emiliano Gui\u00f1az\u00fa-Casa Fader, en Luj\u00e1n de Cuyo, Mendoza, se llevar\u00e1 a cabo una feria protagonizada por las mujeres integradas en Dionisias Wine Fair. La actividad es en apoyo de la campa\u00f1a del Mes Rosa, dedicada a la concientizaci\u00f3n, sensibilizaci\u00f3n y prevenci\u00f3n del c\u00e1ncer de mama.<\/strong><\/em><\/h4>\n\n\n\n<div style=\"height:36px\" aria-hidden=\"true\" class=\"wp-block-spacer\"><\/div>\n\n\n<a href=\"https:\/\/altieri.com.ar\/\" aria-label=\"ALTIERI-1700X500\"><img loading=\"lazy\" decoding=\"async\" src=\"https:\/\/enolife.com.ar\/es\/wp-content\/uploads\/2025\/02\/ALTIERI-1700X500.jpg\" alt=\"\"  srcset=\"https:\/\/enolife.com.ar\/es\/wp-content\/uploads\/2025\/02\/ALTIERI-1700X500.jpg 1700w, https:\/\/enolife.com.ar\/es\/wp-content\/uploads\/2025\/02\/ALTIERI-1700X500-300x88.jpg 300w, https:\/\/enolife.com.ar\/es\/wp-content\/uploads\/2025\/02\/ALTIERI-1700X500-1024x301.jpg 1024w, https:\/\/enolife.com.ar\/es\/wp-content\/uploads\/2025\/02\/ALTIERI-1700X500-768x226.jpg 768w, https:\/\/enolife.com.ar\/es\/wp-content\/uploads\/2025\/02\/ALTIERI-1700X500-1536x452.jpg 1536w, https:\/\/enolife.com.ar\/es\/wp-content\/uploads\/2025\/02\/ALTIERI-1700X500-1170x344.jpg 1170w, https:\/\/enolife.com.ar\/es\/wp-content\/uploads\/2025\/02\/ALTIERI-1700X500-585x172.jpg 585w\" sizes=\"auto, (max-width: 1700px) 100vw, 1700px\" width=\"1700\" height=\"500\"   \/><\/a>\n\n\n<div style=\"height:45px\" aria-hidden=\"true\" class=\"wp-block-spacer\"><\/div>\n\n\n\n<p>Organizada en conjunto por <strong>Dionisias Wine Fair<\/strong> y la <strong>Subsecretar\u00eda de Cultura del Gobierno de Mendoza<\/strong>, el pr\u00f3ximo s\u00e1bado 18\/10\/25 se realizar\u00e1 la feria <strong>Dionisias Ros\u00e9 2025<\/strong>. La propuesta invita a mendocinos y turistas a disfrutar una jornada entre arte, m\u00fasica y vino. Habr\u00e1 degustaciones de vinos y espumantes rosados, naranjos y blanc de noir, adem\u00e1s de una feria de emprendimientos locales con productos artesanales y gastron\u00f3micos. Los asistentes podr\u00e1n recorrer los jardines del <strong>Museo Provincial de Bellas Artes Emiliano Gui\u00f1az\u00fa-Casa Fader<\/strong> (San Mart\u00edn 3651, Mayor Drummond, Luj\u00e1n, Mendoza) y disfrutar del show musical del grupo de tango femenino <strong>Entramadas<\/strong>, a partir de las 18 hs.<\/p>\n\n\n\n<p>El ingreso general al museo ser\u00e1 gratuito y con cupo limitado. Quienes deseen participar en la degustaci\u00f3n podr\u00e1n adquirir su ticket anticipado a trav\u00e9s de <a href=\"https:\/\/www.entradaweb.com.ar\/evento\/19b8fbd1\/step\/1\">EntradaWeb<\/a>. La actividad es para mayores de 18 a\u00f1os e incluye el pago de un seguro de copa de $4.500 en efectivo.<\/p>\n\n\n\n<div style=\"height:32px\" aria-hidden=\"true\" class=\"wp-block-spacer\"><\/div>\n\n\n\n<p class=\"has-medium-font-size\"><strong>Un espacio de encuentro y conciencia<\/strong><\/p>\n\n\n\n<p><strong>Dionisias Wine Fair<\/strong> naci\u00f3 con la intenci\u00f3n de visibilizar y potenciar el rol de las mujeres en la industria vitivin\u00edcola. En\u00f3logas, sommeliers, consultoras, ingenieras agr\u00f3nomas y due\u00f1as de bodegas se re\u00fanen cada a\u00f1o para celebrar su trabajo y promover una vitivinicultura m\u00e1s diversa, equitativa y colaborativa.<\/p>\n\n\n\n<div style=\"height:32px\" aria-hidden=\"true\" class=\"wp-block-spacer\"><\/div>\n\n\n<div class=\"wp-block-image\">\n<figure class=\"aligncenter size-large is-resized\"><a href=\"https:\/\/enolife.com.ar\/es\/wp-content\/uploads\/2025\/10\/dionisias-2.jpg\" data-rel=\"penci-gallery-image-content\" ><img loading=\"lazy\" decoding=\"async\" width=\"1024\" height=\"712\" src=\"https:\/\/enolife.com.ar\/es\/wp-content\/uploads\/2025\/10\/dionisias-2-1024x712.jpg\" alt=\"\" class=\"wp-image-167103\" style=\"width:722px;height:auto\" srcset=\"https:\/\/enolife.com.ar\/es\/wp-content\/uploads\/2025\/10\/dionisias-2-1024x712.jpg 1024w, https:\/\/enolife.com.ar\/es\/wp-content\/uploads\/2025\/10\/dionisias-2-300x209.jpg 300w, https:\/\/enolife.com.ar\/es\/wp-content\/uploads\/2025\/10\/dionisias-2-768x534.jpg 768w, https:\/\/enolife.com.ar\/es\/wp-content\/uploads\/2025\/10\/dionisias-2-1170x814.jpg 1170w, https:\/\/enolife.com.ar\/es\/wp-content\/uploads\/2025\/10\/dionisias-2-585x407.jpg 585w, https:\/\/enolife.com.ar\/es\/wp-content\/uploads\/2025\/10\/dionisias-2.jpg 1536w\" sizes=\"auto, (max-width: 1024px) 100vw, 1024px\" \/><\/a><\/figure><\/div>\n\n\n<div style=\"height:29px\" aria-hidden=\"true\" class=\"wp-block-spacer\"><\/div>\n\n\n\n<p>En su quinta edici\u00f3n, la feria consolida su lugar como un referente del vino con perspectiva de g\u00e9nero, y contin\u00faa creciendo luego de haber sido declarada de Inter\u00e9s Cultural en 2023 por la Subsecretar\u00eda de Cultura de la Provincia de Mendoza.<\/p>\n\n\n\n<p>La actividad contar\u00e1 con la presencia de destacadas bodegas que presentar\u00e1n una selecta variedad de vinos de alta calidad. Entre ellas se encuentran <strong>Mariela Ardito (vinos de autor), Finca Savina, Susana Balbo, Chandon, Brebaje Divino, Finca Musse, Solo Una Vez, Bodegas Argento y Otronia, Bodega Vistalba, Casa de Uco, Finca La Celia <\/strong>y la<strong> Consultora Eno, <\/strong>con vinos<strong> de A16 <\/strong>y<strong> Vignes des Andes.<\/strong><\/p>\n\n\n\n<div style=\"height:33px\" aria-hidden=\"true\" class=\"wp-block-spacer\"><\/div>\n\n\n\n<p class=\"has-medium-font-size\"><strong>Propuesta innovadora<\/strong><\/p>\n\n\n\n<p>Tambi\u00e9n formar\u00e1n parte del encuentro <strong>Bodega Trapiche, Bodega Santa Julia, Bodega Kaiken <\/strong>y el <strong>Grupo Pernod Ricard<\/strong>, con sus reconocidas etiquetas <strong>Cafayate, Mumm <\/strong>y <strong>Vermut Ramazotti<\/strong>, adem\u00e1s de Vermout <strong>Testa Matta<\/strong>, ofreciendo una experiencia \u00fanica para los amantes del vino.<\/p>\n\n\n\n<div style=\"height:36px\" aria-hidden=\"true\" class=\"wp-block-spacer\"><\/div>\n\n\n<div class=\"wp-block-image\">\n<figure class=\"aligncenter size-large is-resized\"><a href=\"https:\/\/enolife.com.ar\/es\/wp-content\/uploads\/2025\/10\/dionisias-3.jpg\" data-rel=\"penci-gallery-image-content\" ><img loading=\"lazy\" decoding=\"async\" width=\"1024\" height=\"681\" src=\"https:\/\/enolife.com.ar\/es\/wp-content\/uploads\/2025\/10\/dionisias-3-1024x681.jpg\" alt=\"\" class=\"wp-image-167104\" style=\"width:710px;height:auto\" srcset=\"https:\/\/enolife.com.ar\/es\/wp-content\/uploads\/2025\/10\/dionisias-3-1024x681.jpg 1024w, https:\/\/enolife.com.ar\/es\/wp-content\/uploads\/2025\/10\/dionisias-3-300x200.jpg 300w, https:\/\/enolife.com.ar\/es\/wp-content\/uploads\/2025\/10\/dionisias-3-768x511.jpg 768w, https:\/\/enolife.com.ar\/es\/wp-content\/uploads\/2025\/10\/dionisias-3-1170x778.jpg 1170w, https:\/\/enolife.com.ar\/es\/wp-content\/uploads\/2025\/10\/dionisias-3-585x389.jpg 585w, https:\/\/enolife.com.ar\/es\/wp-content\/uploads\/2025\/10\/dionisias-3.jpg 1536w\" sizes=\"auto, (max-width: 1024px) 100vw, 1024px\" \/><\/a><\/figure><\/div>\n\n\n<div style=\"height:40px\" aria-hidden=\"true\" class=\"wp-block-spacer\"><\/div>\n\n\n\n<p>El recorrido se completa con la presencia de productoras locales, que aportan sabores, aromas y creatividad a la propuesta. Entre ellas se destacan <strong>Aceite de Oliva Rapa<\/strong>, <strong>Alquer\u00eda Vinagres Varietales<\/strong>, <strong>Kyros<\/strong> y <strong>Mujeres Picantes<\/strong>, <strong>Alma Cueros<\/strong>, <strong>M\u00e1s que Maderas<\/strong>, <strong>Terru\u00f1os de Mendoza<\/strong>, <strong>Cavas de Lunlunta<\/strong> y <strong>Renasce Sombreros<\/strong>, ofreciendo productos que reflejan la riqueza artesanal y gastron\u00f3mica de la regi\u00f3n.<\/p>\n\n\n\n<p>Con esta combinaci\u00f3n de vinos, productos artesanales y creatividad local, esta propuesta se presenta como una verdadera celebraci\u00f3n del sabor, la cultura y la identidad mendocina.<\/p>\n\n\n\n<div style=\"height:45px\" aria-hidden=\"true\" class=\"wp-block-spacer\"><\/div>\n","protected":false},"excerpt":{"rendered":"<p>El s\u00e1bado 18 de octubre de 2025, de 13 a 19 hs, en el Museo&hellip;<\/p>\n","protected":false},"author":2,"featured_media":167106,"comment_status":"closed","ping_status":"open","sticky":false,"template":"","format":"standard","meta":{"footnotes":""},"categories":[47],"tags":[],"class_list":["post-167096","post","type-post","status-publish","format-standard","has-post-thumbnail","hentry","category-agenda"],"_links":{"self":[{"href":"https:\/\/enolife.com.ar\/es\/wp-json\/wp\/v2\/posts\/167096","targetHints":{"allow":["GET"]}}],"collection":[{"href":"https:\/\/enolife.com.ar\/es\/wp-json\/wp\/v2\/posts"}],"about":[{"href":"https:\/\/enolife.com.ar\/es\/wp-json\/wp\/v2\/types\/post"}],"author":[{"embeddable":true,"href":"https:\/\/enolife.com.ar\/es\/wp-json\/wp\/v2\/users\/2"}],"replies":[{"embeddable":true,"href":"https:\/\/enolife.com.ar\/es\/wp-json\/wp\/v2\/comments?post=167096"}],"version-history":[{"count":0,"href":"https:\/\/enolife.com.ar\/es\/wp-json\/wp\/v2\/posts\/167096\/revisions"}],"wp:featuredmedia":[{"embeddable":true,"href":"https:\/\/enolife.com.ar\/es\/wp-json\/wp\/v2\/media\/167106"}],"wp:attachment":[{"href":"https:\/\/enolife.com.ar\/es\/wp-json\/wp\/v2\/media?parent=167096"}],"wp:term":[{"taxonomy":"category","embeddable":true,"href":"https:\/\/enolife.com.ar\/es\/wp-json\/wp\/v2\/categories?post=167096"},{"taxonomy":"post_tag","embeddable":true,"href":"https:\/\/enolife.com.ar\/es\/wp-json\/wp\/v2\/tags?post=167096"}],"curies":[{"name":"wp","href":"https:\/\/api.w.org\/{rel}","templated":true}]}}