{"id":16700,"date":"2020-07-23T16:32:21","date_gmt":"2020-07-23T16:32:21","guid":{"rendered":"http:\/\/enolife.com.ar\/es\/?p=16700"},"modified":"2020-07-27T16:47:45","modified_gmt":"2020-07-27T16:47:45","slug":"el-sindicato-de-contratistas-de-vinas-y-frutales-cerro-su-paritaria-con-un-26-de-aumento","status":"publish","type":"post","link":"https:\/\/enolife.com.ar\/es\/el-sindicato-de-contratistas-de-vinas-y-frutales-cerro-su-paritaria-con-un-26-de-aumento\/","title":{"rendered":"El Sindicato de Contratistas de Vi\u00f1as y Frutales cerr\u00f3 su paritaria con un 26% de aumento"},"content":{"rendered":"\n<h4 class=\"wp-block-heading\"><em><strong>El Sindicato \u00danico de Trabajadores Contratistas de Vi\u00f1as y Frutales de Mendoza concluy\u00f3 la negociaci\u00f3n paritaria en junio, acordando una suba retroactiva a mayo, y hasta el 30\/09\/2020. Los aumentos con respecto a los sueldos anteriores son del 26% para trabajadores de vi\u00f1as y frutales en producci\u00f3n y del 8% para los de frutales que no est\u00e1n produciendo. Patronal y Sindicato coinciden en que no es un aumento equitativo, pero saben que los productores -para quienes los salarios significan el 68% de sus ingresos- no podr\u00edan afrontar un aumento mayor.<\/strong><\/em><\/h4>\n\n\n\n<div style=\"height:49px\" aria-hidden=\"true\" class=\"wp-block-spacer\"><\/div>\n\n\n\n<p>Las paritarias para los Contratistas de Vi\u00f1as y Frutales se cerraron en el mes de junio, y tal como ocurri\u00f3 en el anterior per\u00edodo 2019\/2020, quedaron vigentes hasta setiembre. Por otro lado, cabe mencionar que reci\u00e9n al cierre de las paritarias, a fines de junio, los empleadores cobraron el Programa de Asistencia al Trabajo (ATP, la ayuda del Estado a las empresas para pagar sueldos, implementada a partir del estallido de la pandemia).<\/p>\n\n\n\n<p>As\u00ed lo expres\u00f3 Eduardo Senra, coordinador general de la Uni\u00f3n Vitivin\u00edcola Argentina (UVA) y representante del sector patronal en la paritaria: \u00abFue dif\u00edcil tramitar los ATP, porque para acceder a ello se ped\u00edan requisitos muy complicados, por ejemplo, que a\u00f1o contra a\u00f1o la utilidad tiene que superar el 5%, pero no consideran el ajuste por inflaci\u00f3n\u00bb. Senra ampli\u00f3: \u00abNosotros, desde la comisi\u00f3n interna de la UVA, llevamos el pedido a la Coviar para que el sector sea inclu\u00eddo en el programa de ATP,  y se pudo gestionar, pero el beneficio no le lleg\u00f3 a todos los productores. porque los requerimientos eran bastante complicados para los productores primarios\u00bb.<\/p>\n\n\n\n<p>Lo cierto es que tanto los representantes de los trabajadores como de los empleadores coincidieron en que no es f\u00e1cil llegar a un acuerdo justo a causa de los precios de venta de uva, y las formas de pago diferidas, sin contar la inflaci\u00f3n que la econom\u00eda de Argentina viene padeciendo. Otra de las preocupaciones compartidas de ambas partes es la erradicaci\u00f3n de los vi\u00f1edos, que a\u00f1o a a\u00f1o se intensifica.<\/p>\n\n\n\n<div class=\"wp-block-image\"><figure class=\"alignleft\"><img decoding=\"async\" src=\"https:\/\/media-exp1.licdn.com\/dms\/image\/C4E03AQGdvqPwfKZ9Aw\/profile-displayphoto-shrink_200_200\/0?e=1600905600&amp;v=beta&amp;t=QqhaR9C9uv9o_VeSOG217FouaWv3N1PQ1MWJsQ5RYck\" alt=\"Eduardo Senra\"\/><figcaption><strong>Eduardo Senra<\/strong><\/figcaption><\/figure><\/div>\n\n\n\n<p>Senra continu\u00f3 explicando la situaci\u00f3n de la patronal: \u00abSi bien la actividad fue exceptuada, el productor no tiene plata porque no est\u00e1 vendiendo, y por otro lado reci\u00e9n ahora est\u00e1 cobrando la cosecha, y en  cheques. Y tuvo que afrontar todos los costos m\u00e1s los salarios -que superan el 68% de sus ingreso- con la rentabilidad que le quedaba del a\u00f1o pasado, adem\u00e1s de mantener la fuente de trabajo. Realmente, el productor tuvo muy serios problemas&#8230; Entonces, cuando los trabajadores piden un justo aumento, \u00bfcon qu\u00e9 se va a pagar?Es un c\u00edrculo vicioso. Sabemos que los trabajadores se lo merecen, as\u00ed que estamos tratando de &#8216;remarla&#8217;, para ver c\u00f3mo hacer para que el productor pueda pagar lo que al trabajador necesita\u00bb.<\/p>\n\n\n\n<p>\u00abSe est\u00e1n buscando soluciones; yo creo que puede ser interesante el tema del Banco de Vinos, que puede equilibrar mejor la balanza, generando un precio justo y rentable para toda la cadena&#8230; Y la otra iniciativa importante es la ley de uso de jugos naturales, porque al sacar stock que va a mosto para endulzar, eso puede ayudar a levantar el precio del vino\u00bb, concluy\u00f3 Senra.<\/p>\n\n\n\n<div style=\"height:20px\" aria-hidden=\"true\" class=\"wp-block-spacer\"><\/div>\n\n\n\n<div class=\"wp-block-image\"><figure class=\"alignleft size-large\"><img loading=\"lazy\" decoding=\"async\" width=\"210\" height=\"211\" src=\"https:\/\/enolife.com.ar\/es\/wp-content\/uploads\/2020\/07\/image-28.png\" alt=\"\" class=\"wp-image-16861\" srcset=\"https:\/\/enolife.com.ar\/es\/wp-content\/uploads\/2020\/07\/image-28.png 210w, https:\/\/enolife.com.ar\/es\/wp-content\/uploads\/2020\/07\/image-28-150x150.png 150w\" sizes=\"auto, (max-width: 210px) 100vw, 210px\" \/><figcaption><strong>Edgardo Lera<\/strong><\/figcaption><\/figure><\/div>\n\n\n\n<p>Por su parte, Edgardo Lera, secretario general del Sindicato \u00danico de Trabajadores Contratistas de Vi\u00f1as y Frutales de Mendoza desde el a\u00f1o 2015, relat\u00f3: \u00abNosotros reci\u00e9n ahora pudimos aplicar el decreto 14\/2020 y pedimos un aumento del 40%, porque la inflaci\u00f3n se comi\u00f3 el salario, pero no se pudo llegar a ese porcentaje porque la mayor\u00eda de los productores tampoco pueden pagarlo&#8230; Pero dejamos abiertas las paritarias para volver a sentarnos en setiembre; lo que s\u00ed nos dej\u00f3 conformes es que en este contexto nadie est\u00e1 paritando, entonces para nosotros fue importante negociar este aumento y cerrar la paritaria\u00bb.<\/p>\n\n\n\n<p>Y contin\u00faa Lera: \u00abLa crisis del productor afect\u00f3 al trabajador y la consecuencia es que en los \u00faltimos a\u00f1os la erradicaci\u00f3n de vi\u00f1edos fue muy severa, se abandonaron fincas o las convirtieron en barrios privados o en chacras.<a> <\/a>Hoy tenemos 3.500 familias afiliadas, pero hace dos a\u00f1os eran 5.000 familias\u00bb.<\/p>\n\n\n\n<p>Para Lera, el Banco de Vinos tambi\u00e9n puede colaborar a mejorar la situaci\u00f3n: \u00abEs un buen proyecto, hay que ver c\u00f3mo lo implementan; de todos modos, no es la soluci\u00f3n para los peque\u00f1os productores&#8230; Nosotros siempre decimos lo mismo: por ejemplo, hoy el consumo de vino interno ha subido, pero no se ve reflejado en el productor y menos en el trabajador\u00bb.<\/p>\n\n\n\n<div style=\"height:20px\" aria-hidden=\"true\" class=\"wp-block-spacer\"><\/div>\n\n\n\n<p><strong>A continuaci\u00f3n, ponemos a disposici\u00f3n de los lectores los links con las paritarias 2020-2021 y los de 2019-2020 para su comparaci\u00f3n:<\/strong><\/p>\n\n\n\n<p class=\"has-background has-luminous-vivid-amber-background-color\"><a href=\"https:\/\/enolife.com.ar\/es\/wp-content\/uploads\/2020\/07\/ESCALA_20-21_17333-45.pdf\"><strong>Escalas 2020-2021 Sindicato \u00danico de Trabajadores Contratistas de Vi\u00f1as y Frutales. <\/strong><\/a><br><br> <a href=\"https:\/\/enolife.com.ar\/es\/wp-content\/uploads\/2020\/07\/ESCALA_19-20.pdf\"><strong>Escalas 2019-2020 Sindicato \u00danico de Trabajadores Contratistas de Vi\u00f1as y Frutales. <\/strong><\/a> <\/p>\n\n\n\n<div style=\"height:20px\" aria-hidden=\"true\" class=\"wp-block-spacer\"><\/div>\n\n\n\n<div class=\"wp-block-image\"><figure class=\"aligncenter size-large is-resized\"><img loading=\"lazy\" decoding=\"async\" src=\"https:\/\/enolife.com.ar\/es\/wp-content\/uploads\/2020\/07\/image-30.png\" alt=\"\" class=\"wp-image-16867\" width=\"504\" height=\"337\" srcset=\"https:\/\/enolife.com.ar\/es\/wp-content\/uploads\/2020\/07\/image-30.png 947w, https:\/\/enolife.com.ar\/es\/wp-content\/uploads\/2020\/07\/image-30-300x201.png 300w, https:\/\/enolife.com.ar\/es\/wp-content\/uploads\/2020\/07\/image-30-768x514.png 768w, https:\/\/enolife.com.ar\/es\/wp-content\/uploads\/2020\/07\/image-30-585x392.png 585w\" sizes=\"auto, (max-width: 504px) 100vw, 504px\" \/><\/figure><\/div>\n\n\n\n<div style=\"height:20px\" aria-hidden=\"true\" class=\"wp-block-spacer\"><\/div>\n\n\n\n<p class=\"has-small-font-size\"><em><strong>Fuentes: Sindicato \u00danico de Trabajadores Contratistas de Vi\u00f1as y Frutales, Uni\u00f3n Vitivin\u00edcola Argentina y www.agrofy.com.ar (abogada Marina Simondegui, del&nbsp;Departamento T\u00e9cnico Legal Laboral de la Consultora Arizmendi). <\/strong><\/em><\/p>\n\n\n\n<div style=\"height:20px\" aria-hidden=\"true\" class=\"wp-block-spacer\"><\/div>\n","protected":false},"excerpt":{"rendered":"<p>El Sindicato \u00danico de Trabajadores Contratistas de Vi\u00f1as y Frutales de Mendoza concluy\u00f3 la negociaci\u00f3n&hellip;<\/p>\n","protected":false},"author":3,"featured_media":16747,"comment_status":"open","ping_status":"open","sticky":false,"template":"","format":"standard","meta":{"footnotes":""},"categories":[14],"tags":[],"class_list":["post-16700","post","type-post","status-publish","format-standard","has-post-thumbnail","hentry","category-news"],"_links":{"self":[{"href":"https:\/\/enolife.com.ar\/es\/wp-json\/wp\/v2\/posts\/16700","targetHints":{"allow":["GET"]}}],"collection":[{"href":"https:\/\/enolife.com.ar\/es\/wp-json\/wp\/v2\/posts"}],"about":[{"href":"https:\/\/enolife.com.ar\/es\/wp-json\/wp\/v2\/types\/post"}],"author":[{"embeddable":true,"href":"https:\/\/enolife.com.ar\/es\/wp-json\/wp\/v2\/users\/3"}],"replies":[{"embeddable":true,"href":"https:\/\/enolife.com.ar\/es\/wp-json\/wp\/v2\/comments?post=16700"}],"version-history":[{"count":0,"href":"https:\/\/enolife.com.ar\/es\/wp-json\/wp\/v2\/posts\/16700\/revisions"}],"wp:featuredmedia":[{"embeddable":true,"href":"https:\/\/enolife.com.ar\/es\/wp-json\/wp\/v2\/media\/16747"}],"wp:attachment":[{"href":"https:\/\/enolife.com.ar\/es\/wp-json\/wp\/v2\/media?parent=16700"}],"wp:term":[{"taxonomy":"category","embeddable":true,"href":"https:\/\/enolife.com.ar\/es\/wp-json\/wp\/v2\/categories?post=16700"},{"taxonomy":"post_tag","embeddable":true,"href":"https:\/\/enolife.com.ar\/es\/wp-json\/wp\/v2\/tags?post=16700"}],"curies":[{"name":"wp","href":"https:\/\/api.w.org\/{rel}","templated":true}]}}