{"id":16687,"date":"2020-07-21T13:44:42","date_gmt":"2020-07-21T13:44:42","guid":{"rendered":"http:\/\/enolife.com.ar\/es\/?p=16687"},"modified":"2020-07-22T17:30:18","modified_gmt":"2020-07-22T17:30:18","slug":"yoga-por-los-caminos-del-vino-regresa-a-las-bodegas","status":"publish","type":"post","link":"https:\/\/enolife.com.ar\/es\/yoga-por-los-caminos-del-vino-regresa-a-las-bodegas\/","title":{"rendered":"Yoga por los Caminos del Vino regresa a las bodegas"},"content":{"rendered":"\n<h4 class=\"wp-block-heading\"><em><strong>A partir de hoy mi\u00e9rcoles 22 de julio, y durante todo el mes de agosto, se podr\u00e1 acceder en bodegas de Luj\u00e1n y Maip\u00fa a la experiencia que combina el universo del yoga y el vino. Con cupos limitados, se brindar\u00e1n clases a media ma\u00f1ana seguidas de un aperitivo, y por la tarde acompa\u00f1adas por un completo servicio de t\u00e9.<\/strong><\/em><\/h4>\n\n\n\n<div style=\"height:20px\" aria-hidden=\"true\" class=\"wp-block-spacer\"><\/div>\n\n\n\n<p>Yoga por los Caminos del Vino anunci\u00f3 la reapertura de sus experiencias presenciales en escenarios vitivin\u00edcolas para ofrecer clases de yoga durante los mediod\u00edas y siestas del invierno mendocino, en conjunto con cinco bodegas locales que sumar\u00e1n, al t\u00e9rmino de la pr\u00e1ctica, opciones individuales de brunch o un servicio de t\u00e9.<\/p>\n\n\n\n<p>Este novedoso producto enotur\u00edstico readapt\u00f3 su formato original de eventos con numeroso p\u00fablico y brindis compartidos, para ofrecer ahora clases y propuestas gastron\u00f3micas de acuerdo a las disposiciones vigentes en el marco de la emergencia sanitaria. <strong>Se establece as\u00ed como una nueva experiencia enotur\u00edstica en forma regular y permanente, asociada a diversas bodegas locales.<\/strong><\/p>\n\n\n\n<p>Seg\u00fan\nel calendario programado para los \u00faltimos d\u00edas de julio y durante todo el mes\nde agosto, las clases se podr\u00e1n tomar en las siguientes locaciones, d\u00edas y\nhorarios:<\/p>\n\n\n\n<div style=\"height:20px\" aria-hidden=\"true\" class=\"wp-block-spacer\"><\/div>\n\n\n\n<div class=\"wp-block-image\"><figure class=\"alignleft size-large is-resized\"><img loading=\"lazy\" decoding=\"async\" src=\"https:\/\/enolife.com.ar\/es\/wp-content\/uploads\/2020\/07\/image-26.png\" alt=\"\" class=\"wp-image-16691\" width=\"327\" height=\"590\" srcset=\"https:\/\/enolife.com.ar\/es\/wp-content\/uploads\/2020\/07\/image-26.png 372w, https:\/\/enolife.com.ar\/es\/wp-content\/uploads\/2020\/07\/image-26-166x300.png 166w\" sizes=\"auto, (max-width: 327px) 100vw, 327px\" \/><\/figure><\/div>\n\n\n\n<p><strong>Mediod\u00edas de yoga + \u00abbrunch\u00bb: <\/strong><\/p>\n\n\n\n<ul class=\"wp-block-list\"><li>Viernes 11 horas &#8211; Bodega Bressia<\/li><li>S\u00e1bados 11 horas &#8211; Bodega Terrazas de los Andes<\/li><\/ul>\n\n\n\n<p><strong>Tardes de yoga + t\u00e9: <\/strong><\/p>\n\n\n\n<ul class=\"wp-block-list\"><li>Mi\u00e9rcoles 16 horas \u2013 Bodega Trez Wines<\/li><li>Jueves 15 horas \u2013 Club Tapiz<\/li><li>S\u00e1bados 16 horas \u2013 Bodega Santa Julia<\/li><\/ul>\n\n\n\n<p>Los encuentros adherir\u00e1n a los protocolos vigentes, por lo que se admitir\u00e1n en esta primera etapa solamente diez personas por clase y con distanciamiento social. Cada practicante deber\u00e1 asistir con su propio \u00abmat\u00bb o colchoneta de yoga, y completar previamente la declaraci\u00f3n jurada de salud. <\/p>\n\n\n\n<p>Cada\nasistente a la clase respetar\u00e1 el d\u00eda permitido para circular seg\u00fan la\nfinalizaci\u00f3n de su documento. No obstante, en caso de que asistan m\u00e1s de dos\npersonas juntas, al menos una de ellas deber\u00e1 cumplir con esta disposici\u00f3n.<\/p>\n\n\n\n<p>\u201cMucho tiempo pas\u00f3 desde nuestro \u00faltimo encuentro presencial en una bodega. Fueron momentos plenos de incertidumbre, en los que nos cuidamos y nos preparamos para el d\u00eda en que pudi\u00e9ramos dejar atr\u00e1s el confinamiento, los encuentros virtuales y regresar a estos escenarios naturales. En pocos d\u00edas m\u00e1s comenzamos a cumplir este sue\u00f1o nuevamente\u201d, afirm\u00f3 Alejandra Navarr\u00eda, creadora de Yoga por los Caminos del Vino.<\/p>\n\n\n\n<p>A pesar del aislamiento de estos meses, desde que empez\u00f3 la cuarentena Yoga por los Caminos del Vino continu\u00f3 sus actividades de manera virtual mediante la creaci\u00f3n de la \u00abGift Card Yoga Ros\u00e9\u00bb (tarjeta de regalo a\u00fan vigente); prest\u00f3 colaboraci\u00f3n en retiros de yoga on line, y ofreci\u00f3 una propuesta por el D\u00eda Internacional del Yoga, que se transmiti\u00f3 por Facebook Live y en su canal Youtube.<\/p>\n\n\n\n<p>\u201cEstamos ansiosos por cerrar los ojos y conectar con nuestra respiraci\u00f3n, recitar un <em>mantra<\/em>, practicar las <em>asanas<\/em> y elevar nuestro esp\u00edritu desde estos escenarios a los que extra\u00f1amos tanto. Hemos coordinado estas acciones con las bodegas con absoluta conciencia y responsabilidad, asoci\u00e1ndonos para vivir la experiencia de tal forma que todos nos sintamos a salvo y protegidos\u201d, agreg\u00f3 Navarr\u00eda, quien remarc\u00f3 que la Municipalidad de Luj\u00e1n estar\u00e1 presente con su \u00abOperativo Covid\u00bb, colaborando con la desinfecci\u00f3n y provisi\u00f3n de sanitizantes para las personas que ingresen, como parte de la campa\u00f1a \u00abTurismo Responsable\u00bb.<\/p>\n\n\n\n<p><strong>El valor de las experiencias Yoga + brunch o Yoga + t\u00e9 es de $ 1.400.<\/strong><\/p>\n\n\n\n<div style=\"height:20px\" aria-hidden=\"true\" class=\"wp-block-spacer\"><\/div>\n\n\n\n<p class=\"has-background has-luminous-vivid-amber-background-color\"><strong>Las consultas pueden hacerse al mail: <a href=\"mailto:info@yogaporloscaminosdelvino.com.ar\">info@yogaporloscaminosdelvino.com.ar<\/a> y las entradas podr\u00e1n adquirirse en <a href=\"http:\/\/www.yogaporloscaminosdelvino.com.ar\">www.yogaporloscaminosdelvino.com.ar<\/a> a trav\u00e9s de la plataforma Eventbrite, en el siguiente link: <a href=\"https:\/\/www.eventbrite.com.ar\/o\/yoga-por-los-caminos-del-vino-17838352464\">https:\/\/www.eventbrite.com.ar\/o\/yoga-por-los-caminos-del-vino-17838352464<\/a><\/strong><\/p>\n","protected":false},"excerpt":{"rendered":"<p>A partir de hoy mi\u00e9rcoles 22 de julio, y durante todo el mes de agosto,&hellip;<\/p>\n","protected":false},"author":3,"featured_media":16697,"comment_status":"open","ping_status":"open","sticky":false,"template":"","format":"standard","meta":{"footnotes":""},"categories":[11],"tags":[],"class_list":["post-16687","post","type-post","status-publish","format-standard","has-post-thumbnail","hentry","category-enoturismo"],"_links":{"self":[{"href":"https:\/\/enolife.com.ar\/es\/wp-json\/wp\/v2\/posts\/16687","targetHints":{"allow":["GET"]}}],"collection":[{"href":"https:\/\/enolife.com.ar\/es\/wp-json\/wp\/v2\/posts"}],"about":[{"href":"https:\/\/enolife.com.ar\/es\/wp-json\/wp\/v2\/types\/post"}],"author":[{"embeddable":true,"href":"https:\/\/enolife.com.ar\/es\/wp-json\/wp\/v2\/users\/3"}],"replies":[{"embeddable":true,"href":"https:\/\/enolife.com.ar\/es\/wp-json\/wp\/v2\/comments?post=16687"}],"version-history":[{"count":0,"href":"https:\/\/enolife.com.ar\/es\/wp-json\/wp\/v2\/posts\/16687\/revisions"}],"wp:featuredmedia":[{"embeddable":true,"href":"https:\/\/enolife.com.ar\/es\/wp-json\/wp\/v2\/media\/16697"}],"wp:attachment":[{"href":"https:\/\/enolife.com.ar\/es\/wp-json\/wp\/v2\/media?parent=16687"}],"wp:term":[{"taxonomy":"category","embeddable":true,"href":"https:\/\/enolife.com.ar\/es\/wp-json\/wp\/v2\/categories?post=16687"},{"taxonomy":"post_tag","embeddable":true,"href":"https:\/\/enolife.com.ar\/es\/wp-json\/wp\/v2\/tags?post=16687"}],"curies":[{"name":"wp","href":"https:\/\/api.w.org\/{rel}","templated":true}]}}