{"id":166754,"date":"2025-10-19T15:41:50","date_gmt":"2025-10-19T15:41:50","guid":{"rendered":"https:\/\/enolife.com.ar\/es\/?p=166754"},"modified":"2025-10-21T14:03:59","modified_gmt":"2025-10-21T14:03:59","slug":"poderoso-vino-un-elixir-rose-hecho-por-mujeres-resilientes-ante-el-cancer-de-mama","status":"publish","type":"post","link":"https:\/\/enolife.com.ar\/es\/poderoso-vino-un-elixir-rose-hecho-por-mujeres-resilientes-ante-el-cancer-de-mama\/","title":{"rendered":"Poderoso Vino, un elixir ros\u00e9 hecho por mujeres resilientes ante el c\u00e1ncer de mama"},"content":{"rendered":"\n<h4 class=\"wp-block-heading\"><em><strong>La Asociaci\u00f3n Civil Mujeres Poderosas Mendoza naci\u00f3 en 2022 como una red de contenci\u00f3n, acompa\u00f1amiento y recursos para mujeres que transitan o han superado el c\u00e1ncer de mama. Recientemente este grupo ha cumplido un sue\u00f1o con el lanzamiento de \u00abPoderoso Vino\u00bb, un blend rosado que representa resiliencia, empat\u00eda y uni\u00f3n. Tal como lo explican ellas, este vino \u00abno s\u00f3lo lleva aroma y sabor, sino tambi\u00e9n historias, esfuerzos y emociones de todas las mujeres que forman parte de este camino\u00bb. Este elixir fue posible gracias a la ayuda de las empresas mendocinas Casa Tano (bodega que aport\u00f3 elaboraci\u00f3n), Vinitec (fraccionamiento m\u00f3vil), Altieri (c\u00e1psulas), Sucopack (tapado), y Verallia (envases).<\/strong><\/em><\/h4>\n\n\n\n<div style=\"height:35px\" aria-hidden=\"true\" class=\"wp-block-spacer\"><\/div>\n\n\n<a href=\"https:\/\/enolife.com.ar\/es\/category\/vino\/\" aria-label=\"banner-el-vino-las-une\"><img loading=\"lazy\" decoding=\"async\" src=\"https:\/\/enolife.com.ar\/es\/wp-content\/uploads\/2021\/12\/banner-el-vino-las-une.gif\" alt=\"\"  width=\"1700\" height=\"500\"   \/><\/a>\n\n\n<div style=\"height:45px\" aria-hidden=\"true\" class=\"wp-block-spacer\"><\/div>\n\n\n\n<p><strong>Mujeres Poderosas Mendoza<\/strong> es una organizaci\u00f3n conformada por mujeres que atravesaron o est\u00e1n atravesando un diagn\u00f3stico de c\u00e1ncer, principalmente de mama. La organizaci\u00f3n fue fundada en junio de 2022 por la <strong>Licenciada Andrea Melendi<\/strong> -fisioterapeuta oncol\u00f3gica-, y<strong> Claudia Crisafulli <\/strong>-paciente oncol\u00f3gica en aquel momento- como una red de apoyo entre pacientes, con el objetivo de generar una comunidad emp\u00e1tica y empoderada, y se ha consolidado como un espacio fundamental para mujeres que enfrentan o han enfrentado esta enfermedad.<\/p>\n\n\n\n<div style=\"height:35px\" aria-hidden=\"true\" class=\"wp-block-spacer\"><\/div>\n\n\n<div class=\"wp-block-image\">\n<figure class=\"aligncenter size-large is-resized\"><a href=\"https:\/\/enolife.com.ar\/es\/wp-content\/uploads\/2025\/10\/image-64.png\" data-rel=\"penci-gallery-image-content\" ><img loading=\"lazy\" decoding=\"async\" width=\"1024\" height=\"538\" src=\"https:\/\/enolife.com.ar\/es\/wp-content\/uploads\/2025\/10\/image-64-1024x538.png\" alt=\"\" class=\"wp-image-167514\" style=\"width:648px;height:auto\" srcset=\"https:\/\/enolife.com.ar\/es\/wp-content\/uploads\/2025\/10\/image-64-1024x538.png 1024w, https:\/\/enolife.com.ar\/es\/wp-content\/uploads\/2025\/10\/image-64-300x158.png 300w, https:\/\/enolife.com.ar\/es\/wp-content\/uploads\/2025\/10\/image-64-768x403.png 768w, https:\/\/enolife.com.ar\/es\/wp-content\/uploads\/2025\/10\/image-64-1170x614.png 1170w, https:\/\/enolife.com.ar\/es\/wp-content\/uploads\/2025\/10\/image-64-585x307.png 585w, https:\/\/enolife.com.ar\/es\/wp-content\/uploads\/2025\/10\/image-64.png 1200w\" sizes=\"auto, (max-width: 1024px) 100vw, 1024px\" \/><\/a><\/figure><\/div>\n\n\n<div style=\"height:35px\" aria-hidden=\"true\" class=\"wp-block-spacer\"><\/div>\n\n\n\n<p>Adem\u00e1s de brindar ayuda directa, la asociaci\u00f3n busca&nbsp;<strong>concientizar sobre la importancia de los controles peri\u00f3dicos<\/strong>, promover un&nbsp;<strong>abordaje integral de la paciente oncol\u00f3gica<\/strong>&nbsp;y defender el cumplimiento de la legislaci\u00f3n vigente. Pero su labor adem\u00e1s, demuestra que la vida puede seguir llena de color, de v\u00ednculos y de proyectos.<\/p>\n\n\n\n<p>Entre los&nbsp;<strong>servicios que brindan<\/strong>, se destacan talleres, charlas, grupos de apoyo, y orientaci\u00f3n integral. Tambi\u00e9n se encargan de la&nbsp;<strong>donaci\u00f3n de insumos esenciales<\/strong>, como corpi\u00f1os postquir\u00fargicos, mangas para el tratamiento del linfedema y pr\u00f3tesis mamarias para pacientes que no cuentan con obra social.<\/p>\n\n\n\n<p class=\"has-background\" style=\"background-color:#f78da866\"><strong>Para conocer m\u00e1s sobre Mujeres Poderosas Mendoza podes visitar sus redes sociales: Instagram <a href=\"https:\/\/www.instagram.com\/mujerespoderosasmendoza\/\">@mujerespoderosasmendoza<\/a> &#8211; Facebook <a href=\"https:\/\/www.facebook.com\/mujerespoderosasmendoza\/\">@MP Mendoza<\/a><\/strong><\/p>\n\n\n\n<div style=\"height:45px\" aria-hidden=\"true\" class=\"wp-block-spacer\"><\/div>\n\n\n\n<p class=\"has-medium-font-size\"><strong>El sue\u00f1o de brindar con su propio vino<\/strong><\/p>\n\n\n\n<p>Para llevar adelante la asociaci\u00f3n, estas mujeres <em>\u00abpower\u00bb<\/em>, realizan diferentes actividades que les permite recaudar fondos. Entre ellas, recientemente lanzaron <strong>\u00abPoderoso Vino\u00bb,<\/strong> un sue\u00f1o hecho realidad <em>\u00abUn rosado que no solo lleva aroma y sabor, sino tambi\u00e9n historias, esfuerzos y emociones de todas las mujeres que formamos parte de este camino.<\/em> <em>Este vino no es solo una bebida, es un s\u00edmbolo de uni\u00f3n y resiliencia.\u00bb<\/em><\/p>\n\n\n\n<div style=\"height:35px\" aria-hidden=\"true\" class=\"wp-block-spacer\"><\/div>\n\n\n<div class=\"wp-block-image\">\n<figure class=\"aligncenter size-large is-resized\"><a href=\"https:\/\/enolife.com.ar\/es\/wp-content\/uploads\/2025\/10\/Imagen3-12.jpg\" data-rel=\"penci-gallery-image-content\" ><img loading=\"lazy\" decoding=\"async\" width=\"1024\" height=\"736\" src=\"https:\/\/enolife.com.ar\/es\/wp-content\/uploads\/2025\/10\/Imagen3-12-1024x736.jpg\" alt=\"\" class=\"wp-image-167504\" style=\"width:589px;height:auto\" srcset=\"https:\/\/enolife.com.ar\/es\/wp-content\/uploads\/2025\/10\/Imagen3-12-1024x736.jpg 1024w, https:\/\/enolife.com.ar\/es\/wp-content\/uploads\/2025\/10\/Imagen3-12-300x216.jpg 300w, https:\/\/enolife.com.ar\/es\/wp-content\/uploads\/2025\/10\/Imagen3-12-768x552.jpg 768w, https:\/\/enolife.com.ar\/es\/wp-content\/uploads\/2025\/10\/Imagen3-12-1170x841.jpg 1170w, https:\/\/enolife.com.ar\/es\/wp-content\/uploads\/2025\/10\/Imagen3-12-585x420.jpg 585w, https:\/\/enolife.com.ar\/es\/wp-content\/uploads\/2025\/10\/Imagen3-12.jpg 1250w\" sizes=\"auto, (max-width: 1024px) 100vw, 1024px\" \/><\/a><\/figure><\/div>\n\n\n<p><em> <\/em><\/p>\n\n\n\n<div style=\"height:35px\" aria-hidden=\"true\" class=\"wp-block-spacer\"><\/div>\n\n\n\n<p>El proyecto del vino cont\u00f3 con las manos de las propias mujeres y la ayuda de la <strong>bodega Casa Tano<\/strong>, que aport\u00f3 su arte enol\u00f3gico, la elaboraci\u00f3n y su establecimiento; <strong>Vinitec<\/strong>, con una fraccionadora m\u00f3vil; <strong>Sucopack<\/strong>, con la tapadora; <strong>Altieri <\/strong>con las c\u00e1psulas y <strong>Verallia <\/strong>con los envases. La edici\u00f3n especial es un blend ros\u00e9 y se elaboraron 200 botellas.<\/p>\n\n\n\n<div style=\"height:35px\" aria-hidden=\"true\" class=\"wp-block-spacer\"><\/div>\n\n\n<div class=\"wp-block-image\">\n<figure class=\"aligncenter size-large is-resized\"><a href=\"https:\/\/enolife.com.ar\/es\/wp-content\/uploads\/2025\/10\/Imagen2-15.jpg\" data-rel=\"penci-gallery-image-content\" ><img loading=\"lazy\" decoding=\"async\" width=\"1024\" height=\"758\" src=\"https:\/\/enolife.com.ar\/es\/wp-content\/uploads\/2025\/10\/Imagen2-15-1024x758.jpg\" alt=\"\" class=\"wp-image-167502\" style=\"width:659px;height:auto\" srcset=\"https:\/\/enolife.com.ar\/es\/wp-content\/uploads\/2025\/10\/Imagen2-15-1024x758.jpg 1024w, https:\/\/enolife.com.ar\/es\/wp-content\/uploads\/2025\/10\/Imagen2-15-300x222.jpg 300w, https:\/\/enolife.com.ar\/es\/wp-content\/uploads\/2025\/10\/Imagen2-15-768x569.jpg 768w, https:\/\/enolife.com.ar\/es\/wp-content\/uploads\/2025\/10\/Imagen2-15-1170x866.jpg 1170w, https:\/\/enolife.com.ar\/es\/wp-content\/uploads\/2025\/10\/Imagen2-15-585x433.jpg 585w, https:\/\/enolife.com.ar\/es\/wp-content\/uploads\/2025\/10\/Imagen2-15.jpg 1360w\" sizes=\"auto, (max-width: 1024px) 100vw, 1024px\" \/><\/a><\/figure><\/div>\n\n\n<div style=\"height:35px\" aria-hidden=\"true\" class=\"wp-block-spacer\"><\/div>\n\n\n\n<p>Para conocer m\u00e1s sobre esta experiencia, estas empresas cuentan c\u00f3mo llegaron al proyecto y la importancia de sentirse parte de la fuerza de estas mujeres.<\/p>\n\n\n\n<div style=\"height:45px\" aria-hidden=\"true\" class=\"wp-block-spacer\"><\/div>\n\n\n\n<p class=\"has-background\" style=\"background-color:#f78da866\"><strong>Vinitec: \u00abOrgullosos de colaborar con estas mujeres que transforman el dolor en fortaleza y esperanza<\/strong>\u00ab<\/p>\n\n\n<div class=\"wp-block-image\">\n<figure class=\"alignleft size-full is-resized\"><a href=\"https:\/\/enolife.com.ar\/es\/wp-content\/uploads\/2025\/10\/Imagen12-2.jpg\" data-rel=\"penci-gallery-image-content\" ><img loading=\"lazy\" decoding=\"async\" width=\"286\" height=\"382\" src=\"https:\/\/enolife.com.ar\/es\/wp-content\/uploads\/2025\/10\/Imagen12-2.jpg\" alt=\"\" class=\"wp-image-167485\" style=\"width:169px;height:auto\" srcset=\"https:\/\/enolife.com.ar\/es\/wp-content\/uploads\/2025\/10\/Imagen12-2.jpg 286w, https:\/\/enolife.com.ar\/es\/wp-content\/uploads\/2025\/10\/Imagen12-2-225x300.jpg 225w\" sizes=\"auto, (max-width: 286px) 100vw, 286px\" \/><\/a><\/figure><\/div>\n\n\n<p><strong>Vinitec<\/strong>, es una empresa mendocina que lleva 23 a\u00f1os en el mercado del <strong>fraccionamiento m\u00f3vil<\/strong>, proveyendo el servicio a bodegas de todo el pa\u00eds, con sistemas de trabajo a piso o en los semi de la empresa. Este modelo de trabajo se adapta tanto a peque\u00f1os emprendimientos familiares como a grandes productores. Cuenta con 5 m\u00e1quinas llenadoras y 5 etiquetadoras y cada equipo fracciona&nbsp;2.500 botellas por hora. Su proceso arranca con el filtrado final -cuando los vinos est\u00e1n estabilizados- y luego sigue con el enjuagado y desaireado de la botella, llenado, tapado, capsulado, etiquetado, puesta en caja, hasta la estiba de la caja en los palets.<\/p>\n\n\n\n<p>Su gerente, <strong>Fabio Rey<\/strong>, quien junto a sus socios apoyaron desde el primer momento esta propuesta con entusiasmo, coment\u00f3 a <strong>Enolife <\/strong><em>\u00abCuando desde Mujeres Poderosas Mendoza se comunicaron con nosotros para contarnos su proyecto, no dudamos ni un segundo. Nos propusieron participar en la elaboraci\u00f3n de un vino rosado solidario, hecho por y para mujeres que atravesaron el c\u00e1ncer. Y sinceramente, no hubo que pensarlo mucho: sab\u00edamos que quer\u00edamos ser parte.<\/em>\u00bb y agreg\u00f3 que <em>\u00abEn Vinitec, cada trabajo que realizamos tiene detr\u00e1s un prop\u00f3sito, una historia, una conexi\u00f3n con las personas. Pero este proyecto fue distinto. Fue uno de esos momentos en los que el trabajo trasciende lo t\u00e9cnico y se convierte en algo profundamente humano. Participar de una iniciativa donde un grupo de mujeres decide transformar el dolor en fortaleza y esperanza, nos llen\u00f3 de orgullo\u201d<\/em>.<\/p>\n\n\n\n<p><em>\u00abEl vino rosado que crearon, junto a distintos proveedores y colaboradores, representa exactamente eso: una celebraci\u00f3n de la vida. Es el s\u00edmbolo de un proceso donde la fuerza, la empat\u00eda y la uni\u00f3n se transforman en algo tangible, compartible. Desde Vinitec tuvimos el privilegio de acompa\u00f1arlas en el proceso de fraccionamiento.<\/em> <em>Cada botella fraccionada lleva detr\u00e1s un mensaje de esperanza y uni\u00f3n. Y para nosotros, ser parte de eso reafirma lo que creemos desde siempre: que la calidad no solo se mide en procesos, sino tambi\u00e9n en prop\u00f3sito<\/em>. <em>Este tipo de proyectos nos recuerda por qu\u00e9 hacemos lo que hacemos. Porque m\u00e1s all\u00e1 del trabajo, de las m\u00e1quinas, de los procedimientos y los est\u00e1ndares, hay personas. Y cuando el trabajo logra conectar con algo tan esencial como eso, se convierte en algo mucho m\u00e1s grande.\u00bb<\/em><\/p>\n\n\n\n<p><em>\u201cQueremos agradecer profundamente a Mujeres Poderosas Mendoza por confiar en todos los que participamos de esta iniciativa, y tambi\u00e9n destacar a los dem\u00e1s proveedores \u2014como <strong>Sucopack<\/strong>, <strong>Bodega Casa Tano<\/strong>, <strong>Verallia<\/strong>, <strong>Altieri<\/strong> y tantos otros\u2014 que aportaron su trabajo, su tiempo y su entusiasmo para hacerlo posible. Su compromiso y generosidad reflejan el verdadero esp\u00edritu de colaboraci\u00f3n que este proyecto representa. En Vinitec creemos que colaborar con causas nobles como esta no es una excepci\u00f3n: es parte del compromiso que asumimos cada d\u00eda con nuestra comunidad, con nuestros clientes y con las personas que nos rodean<\/em>. <em>Hay proyectos que marcan, que dejan huella. Y sin dudas, este fue uno de ellos\u00bb<\/em>, concluye Rey.<\/p>\n\n\n\n<p><strong>M\u00e1s info: <a href=\"https:\/\/www.instagram.com\/vinitec\/\">@vinitec<\/a><\/strong><\/p>\n\n\n\n<div style=\"height:45px\" aria-hidden=\"true\" class=\"wp-block-spacer\"><\/div>\n\n\n\n<p class=\"has-background\" style=\"background-color:#f78da866\"><strong>Altieri: \u00abNo se trata s\u00f3lo de un grupo de mujeres, es un proyecto colectivo<\/strong>\u00ab<\/p>\n\n\n<div class=\"wp-block-image\">\n<figure class=\"alignleft size-full is-resized\"><a href=\"https:\/\/enolife.com.ar\/es\/wp-content\/uploads\/2025\/10\/Imagen5-5.jpg\" data-rel=\"penci-gallery-image-content\" ><img loading=\"lazy\" decoding=\"async\" width=\"199\" height=\"304\" src=\"https:\/\/enolife.com.ar\/es\/wp-content\/uploads\/2025\/10\/Imagen5-5.jpg\" alt=\"\" class=\"wp-image-167495\" style=\"width:169px;height:auto\" srcset=\"https:\/\/enolife.com.ar\/es\/wp-content\/uploads\/2025\/10\/Imagen5-5.jpg 199w, https:\/\/enolife.com.ar\/es\/wp-content\/uploads\/2025\/10\/Imagen5-5-196x300.jpg 196w\" sizes=\"auto, (max-width: 199px) 100vw, 199px\" \/><\/a><\/figure><\/div>\n\n\n<p><strong>Altieri <\/strong>es una empresa mendocina, con base en Luj\u00e1n de Cuyo, que<strong> fabrica c\u00e1psulas de vino y espumantes, tapones sint\u00e9ticos, bozales y tapas <\/strong>(screw cap) <strong>para la industria enol\u00f3gica y alimenticia<\/strong>. Con sus productos protegen y decoran cientos de millones de botellas anualmente. Provee tanto al mercado argentino como a toda Sudam\u00e9rica. La incorporaci\u00f3n de 400 paneles solares&nbsp;para autogenerar gran porcentaje de la energ\u00eda que consumen, es una muestra de su trabajo responsable con el ambiente, que les da el beneficio de la producci\u00f3n de energ\u00eda limpia, sustentable y disminuci\u00f3n de emisiones de CO2.<\/p>\n\n\n\n<p>Sobre su participaci\u00f3n en el proyecto de Vino Poderoso, su titular, <strong>Guillermo Altieri explic\u00f3<\/strong> <em>\u00abA nosotros nos convoc\u00f3 el marido de una de ellas -miembro de la asociaci\u00f3n Mujeres Poderosas Mendoza- que es cliente nuestro. Cuando nos cont\u00f3 de qu\u00e9 se trataba, nosotros nos entusiasmamos con la idea y les ofrecimos como obsequio la primera partida de c\u00e1psulas como apoyo.\u00bb<\/em> y agreg\u00f3 <em>\u00abes un proyecto muy innovador y lo crearon con tanto entusiasmo, por eso somos parte. Y no se trata s\u00f3lo de un grupo de mujeres, sino de un proyecto colectivo, y nos pareci\u00f3 muy interesante acompa\u00f1arlo porque es una posibilidad que colabora a facilitarle el proceso de la enfermedad a muchas personas que atraviesan c\u00e1ncer de mama.\u00bb <\/em><\/p>\n\n\n\n<p><strong>M\u00e1s info: <a href=\"https:\/\/www.instagram.com\/altiericapsulas\/\">@altiericapsulas<\/a><\/strong><\/p>\n\n\n\n<div style=\"height:45px\" aria-hidden=\"true\" class=\"wp-block-spacer\"><\/div>\n\n\n\n<p class=\"has-background\" style=\"background-color:#f78da866\"><strong>Sucopack: \u00abPara nosotros fue un brindis por la vida, por la detecci\u00f3n temprana del c\u00e1ncer de mama\u00bb<\/strong><\/p>\n\n\n<div class=\"wp-block-image\">\n<figure class=\"alignleft size-full is-resized\"><a href=\"https:\/\/enolife.com.ar\/es\/wp-content\/uploads\/2025\/10\/Imagen13-1.jpg\" data-rel=\"penci-gallery-image-content\" ><img loading=\"lazy\" decoding=\"async\" width=\"283\" height=\"395\" src=\"https:\/\/enolife.com.ar\/es\/wp-content\/uploads\/2025\/10\/Imagen13-1.jpg\" alt=\"\" class=\"wp-image-167486\" style=\"width:167px;height:auto\" srcset=\"https:\/\/enolife.com.ar\/es\/wp-content\/uploads\/2025\/10\/Imagen13-1.jpg 283w, https:\/\/enolife.com.ar\/es\/wp-content\/uploads\/2025\/10\/Imagen13-1-215x300.jpg 215w\" sizes=\"auto, (max-width: 283px) 100vw, 283px\" \/><\/a><\/figure><\/div>\n\n\n<p><strong>Sucopack <\/strong>es una empresa radicada en el Este mendocino, de alcance global, dedicada a acompa\u00f1ar a sus clientes en los <strong>procesos de fraccionamiento, control de calidad en l\u00ednea, terminaci\u00f3n de producto<\/strong>, como as\u00ed tambi\u00e9n en el <strong>proceso de log\u00edstica de carga a trav\u00e9s del cuidado del producto <\/strong>en el contenedor y su control de temperatura durante el viaje al destino final. <\/p>\n\n\n\n<p>La compa\u00f1\u00eda desarrolla una estrategia comercial basada en estar a la vanguardia en tecnolog\u00eda de fraccionamiento, control de calidad de insumos, producto terminado, log\u00edstica y asistencia post-venta. Se dedican tambi\u00e9n al asesoramiento t\u00e9cnico y comercial para toda Sudam\u00e9rica a empresas de los rubros&nbsp;bebidas (con y sin alcohol), alimentos, aceites, qu\u00edmicos y cuidado personal.<\/p>\n\n\n\n<p>Para Vino Poderoso, Sucopack <strong>acompa\u00f1o con el tapado<\/strong>, con el servicio de <strong>tapadoras de screw cap<\/strong> y la asistencia para el manejo del equipo que estuvo en manos de <strong>Carlos G\u00f3mez.<\/strong><\/p>\n\n\n\n<p><strong>Gisel Simon, coordinadora de servicio de Sucopack,<\/strong> cont\u00f3 a Enolife que <em>\u00abPara nosotros ser parte del primer tapado de vino junto a Mujeres Poderosas Mendoza y las dem\u00e1s empresas que participaron, signific\u00f3 mucho mas que una colaboraci\u00f3n; fue un brindis por la vida, por la concientizaci\u00f3n y detecci\u00f3n temprana del c\u00e1ncer de mama y por cada historia que inspira a seguir adelante con templanza y resiliencia en este camino.\u00bb <\/em><\/p>\n\n\n\n<p><strong>M\u00e1s info: WhatsApp +54 9 261 257 7592<\/strong><\/p>\n\n\n\n<div style=\"height:45px\" aria-hidden=\"true\" class=\"wp-block-spacer\"><\/div>\n\n\n\n<p class=\"has-background\" style=\"background-color:#f78da866\"><strong>Verallia: \u00abEstamos contentos de ser parte de este proyecto que busca la uni\u00f3n y la resiliencia\u00bb<\/strong><\/p>\n\n\n<div class=\"wp-block-image\">\n<figure class=\"alignleft size-full is-resized\"><a href=\"https:\/\/enolife.com.ar\/es\/wp-content\/uploads\/2025\/10\/Imagen14-1.jpg\" data-rel=\"penci-gallery-image-content\" ><img loading=\"lazy\" decoding=\"async\" width=\"284\" height=\"440\" src=\"https:\/\/enolife.com.ar\/es\/wp-content\/uploads\/2025\/10\/Imagen14-1.jpg\" alt=\"\" class=\"wp-image-167488\" style=\"width:179px;height:auto\" srcset=\"https:\/\/enolife.com.ar\/es\/wp-content\/uploads\/2025\/10\/Imagen14-1.jpg 284w, https:\/\/enolife.com.ar\/es\/wp-content\/uploads\/2025\/10\/Imagen14-1-194x300.jpg 194w\" sizes=\"auto, (max-width: 284px) 100vw, 284px\" \/><\/a><\/figure><\/div>\n\n\n<p>En Argentina, <strong>Verallia<\/strong>, ubicada en el coraz\u00f3n de la regi\u00f3n vitivin\u00edcola, se dedica a la <strong>fabricaci\u00f3n y comercializaci\u00f3n de envases de vidrio <\/strong>para la industria vitivin\u00edcola y oliv\u00edcola. Pero su prop\u00f3sito declarado es&nbsp;\u00abreimaginar el vidrio para un futuro sostenible\u00bb, con el objetivo de redefinir c\u00f3mo se produce, reutiliza y recicla el vidrio, para convertirlo en el material de embalaje m\u00e1s sostenible del mundo. La empresa trabaja junto a sus clientes, proveedores y otros socios a lo largo de toda la cadena de valor para desarrollar soluciones nuevas, beneficiosas y sostenibles para todos.<\/p>\n\n\n\n<p>Con casi&nbsp;11.000 empleados a nivel mundial&nbsp;y&nbsp;35 plantas de producci\u00f3n de vidrio&nbsp;en&nbsp;12 pa\u00edses, Verall\u00eda es l\u00edder en Europa y el&nbsp;tercer mayor productor mundial de envases de vidrio para bebidas y productos alimenticios.&nbsp;Ofrece soluciones innovadoras, personalizadas y respetuosas con el medio ambiente a m\u00e1s de&nbsp;10.000 empresas&nbsp;en todo el mundo. Verallia produjo&nbsp;16.000 millones de botellas y frascos de vidrio&nbsp;y registr\u00f3 ingresos de&nbsp;3.500 millones de euros en 2024.<\/p>\n\n\n\n<p>La empresa, que suele colaborar en diferentes proyectos de Mujeres Poderosas Mendoza, en esta oportunidad se sum\u00f3 al proceso de elaboraci\u00f3n Vino Poderoso aportando los <strong>envases<\/strong>, su <strong>Coordinadora Responsabilidad Social Empresarial, Alejandra Mer\u00edn <\/strong>explic\u00f3 que <em>\u00abestamos muy contentos de ser parte de este proyecto<\/em> <em>que busca la uni\u00f3n y la resiliencia, con el objetivo de generar conciencia y apoyo.\u00bb<\/em><\/p>\n\n\n\n<p><strong>M\u00e1s info: <a href=\"https:\/\/www.instagram.com\/veralliaar\/\">@veralliaar<\/a><\/strong><\/p>\n\n\n\n<div style=\"height:45px\" aria-hidden=\"true\" class=\"wp-block-spacer\"><\/div>\n\n\n\n<p class=\"has-background\" style=\"background-color:#f78da866\"><strong>Casa Tano: \u00abBrindamos por la fuerza de cada historia y por el poder de estar presentes\u00bb&nbsp;<\/strong><\/p>\n\n\n<div class=\"wp-block-image\">\n<figure class=\"alignleft size-full is-resized\"><a href=\"https:\/\/enolife.com.ar\/es\/wp-content\/uploads\/2025\/10\/Imagencris.jpg\" data-rel=\"penci-gallery-image-content\" ><img loading=\"lazy\" decoding=\"async\" width=\"174\" height=\"278\" src=\"https:\/\/enolife.com.ar\/es\/wp-content\/uploads\/2025\/10\/Imagencris.jpg\" alt=\"\" class=\"wp-image-167492\" style=\"width:170px;height:auto\"\/><\/a><\/figure><\/div>\n\n\n<p><strong>Cristian Santos y el en\u00f3logo Lucas Richardi <\/strong>comenzaron a hacer vino para sus amigos hace 13 a\u00f1os. Cristian aport\u00f3 los parrales familiares y el lugar para elaborar en la casa de su abuelo <strong>en Godoy Cruz; <\/strong>Lucas, por su parte puso el conocimiento t\u00e9cnico y la pasi\u00f3n. En la actualidad su espacio se agrand\u00f3 y <strong>elaboran 15 mil botellas al a\u00f1o <\/strong>que distribuyen por todo el pa\u00eds, adem\u00e1s de ofrecer experiencias enotur\u00edsticas y gastron\u00f3micas a visitantes. Su propuesta artesanal representa la tradici\u00f3n y la identidad barrial, donde la prensa del \u00abnono\u00bb se mantiene activa.<\/p>\n\n\n\n<p>Por otro lado, Casa Tano tiene una fuerte impronta did\u00e1ctica para quien quiera aprender a hacer su propio vino. Proponen experimentar las diferentes etapas de la vinificaci\u00f3n a grupos, familias y bares de todo el pa\u00eds.<\/p>\n\n\n\n<p>Orgulloso de su colaboraci\u00f3n con Mujeres Poderosas Mendoza,<strong> Cristian Santo<\/strong> agradeci\u00f3 la oportunidad <em>\u00abEstamos en Casa Tano, participando con este hermoso equipo de mujeres, en la elaboraci\u00f3n de su vino y el fraccionamiento, que aportaron las empresas Vinitec, Sucopak, Altieri y Verallia\u00bb<\/em> y agreg\u00f3 <em>\u00abCreamos junto a Mujeres Poderosas Mendoza&nbsp;un rosado muy especial, en el marco de octubre rosa, mes de prevenci\u00f3n y concientizaci\u00f3n sobre el c\u00e1ncer de mama. Brindamos por la fuerza de cada historia y por el poder de estar presentes.\u00bb&nbsp;<\/em><\/p>\n\n\n\n<p><strong>Mas info:<a href=\"https:\/\/www.instagram.com\/casa_tano\/?hl=es\"> @Casa_Tano<\/a><\/strong><\/p>\n\n\n\n<div style=\"height:35px\" aria-hidden=\"true\" class=\"wp-block-spacer\"><\/div>\n","protected":false},"excerpt":{"rendered":"<p>La Asociaci\u00f3n Civil Mujeres Poderosas Mendoza naci\u00f3 en 2022 como una red de contenci\u00f3n, acompa\u00f1amiento&hellip;<\/p>\n","protected":false},"author":2,"featured_media":167521,"comment_status":"closed","ping_status":"open","sticky":false,"template":"","format":"standard","meta":{"footnotes":""},"categories":[7,4],"tags":[],"class_list":["post-166754","post","type-post","status-publish","format-standard","has-post-thumbnail","hentry","category-vino","category-protagonistas"],"_links":{"self":[{"href":"https:\/\/enolife.com.ar\/es\/wp-json\/wp\/v2\/posts\/166754","targetHints":{"allow":["GET"]}}],"collection":[{"href":"https:\/\/enolife.com.ar\/es\/wp-json\/wp\/v2\/posts"}],"about":[{"href":"https:\/\/enolife.com.ar\/es\/wp-json\/wp\/v2\/types\/post"}],"author":[{"embeddable":true,"href":"https:\/\/enolife.com.ar\/es\/wp-json\/wp\/v2\/users\/2"}],"replies":[{"embeddable":true,"href":"https:\/\/enolife.com.ar\/es\/wp-json\/wp\/v2\/comments?post=166754"}],"version-history":[{"count":0,"href":"https:\/\/enolife.com.ar\/es\/wp-json\/wp\/v2\/posts\/166754\/revisions"}],"wp:featuredmedia":[{"embeddable":true,"href":"https:\/\/enolife.com.ar\/es\/wp-json\/wp\/v2\/media\/167521"}],"wp:attachment":[{"href":"https:\/\/enolife.com.ar\/es\/wp-json\/wp\/v2\/media?parent=166754"}],"wp:term":[{"taxonomy":"category","embeddable":true,"href":"https:\/\/enolife.com.ar\/es\/wp-json\/wp\/v2\/categories?post=166754"},{"taxonomy":"post_tag","embeddable":true,"href":"https:\/\/enolife.com.ar\/es\/wp-json\/wp\/v2\/tags?post=166754"}],"curies":[{"name":"wp","href":"https:\/\/api.w.org\/{rel}","templated":true}]}}