{"id":166705,"date":"2025-10-13T22:51:45","date_gmt":"2025-10-13T22:51:45","guid":{"rendered":"https:\/\/enolife.com.ar\/es\/?p=166705"},"modified":"2025-10-14T16:01:57","modified_gmt":"2025-10-14T16:01:57","slug":"con-aviones-y-drones-fumigan-vinas-de-mendoza-para-combatir-la-1-generacion-de-la-polilla-de-la-vid","status":"publish","type":"post","link":"https:\/\/enolife.com.ar\/es\/con-aviones-y-drones-fumigan-vinas-de-mendoza-para-combatir-la-1-generacion-de-la-polilla-de-la-vid\/","title":{"rendered":"Con aviones y drones, fumigan vi\u00f1as de Mendoza para combatir la 1\u00b0 generaci\u00f3n de la polilla de la vid"},"content":{"rendered":"\n<h4 class=\"wp-block-heading\"><em><strong>El Instituto de Sanidad y Calidad Agropecuaria (Iscamen) del Gobierno de Mendoza inici\u00f3 los tratamientos a\u00e9reos para combatir la primera generaci\u00f3n del da\u00f1ino insecto, con acciones en 7 departamentos vitivin\u00edcolas y el uso de drones para reforzar la cobertura. Los vuelos y aplicaciones en esta primera etapa del plan contra la lobesia botrana continuar\u00e1n hasta el 21 de octubre.<\/strong><\/em><\/h4>\n\n\n\n<div style=\"height:35px\" aria-hidden=\"true\" class=\"wp-block-spacer\"><\/div>\n\n\n\n\n\n<div style=\"height:45px\" aria-hidden=\"true\" class=\"wp-block-spacer\"><\/div>\n\n\n\n<p>El Iscamen comenz\u00f3 a prestar, desde el viernes 10 de octubre, el servicio de tratamientos a\u00e9reos en los departamentos de <strong>Lavalle, Luj\u00e1n de Cuyo, Jun\u00edn, Rivadavia, San Mart\u00edn, Santa Rosa y La Paz<\/strong> para el control de la primera generaci\u00f3n de la plaga. Esto, en funci\u00f3n de la biolog\u00eda del insecto Lobesia botrana y de la fenolog\u00eda de los cultivos, ya que es el momento oportuno para el control de esta plaga. Se prev\u00e9n adem\u00e1s acciones espec\u00edficas mediante la utilizaci\u00f3n de drones.<\/p>\n\n\n\n<p>Se priorizar\u00e1n los tratamientos de control sobre fincas en estado de abandono, con riesgo fitosanitario y como complemento a los tratamientos que realicen los productores de los oasis Norte y Este. Los vi\u00f1ateros deben mantener el cultivo protegido durante al menos 30 d\u00edas. <\/p>\n\n\n\n<div style=\"height:27px\" aria-hidden=\"true\" class=\"wp-block-spacer\"><\/div>\n\n\n\n<h3 class=\"wp-block-heading has-vivid-red-color has-text-color has-link-color wp-elements-fc92c176910d41e2bbdc3591bc0cd510\">Las aplicaciones comienzan en el momento en que el vi\u00f1edo presenta racimos florales de 5 a 7 cent\u00edmetros de longitud, como indica el manual de alerta para el control de lobesia botrana.<\/h3>\n\n\n\n<div style=\"height:23px\" aria-hidden=\"true\" class=\"wp-block-spacer\"><\/div>\n\n\n\n<p>En el marco de una estrategia de control integrado aplicada a grandes \u00e1reas de trabajo, la provincia de Mendoza ha destinado recursos para implementar el servicio de tratamientos a\u00e9reos, que se llevar\u00e1 a cabo sobre <strong>90.000 hect\u00e1reas de los oasis Norte y Este de la provincia.<\/strong><\/p>\n\n\n\n<p>Esta superficie ser\u00e1 tratada en <strong>dos oportunidades<\/strong>, con el objetivo de proteger los cultivos durante el per\u00edodo correspondiente a la primera generaci\u00f3n de Lobesia botrana y lograr un impacto directo sobre las poblaciones iniciales de la plaga en la presente temporada.<\/p>\n\n\n\n<p>La herramienta forma parte de una estrategia integral que combina el uso de emisores de feromonas, insecticidas espec\u00edficos de bajo impacto ambiental, feromonas pulverizables y servicios de aplicaci\u00f3n con aviones y drones, adem\u00e1s del monitoreo mediante una extensa red de trampas que permite censar la plaga. Los tratamientos ser\u00e1n supervisados por t\u00e9cnicos del Iscamen y del Senasa.<\/p>\n\n\n<div class=\"wp-block-image\">\n<figure class=\"alignleft size-full is-resized\"><a href=\"https:\/\/enolife.com.ar\/es\/wp-content\/uploads\/2025\/10\/lobesia-aeroaplicaciones-960x1200-1.png\" data-rel=\"penci-gallery-image-content\" ><img loading=\"lazy\" decoding=\"async\" width=\"500\" height=\"625\" src=\"https:\/\/enolife.com.ar\/es\/wp-content\/uploads\/2025\/10\/lobesia-aeroaplicaciones-960x1200-1.png\" alt=\"\" class=\"wp-image-166709\" style=\"width:483px;height:auto\" srcset=\"https:\/\/enolife.com.ar\/es\/wp-content\/uploads\/2025\/10\/lobesia-aeroaplicaciones-960x1200-1.png 500w, https:\/\/enolife.com.ar\/es\/wp-content\/uploads\/2025\/10\/lobesia-aeroaplicaciones-960x1200-1-240x300.png 240w\" sizes=\"auto, (max-width: 500px) 100vw, 500px\" \/><\/a><\/figure><\/div>\n\n\n<p>Como en campa\u00f1as anteriores, en las cuales el servicio se prest\u00f3 con absoluta normalidad, se emplear\u00e1n productos registrados y autorizados por el <strong>Servicio Nacional de Servicio Nacional de Sanidad y Calidad Agroalimentaria (Senasa), <\/strong>amigables con el medio ambiente. Es decir que <strong>no presentan riesgo para la flora, fauna, agua y poblaci\u00f3n en general,<\/strong> tanto por sus caracter\u00edsticas como por las dosis y modo de empleo por parte del programa. Asimismo, no se realizar\u00e1n aplicaciones en zonas urbanas, periurbanas, escuelas, centros de salud, hospitales, etc\u00e9tera, dado que las aeronaves que se emplean para esta labor requieren de determinadas condiciones de operatividad. Se contemplar\u00e1n zonas de contenci\u00f3n o amortiguamiento de protecci\u00f3n hasta lugares de aplicaci\u00f3n. Todas las acciones cuentan con la Declaraci\u00f3n de Impacto Ambiental de la Secretar\u00eda de Ambiente y Ordenamiento Territorial de Mendoza.<\/p>\n\n\n\n<p>Es importante destacar que los fitosanitarios que se emplean son de la m\u00e1s baja categor\u00eda toxicol\u00f3gica existente (banda verde o categor\u00eda IV). Presentan una elevad\u00edsima selectividad de acci\u00f3n para afectar \u00fanicamente a la plaga que se busca controlar, no ocasionando efectos sobre abejas, insectos ben\u00e9ficos, animales de sangre caliente o personas en las condiciones de uso y dosis que el programa utiliza.<\/p>\n\n\n\n<p>El cronograma de actividades programado es el siguiente y estar\u00e1 sujeto a modificaciones por causas clim\u00e1ticas u operativas:<\/p>\n\n\n\n<ul class=\"wp-block-list\">\n<li><strong>D\u00edas 1 y 2: <\/strong>Lavalle: El Plumero, El Carmen, Gustavo Andr\u00e9, La Asunci\u00f3n, Paramillo, Costa de Araujo; y San Mart\u00edn: Nueva California.<\/li>\n\n\n\n<li><strong>D\u00edas 3 y 4: <\/strong>San Mart\u00edn: El Central, El Divisadero, Tres Porte\u00f1as y Chapanay.<\/li>\n\n\n\n<li><strong>D\u00edas 5 y 6:<\/strong> San Mart\u00edn: Montecaseros, Chapanay, Alto Salvador, El Rambl\u00f3n, Alto Verde, El Espino, Buen Orden, Chivilcoy, Las Chimbas y Palmira; y Santa Rosa: 12 de Octubre.<\/li>\n\n\n\n<li><strong>D\u00edas 7 y 8:<\/strong> Jun\u00edn: Algarrobo Grande, Alto Verde, Jun\u00edn, Phillips y Los Barriales; San Mart\u00edn: El Rambl\u00f3n; Santa Rosa: 12 de Octubre; Rivadavia: La Central, Santa Mar\u00eda de Oro; y Luj\u00e1n de Cuyo: El Carrizal y Barrancas.<\/li>\n\n\n\n<li><strong>D\u00edas 9 y 10: <\/strong>San Mart\u00edn: Palmira; Jun\u00edn: Los Barriales, La Colonia, Jun\u00edn, Rodr\u00edguez Pe\u00f1a, Medrano; Rivadavia: Reducci\u00f3n, Andrade, La Libertad, Los Campamentos, El Mirador y La Central; y Santa Rosa: Santa Rosa y Las Catitas.<\/li>\n<\/ul>\n\n\n\n<p>En virtud del desarrollo de la biolog\u00eda de la plaga, las \u00e1reas previstas en el cronograma de trabajo ser\u00e1n nuevamente tratadas y\/o repasadas, con los mismos criterios t\u00e9cnicos y orden de trabajo, a fin de incrementar la eficiencia del trabajo, y el trabajo establecido se prolongar\u00e1 por unos 10 d\u00edas m\u00e1s hasta completar el tratamiento correspondiente.<\/p>\n\n\n\n<p>Asimismo, como parte del mismo servicio, <strong>una superficie aproximada de 3.000 hect\u00e1reas ser\u00e1 intervenida mediante aplicaciones con drones,<\/strong> los que aplicar\u00e1n el mismo tipo de fitosanitarios descriptos, buscando el control de la plaga en zonas con determinada complejidad para el empleo de aeronaves de mayor envergadura. Esta tarea se realizar\u00e1 en parcelas ubicadas en los distritos de La Paz, La Dormida, Las Catitas, Rivadavia, Mundo Nuevo, Alto Verde, La Libertad, Medrano, Los Barriales y Barrancas.<\/p>\n\n\n\n<p>Las acciones de control se desarrollar\u00e1n en el marco de la Ley Nacional 27227, que declara de inter\u00e9s nacional el control de la plaga; la Ley Provincial 9076, que declara de inter\u00e9s provincial el control del insecto, y la Resoluci\u00f3n 449\/2018 de la Secretar\u00eda de Ambiente y Ordenamiento Territorial, la que establece las recomendaciones y consideraciones generales para llevar adelante estas acciones de control de la plaga.<\/p>\n\n\n\n<div style=\"height:25px\" aria-hidden=\"true\" class=\"wp-block-spacer\"><\/div>\n\n\n\n<p class=\"has-small-font-size\"><em><strong>Fuente: Gobierno de Mendoza<\/strong><\/em><\/p>\n\n\n\n<div style=\"height:35px\" aria-hidden=\"true\" class=\"wp-block-spacer\"><\/div>\n\n\n\n<p><\/p>\n","protected":false},"excerpt":{"rendered":"<p>El Instituto de Sanidad y Calidad Agropecuaria (Iscamen) del Gobierno de Mendoza inici\u00f3 los tratamientos&hellip;<\/p>\n","protected":false},"author":2,"featured_media":166713,"comment_status":"closed","ping_status":"open","sticky":false,"template":"","format":"standard","meta":{"footnotes":""},"categories":[14],"tags":[],"class_list":["post-166705","post","type-post","status-publish","format-standard","has-post-thumbnail","hentry","category-news"],"_links":{"self":[{"href":"https:\/\/enolife.com.ar\/es\/wp-json\/wp\/v2\/posts\/166705","targetHints":{"allow":["GET"]}}],"collection":[{"href":"https:\/\/enolife.com.ar\/es\/wp-json\/wp\/v2\/posts"}],"about":[{"href":"https:\/\/enolife.com.ar\/es\/wp-json\/wp\/v2\/types\/post"}],"author":[{"embeddable":true,"href":"https:\/\/enolife.com.ar\/es\/wp-json\/wp\/v2\/users\/2"}],"replies":[{"embeddable":true,"href":"https:\/\/enolife.com.ar\/es\/wp-json\/wp\/v2\/comments?post=166705"}],"version-history":[{"count":0,"href":"https:\/\/enolife.com.ar\/es\/wp-json\/wp\/v2\/posts\/166705\/revisions"}],"wp:featuredmedia":[{"embeddable":true,"href":"https:\/\/enolife.com.ar\/es\/wp-json\/wp\/v2\/media\/166713"}],"wp:attachment":[{"href":"https:\/\/enolife.com.ar\/es\/wp-json\/wp\/v2\/media?parent=166705"}],"wp:term":[{"taxonomy":"category","embeddable":true,"href":"https:\/\/enolife.com.ar\/es\/wp-json\/wp\/v2\/categories?post=166705"},{"taxonomy":"post_tag","embeddable":true,"href":"https:\/\/enolife.com.ar\/es\/wp-json\/wp\/v2\/tags?post=166705"}],"curies":[{"name":"wp","href":"https:\/\/api.w.org\/{rel}","templated":true}]}}