{"id":166694,"date":"2025-10-12T15:21:25","date_gmt":"2025-10-12T15:21:25","guid":{"rendered":"https:\/\/enolife.com.ar\/es\/?p=166694"},"modified":"2025-10-14T13:26:36","modified_gmt":"2025-10-14T13:26:36","slug":"vendimia-2026-4-guiones-pasan-a-semis-y-el-9-11-se-juega-la-final-en-un-coloquio-abierto-al-publico","status":"publish","type":"post","link":"https:\/\/enolife.com.ar\/es\/vendimia-2026-4-guiones-pasan-a-semis-y-el-9-11-se-juega-la-final-en-un-coloquio-abierto-al-publico\/","title":{"rendered":"Vendimia 2026: 4 guiones pasan a semis y el 9\/11 se juega la final en un coloquio abierto al p\u00fablico"},"content":{"rendered":"\n<h4 class=\"wp-block-heading\"><em><strong>Tras 10 d\u00edas de estudio y debate, los jurados encargados de elegir la propuesta de gui\u00f3n y puesta en escena para la Fiesta mayor de los mendocinos en su edici\u00f3n 90 -los d\u00edas 7 y 8 de marzo de 2026-, le otorgaron el pase a semifinales a 4 trabajos, tras descartar un n\u00famero no comunicado de otros guiones. Los seleccionados se medir\u00e1n en un \u00abcoloquio\u00bb final abierto al p\u00fablico que tendr\u00e1 lugar el 9 de noviembre pr\u00f3ximo en el Espacio Cultural Julio Leparc de Guaymall\u00e9n, Mendoza. Aqu\u00ed, las propuestas y sus autores.<\/strong><\/em><\/h4>\n\n\n\n<div style=\"height:35px\" aria-hidden=\"true\" class=\"wp-block-spacer\"><\/div>\n\n\n\n\n\n<div style=\"height:35px\" aria-hidden=\"true\" class=\"wp-block-spacer\"><\/div>\n\n\n\n<p>La <strong>Secretar\u00eda de Cultura<\/strong> del <strong>Gobierno de Mendoza<\/strong> dio a conocer las propuestas que participar\u00e1n en la final del <strong>Concurso P\u00fablico<\/strong> para la propuesta de gui\u00f3n (con su correspondiente s\u00edntesis argumental incluida), de realizaci\u00f3n de la escenograf\u00eda, de la direcci\u00f3n art\u00edstica general, de la direcci\u00f3n audiovisual, de la puesta en escena, del desarrollo t\u00e9cnico y del equipo art\u00edstico para la <strong>Fiesta Nacional de la Vendimia 2026<\/strong> -Fiesta declarada seg\u00fan la ley local 6.973 como <strong>\u201cPatrimonio Cultural de la Provincia de Mendoza\u201d.<\/strong><\/p>\n\n\n\n<p>Finalizadas las etapas de recepci\u00f3n de proyectos, el jurado -luego de debatir- se expidi\u00f3 y comunic\u00f3 las propuestas que pasar\u00e1n a \u00abcoloquio\u00bb para definir la que realizar\u00e1 la puesta en escena de la Fiesta Nacional de la Vendimia 2026. Ellas son:<\/p>\n\n\n\n<ul class=\"wp-block-list\">\n<li>Propuesta 1: <strong>\u201c90 cosechas de una misma cepa\u201d<\/strong>, con direcci\u00f3n general de <strong>Pablo Perri.<\/strong><br><\/li>\n\n\n\n<li>Propuesta 2: <strong>\u201cVendimias al pie de los Andes\u201d<\/strong>, con direcci\u00f3n general de <strong>Rafael Ricardo \u00abGolondrina\u00bb Ruiz<\/strong> y <strong>Gaspar Emanuel Tello.<\/strong><br><\/li>\n\n\n\n<li>Propuesta 3: <strong>\u201cCanto a Mendoza y la memoria del vino\u201d<\/strong>, con direcci\u00f3n general de <strong>Gonzalo Palacios.<\/strong><br><\/li>\n\n\n\n<li>Propuesta 4: <strong>\u201cVendimia de vino y cristal\u201d,<\/strong> con direcci\u00f3n general de<strong> Vilma R\u00fapolo<\/strong> y <strong>Federico Ortega.<\/strong><\/li>\n<\/ul>\n\n\n\n<p>Los <strong>coloquios<\/strong>, que permitir\u00e1n definir cu\u00e1l de los 4 equipos semifinalistas realizar\u00e1 el Acto Central y repetici\u00f3n de la Fiesta Nacional de la Vendimia 2026, est\u00e1n <strong>abiertos al p\u00fablico <\/strong>y se desarrollar\u00e1n el domingo <strong>9 de noviembre en la Sala Vilma R\u00fapolo del Espacio Cultural Julio Le Parc.<\/strong><\/p>\n\n\n\n<div style=\"height:52px\" aria-hidden=\"true\" class=\"wp-block-spacer\"><\/div>\n","protected":false},"excerpt":{"rendered":"<p>Tras 10 d\u00edas de estudio y debate, los jurados encargados de elegir la propuesta de&hellip;<\/p>\n","protected":false},"author":2,"featured_media":166697,"comment_status":"closed","ping_status":"open","sticky":false,"template":"","format":"standard","meta":{"footnotes":""},"categories":[14],"tags":[],"class_list":["post-166694","post","type-post","status-publish","format-standard","has-post-thumbnail","hentry","category-news"],"_links":{"self":[{"href":"https:\/\/enolife.com.ar\/es\/wp-json\/wp\/v2\/posts\/166694","targetHints":{"allow":["GET"]}}],"collection":[{"href":"https:\/\/enolife.com.ar\/es\/wp-json\/wp\/v2\/posts"}],"about":[{"href":"https:\/\/enolife.com.ar\/es\/wp-json\/wp\/v2\/types\/post"}],"author":[{"embeddable":true,"href":"https:\/\/enolife.com.ar\/es\/wp-json\/wp\/v2\/users\/2"}],"replies":[{"embeddable":true,"href":"https:\/\/enolife.com.ar\/es\/wp-json\/wp\/v2\/comments?post=166694"}],"version-history":[{"count":0,"href":"https:\/\/enolife.com.ar\/es\/wp-json\/wp\/v2\/posts\/166694\/revisions"}],"wp:featuredmedia":[{"embeddable":true,"href":"https:\/\/enolife.com.ar\/es\/wp-json\/wp\/v2\/media\/166697"}],"wp:attachment":[{"href":"https:\/\/enolife.com.ar\/es\/wp-json\/wp\/v2\/media?parent=166694"}],"wp:term":[{"taxonomy":"category","embeddable":true,"href":"https:\/\/enolife.com.ar\/es\/wp-json\/wp\/v2\/categories?post=166694"},{"taxonomy":"post_tag","embeddable":true,"href":"https:\/\/enolife.com.ar\/es\/wp-json\/wp\/v2\/tags?post=166694"}],"curies":[{"name":"wp","href":"https:\/\/api.w.org\/{rel}","templated":true}]}}