{"id":166670,"date":"2025-10-11T15:41:06","date_gmt":"2025-10-11T15:41:06","guid":{"rendered":"https:\/\/enolife.com.ar\/es\/?p=166670"},"modified":"2025-10-13T23:35:42","modified_gmt":"2025-10-13T23:35:42","slug":"el-vermut-a-base-de-vino-tendra-su-fiesta-del-14-al-18-10-en-el-templo-del-bonarda-de-san-martin","status":"publish","type":"post","link":"https:\/\/enolife.com.ar\/es\/el-vermut-a-base-de-vino-tendra-su-fiesta-del-14-al-18-10-en-el-templo-del-bonarda-de-san-martin\/","title":{"rendered":"El vermut a base de vino tendr\u00e1 su fiesta del 14 al 18\/10 en el Templo del Bonarda de San Mart\u00edn"},"content":{"rendered":"\n<h4 class=\"wp-block-heading\"><em><strong>Con degustaciones, charlas, sunsets y m\u00fasica en vivo, la denominada \u00abSemana Provincial del Vermouth\u00bb reunir\u00e1 a 16 elaboradores mendocinos de este aperitivo a base de vino y una bodega invitada de Rosario en el Templo del Vino Bonarda. Una propuesta que rescata las ra\u00edces de la tradicional bebida y la proyecta como nuevo atractivo tur\u00edstico y cultural del Este mendocino.<\/strong><\/em><\/h4>\n\n\n\n<div style=\"height:37px\" aria-hidden=\"true\" class=\"wp-block-spacer\"><\/div>\n\n\n<a href=\"https:\/\/grupoaltasur.com\/\" aria-label=\"1700-500px\"><img loading=\"lazy\" decoding=\"async\" src=\"https:\/\/enolife.com.ar\/es\/wp-content\/uploads\/2021\/01\/1700-500px.jpg\" alt=\"\"  srcset=\"https:\/\/enolife.com.ar\/es\/wp-content\/uploads\/2021\/01\/1700-500px.jpg 1700w, https:\/\/enolife.com.ar\/es\/wp-content\/uploads\/2021\/01\/1700-500px-300x88.jpg 300w, https:\/\/enolife.com.ar\/es\/wp-content\/uploads\/2021\/01\/1700-500px-1024x301.jpg 1024w, https:\/\/enolife.com.ar\/es\/wp-content\/uploads\/2021\/01\/1700-500px-768x226.jpg 768w, https:\/\/enolife.com.ar\/es\/wp-content\/uploads\/2021\/01\/1700-500px-1536x452.jpg 1536w, https:\/\/enolife.com.ar\/es\/wp-content\/uploads\/2021\/01\/1700-500px-1170x344.jpg 1170w, https:\/\/enolife.com.ar\/es\/wp-content\/uploads\/2021\/01\/1700-500px-585x172.jpg 585w\" sizes=\"auto, (max-width: 1700px) 100vw, 1700px\" width=\"1700\" height=\"500\"   \/><\/a>\n\n\n<div style=\"height:39px\" aria-hidden=\"true\" class=\"wp-block-spacer\"><\/div>\n\n\n\n<p>El pasado jueves 9 de octubre se realiz\u00f3 en el <strong>Templo del Vino Bonard<\/strong>a de la ciudad de <strong>San Mart\u00edn<\/strong>, <strong>Mendoza<\/strong>, la presentaci\u00f3n oficial de la <strong>\u00abSemana Provincial del Vermouth\u00bb<\/strong>, que se llevar\u00e1 a cabo del 14 al 18 de octubre en ese mismo escenario del Este de la provincia.<\/p>\n\n\n\n<p>La actividad festiva comenzar\u00e1 con <strong>\u201cLa Noche de las Vermuter\u00edas<\/strong>\u201d, que se realizar\u00e1 los d\u00edas martes 14 y mi\u00e9rcoles 15 de octubre. Durante ambas jornadas, las viner\u00edas, bares y bodegas donde se expende vermut de el Gran Mendoza y de San Mart\u00edn estar\u00e1n abiertos con promociones y acciones especiales, invitando al p\u00fablico a recorrer distintos espacios dedicados a esta bebida.<\/p>\n\n\n\n<p>A partir del jueves 16\/10, las actividades se trasladar\u00e1n al <strong>Centro de Congresos y Exposiciones Francisco<\/strong>, de la ciudad de San Mart\u00edn, donde tendr\u00e1n lugar las charlas y degustaciones con especialistas del <strong>Instituto Nacional de Tecnolog\u00eda Agropecuaria (INTA<\/strong>), <em>bartenders<\/em> y <em>sommeliers<\/em>. <\/p>\n\n\n\n<div style=\"height:28px\" aria-hidden=\"true\" class=\"wp-block-spacer\"><\/div>\n\n\n<div class=\"wp-block-image\">\n<figure class=\"aligncenter size-large is-resized\"><a href=\"https:\/\/enolife.com.ar\/es\/wp-content\/uploads\/2025\/10\/Semana-Provincial-del-Vermouth-2-1.jpeg\" data-rel=\"penci-gallery-image-content\" ><img loading=\"lazy\" decoding=\"async\" width=\"1024\" height=\"680\" src=\"https:\/\/enolife.com.ar\/es\/wp-content\/uploads\/2025\/10\/Semana-Provincial-del-Vermouth-2-1-1024x680.jpeg\" alt=\"\" class=\"wp-image-166679\" style=\"width:734px;height:auto\" srcset=\"https:\/\/enolife.com.ar\/es\/wp-content\/uploads\/2025\/10\/Semana-Provincial-del-Vermouth-2-1-1024x680.jpeg 1024w, https:\/\/enolife.com.ar\/es\/wp-content\/uploads\/2025\/10\/Semana-Provincial-del-Vermouth-2-1-300x199.jpeg 300w, https:\/\/enolife.com.ar\/es\/wp-content\/uploads\/2025\/10\/Semana-Provincial-del-Vermouth-2-1-768x510.jpeg 768w, https:\/\/enolife.com.ar\/es\/wp-content\/uploads\/2025\/10\/Semana-Provincial-del-Vermouth-2-1-1536x1020.jpeg 1536w, https:\/\/enolife.com.ar\/es\/wp-content\/uploads\/2025\/10\/Semana-Provincial-del-Vermouth-2-1-1170x777.jpeg 1170w, https:\/\/enolife.com.ar\/es\/wp-content\/uploads\/2025\/10\/Semana-Provincial-del-Vermouth-2-1-585x389.jpeg 585w, https:\/\/enolife.com.ar\/es\/wp-content\/uploads\/2025\/10\/Semana-Provincial-del-Vermouth-2-1.jpeg 1600w\" sizes=\"auto, (max-width: 1024px) 100vw, 1024px\" \/><\/a><\/figure><\/div>\n\n\n<div style=\"height:32px\" aria-hidden=\"true\" class=\"wp-block-spacer\"><\/div>\n\n\n\n<p>Durante los sunsets participar\u00e1n <strong>16 elaboradores<\/strong> de vermut de Mendoza y una bodega invitada de Rosario: <strong>Vermouth Crotta (Bodega Crotta), Carnero (Bodega Los Haroldos), Conde Rojo (Destiler\u00eda Caesar), La Uni\u00f3n Federal (Cordero con Piel de Lobo y Casa Tapaus), Paradoja (Fecovita), Estrafalario, Jolgorio, Incalmo, Vermouth Nuestro, Vermouth Federal, Vermouth Giovanni, Viejo Minero (Destiler\u00eda Marg\u00f3n), Anatrone (Rosario), Hilbing, Mala Hierba (Destiler\u00eda Andina) y Vermouth Restringa\/746.<\/strong><\/p>\n\n\n\n<div style=\"height:29px\" aria-hidden=\"true\" class=\"wp-block-spacer\"><\/div>\n\n\n\n<p class=\"has-medium-font-size\"><strong>El vino en el vermut<\/strong><\/p>\n\n\n\n<p>El vino es la base del vermut, representando un m\u00ednimo del 75% de la bebida y sirviendo como base para los bot\u00e1nicos, az\u00facar y alcohol a\u00f1adidos. La elecci\u00f3n del vino (blanco, tinto o rosado) influye en el car\u00e1cter del vermut final, con los blancos generalmente para vermuts secos y los tintos para rojos y dulces. La graduaci\u00f3n alcoh\u00f3lica del vino base debe ser de al menos 9 grados.&nbsp;<\/p>\n\n\n\n<div style=\"height:23px\" aria-hidden=\"true\" class=\"wp-block-spacer\"><\/div>\n\n\n\n<p class=\"has-background\" style=\"background-color:#d68b8b\"><strong>Funci\u00f3n del vino en el vermut<\/strong>:<br><br>&#8211;<strong>Base principal:<\/strong> El vino constituye la mayor parte del vermut y proporciona su estructura y cuerpo.&nbsp;<br>&#8211;<strong>Variedad:<\/strong> Puede utilizarse vino blanco, tinto o rosado, cada uno influyendo en el resultado final. Los blancos son comunes para vermuts secos, mientras que los tintos se usan para vermuts rojos.&nbsp;<br><strong>Versatilidad:<\/strong> Un vino base de calidad permite una mayor integraci\u00f3n de los ingredientes bot\u00e1nicos y puede soportar procesos de maceraci\u00f3n y envejecimiento en barrica.&nbsp;<br><strong>Grado alcoh\u00f3lico:<\/strong> El vino base debe tener una graduaci\u00f3n alcoh\u00f3lica m\u00ednima de <img decoding=\"async\" src=\"blob:https:\/\/enolife.com.ar\/7698398c-0237-430e-8aca-c91d8f33efd8\">9 grados.&nbsp;<br><br><strong>Proceso de elaboraci\u00f3n:<\/strong><br> <br><strong>Selecci\u00f3n del vino base:<\/strong> Se elige un vino de calidad que sirva de base. Los blancos secos son una opci\u00f3n com\u00fan, pero los tintos y rosados tambi\u00e9n se utilizan.&nbsp;<br><strong>Aromatizaci\u00f3n:<\/strong> Se le a\u00f1ade una mezcla de hierbas, especias y bot\u00e1nicos como el ajenjo, cilantro, genciana, canela, clavo de olor, c\u00edtricos (c\u00e1scara de naranja y lim\u00f3n) y hierbas regionales como se hace en los casos de los vermuts de Mendoza y C\u00f3rdoba.&nbsp;<br><strong>Enriquecimiento:<\/strong> Se a\u00f1ade az\u00facar o un vino dulce natural (como un Pedro Xim\u00e9nez) para endulzarlo, y alcohol v\u00ednico o un alcohol blanco para aumentar su graduaci\u00f3n alcoh\u00f3lica y conservarlo. <br><strong>Maceraci\u00f3n:<\/strong> Se deja macerar la mezcla durante varias semanas para que los sabores se integren. <br><strong>Reposo:<\/strong> Finalmente, se deja reposar la botella durante un tiempo antes de su consumo.<br>&nbsp;<\/p>\n\n\n\n<div style=\"height:32px\" aria-hidden=\"true\" class=\"wp-block-spacer\"><\/div>\n\n\n\n<p class=\"has-medium-font-size\"><strong>\u00abEl vermut antes se hac\u00eda en nuestras casas<\/strong>\u00ab<\/p>\n\n\n\n<p>El lanzamiento del programa festivo cont\u00f3 con la presencia del intendente de San Mart\u00edn, <strong>Ra\u00fal Rufeil<\/strong>, del director de Turismo <strong>Jorge Corrales<\/strong> y del en\u00f3logo de Bodegas Crotta, <strong>\u00c1ngel Bottero<\/strong>, quienes destacaron la importancia de este nuevo evento para la agenda tur\u00edstica y gastron\u00f3mica de la regi\u00f3n. <\/p>\n\n\n\n<p>Rufeil remarc\u00f3 el valor cultural y social de este resurgir del vermut. <em>\u201cEl vermut antes se hac\u00eda en nuestras casas. Este aperitivo era parte de nuestras costumbres, y tenemos que volver a nuestras ra\u00edces. Sobre todo con un producto que es nuevo y viejo a la vez: hay que promocionarlo no solo desde lo econ\u00f3mico, sino tambi\u00e9n desde lo social. Siempre decimos que el vino convoca, pero este aperitivo es la primera convocatoria para una comida, una reuni\u00f3n de amigos o familiares&#8230; En el vermut se ve el arte de la enolog\u00eda, porque cada uno tiene su receta y su forma de elaborarlo. El \u00faltimo eslab\u00f3n de nuestra materia prima es aquel que tenemos que poner en valor\u201d<\/em>.<\/p>\n\n\n\n<div style=\"height:35px\" aria-hidden=\"true\" class=\"wp-block-spacer\"><\/div>\n\n\n<div class=\"wp-block-image\">\n<figure class=\"aligncenter size-large is-resized\"><a href=\"https:\/\/enolife.com.ar\/es\/wp-content\/uploads\/2025\/10\/Semana-Provincial-del-Vermouth-3-1.jpeg\" data-rel=\"penci-gallery-image-content\" ><img loading=\"lazy\" decoding=\"async\" width=\"1024\" height=\"682\" src=\"https:\/\/enolife.com.ar\/es\/wp-content\/uploads\/2025\/10\/Semana-Provincial-del-Vermouth-3-1-1024x682.jpeg\" alt=\"\" class=\"wp-image-166680\" style=\"width:720px;height:auto\" srcset=\"https:\/\/enolife.com.ar\/es\/wp-content\/uploads\/2025\/10\/Semana-Provincial-del-Vermouth-3-1-1024x682.jpeg 1024w, https:\/\/enolife.com.ar\/es\/wp-content\/uploads\/2025\/10\/Semana-Provincial-del-Vermouth-3-1-300x200.jpeg 300w, https:\/\/enolife.com.ar\/es\/wp-content\/uploads\/2025\/10\/Semana-Provincial-del-Vermouth-3-1-768x512.jpeg 768w, https:\/\/enolife.com.ar\/es\/wp-content\/uploads\/2025\/10\/Semana-Provincial-del-Vermouth-3-1-1536x1023.jpeg 1536w, https:\/\/enolife.com.ar\/es\/wp-content\/uploads\/2025\/10\/Semana-Provincial-del-Vermouth-3-1-1170x780.jpeg 1170w, https:\/\/enolife.com.ar\/es\/wp-content\/uploads\/2025\/10\/Semana-Provincial-del-Vermouth-3-1-585x390.jpeg 585w, https:\/\/enolife.com.ar\/es\/wp-content\/uploads\/2025\/10\/Semana-Provincial-del-Vermouth-3-1.jpeg 1600w\" sizes=\"auto, (max-width: 1024px) 100vw, 1024px\" \/><\/a><\/figure><\/div>\n\n\n<div style=\"height:45px\" aria-hidden=\"true\" class=\"wp-block-spacer\"><\/div>\n\n\n\n<p>Por su parte, Corrales se\u00f1al\u00f3: <em>\u201cSi hay una bebida que no puede faltar como aperitivo previo a cada reuni\u00f3n con amigos o familia, es el vermouth, una bebida que se prepara con agua t\u00f3nica o soda y hielo, y que suele acompa\u00f1arse con alguna comida previa&#8230; Luego de las Noches de las Vermuter\u00edas, vamos a tener tres d\u00edas, dos de conversatorios con personas que van a abordar todos los temas relacionados al vermut, su elaboraci\u00f3n y preparaci\u00f3n. Las jornadas se realizar\u00e1n de 17 hasta las 21, con entrada libre. El viernes se sumar\u00e1 un sunset con un patio gastron\u00f3mico y degustaci\u00f3n con 16 vermuter\u00edas; y el s\u00e1bado se repite el sunset con otra propuesta de comidas y musica en vivo\u201d.<\/em><\/p>\n\n\n\n<div style=\"height:35px\" aria-hidden=\"true\" class=\"wp-block-spacer\"><\/div>\n\n\n\n<p><strong>C\u00f3mo participar<\/strong><\/p>\n\n\n\n<p><strong>Charlas: Entrada libre<\/strong>, inscribi\u00e9ndose y reservando el lugar <a href=\"https:\/\/docs.google.com\/forms\/d\/e\/1FAIpQLSc5S3HFRJbb6D-qGbEKVN9BQ_8qAE3X7GXA0VOF6fcjrytZDQ\/viewform\">ac\u00e1.<\/a><\/p>\n\n\n\n<p>Las entradas ya est\u00e1n disponibles en <a href=\"https:\/\/www.entradaweb.com.ar\/evento\/ecae373b\/step\/1\"><strong>EntradaWeb.com<\/strong><\/a>. con un valor de $14.000. Adem\u00e1s, los asistentes podr\u00e1n aprovechar una promoci\u00f3n especial: quienes adquieran tickets para ambas noches abonar\u00e1n $20.000 en total.<\/p>\n\n\n\n<p><strong>Programa \u00abSemana Provincial del Vermouth<\/strong>\u00ab<\/p>\n\n\n\n<p><strong>Martes 14 y mi\u00e9rcoles 15<\/strong>: \u00abLa Noche de las Vermuter\u00edas\u00bb, actividad que se realiza en diversos comercios del gran Mendoza y el departamento de San Mart\u00edn.<\/p>\n\n\n\n<p><strong>Jueves 16<\/strong>:<br>17.15: \u201cHistoria y Renacer del Vermouth en Argentina\u201d, charla de Mat\u00edas Jurisich.<br>18.10: \u00abEl vino base y el terroir mendocino como identidad del vermut\u00bb, charla de Daniel Buono.<br>19.30: \u00abLos bot\u00e1nicos detr\u00e1s de la magia\u00bb, charla de un experto del INTA Jun\u00edn.<br>20.30: \u00abEl Vermouth en la barra\u00bb, charla de Mauricio Castillo.<\/p>\n\n\n\n<p><strong>Viernes 17<\/strong>:<br>16.15: \u00abElaboraci\u00f3n de vermut artesanal\u00bb, charla de Emiliano Sosa.<br>17.10; \u00abDe la ley a la copa\u00bb, charla de M\u00f3nica Rodr\u00edguez.<\/p>\n\n\n\n<p>18.10: \u00abEnemigos del vermut\u00bb, charla de Carolina Hoyos y Mat\u00edas Ojanguren.<br>19: \u00abMaridajes y la cultura de la hora del vermut\u00bb, charla de Vanina Ontiveros.<br>20.25: \u00abTendencias globales, consumo conciente y aperitivos de baja graduaci\u00f3n\u00bb, charla de Carolina Hoyos, M\u00f3nica Rodr\u00edguez, Mat\u00edas Ojanguren y Luciano Palumbo.<br>20.30: Sunset (actividad con arancel de $ 14.000 <a href=\"https:\/\/www.entradaweb.com.ar\/evento\/ecae373b\/step\/1\"><strong>Entradas<\/strong><\/a>)<\/p>\n\n\n\n<p><strong>S\u00e1bado 18<\/strong>:<br>17.30 a 20: Taller de elaboraci\u00f3n de vermouth de autor, a cargo de Emiliano Sosa, con cupo limitado a 25 personas.<br>20.30: Sunset (actividad con arancel de $ 14.000 <a href=\"https:\/\/www.entradaweb.com.ar\/evento\/ecae373b\/step\/1\"><strong>Entradas<\/strong><\/a>)<\/p>\n\n\n\n<div style=\"height:36px\" aria-hidden=\"true\" class=\"wp-block-spacer\"><\/div>\n","protected":false},"excerpt":{"rendered":"<p>Con degustaciones, charlas, sunsets y m\u00fasica en vivo, la denominada \u00abSemana Provincial del Vermouth\u00bb reunir\u00e1&hellip;<\/p>\n","protected":false},"author":2,"featured_media":166693,"comment_status":"closed","ping_status":"open","sticky":false,"template":"","format":"standard","meta":{"footnotes":""},"categories":[47],"tags":[],"class_list":["post-166670","post","type-post","status-publish","format-standard","has-post-thumbnail","hentry","category-agenda"],"_links":{"self":[{"href":"https:\/\/enolife.com.ar\/es\/wp-json\/wp\/v2\/posts\/166670","targetHints":{"allow":["GET"]}}],"collection":[{"href":"https:\/\/enolife.com.ar\/es\/wp-json\/wp\/v2\/posts"}],"about":[{"href":"https:\/\/enolife.com.ar\/es\/wp-json\/wp\/v2\/types\/post"}],"author":[{"embeddable":true,"href":"https:\/\/enolife.com.ar\/es\/wp-json\/wp\/v2\/users\/2"}],"replies":[{"embeddable":true,"href":"https:\/\/enolife.com.ar\/es\/wp-json\/wp\/v2\/comments?post=166670"}],"version-history":[{"count":0,"href":"https:\/\/enolife.com.ar\/es\/wp-json\/wp\/v2\/posts\/166670\/revisions"}],"wp:featuredmedia":[{"embeddable":true,"href":"https:\/\/enolife.com.ar\/es\/wp-json\/wp\/v2\/media\/166693"}],"wp:attachment":[{"href":"https:\/\/enolife.com.ar\/es\/wp-json\/wp\/v2\/media?parent=166670"}],"wp:term":[{"taxonomy":"category","embeddable":true,"href":"https:\/\/enolife.com.ar\/es\/wp-json\/wp\/v2\/categories?post=166670"},{"taxonomy":"post_tag","embeddable":true,"href":"https:\/\/enolife.com.ar\/es\/wp-json\/wp\/v2\/tags?post=166670"}],"curies":[{"name":"wp","href":"https:\/\/api.w.org\/{rel}","templated":true}]}}