{"id":16657,"date":"2020-07-21T21:03:18","date_gmt":"2020-07-21T21:03:18","guid":{"rendered":"http:\/\/enolife.com.ar\/es\/?p=16657"},"modified":"2020-08-03T14:31:30","modified_gmt":"2020-08-03T14:31:30","slug":"por-el-covid-el-plan-estrategico-2020-2024-de-la-oiv-enfoca-mas-en-la-digitalizacion-y-el-comercio","status":"publish","type":"post","link":"https:\/\/enolife.com.ar\/es\/por-el-covid-el-plan-estrategico-2020-2024-de-la-oiv-enfoca-mas-en-la-digitalizacion-y-el-comercio\/","title":{"rendered":"Por el covid, el Plan Estrat\u00e9gico 2020-2024 de la OIV enfoca m\u00e1s en la digitalizaci\u00f3n y el comercio"},"content":{"rendered":"\n<h4 class=\"wp-block-heading\"><em><strong>La Organizaci\u00f3n Internacional de la Vid y el Vino (OIV) defini\u00f3 en octubre de 2019 un Plan Estrat\u00e9gico global para el quinquenio en curso, que entr\u00f3 en vigencia el 1\/1\/20. En los ejes del Plan se destacan las propuestas normativas y nuevas acciones para la sustentabilidad de la industria, pero cada vez adquieren m\u00e1s relieve los desarrollos de plataformas inform\u00e1ticas para comunicaci\u00f3n, administraci\u00f3n y comercio online.<\/strong><\/em><\/h4>\n\n\n\n<div style=\"height:22px\" aria-hidden=\"true\" class=\"wp-block-spacer\"><\/div>\n\n\n\n<p>El <strong>Plan Estrat\u00e9gico<\/strong> es un proyecto establecido por el <strong>Comit\u00e9 Cient\u00edfico y T\u00e9cnico de la OIV<\/strong>, en colaboraci\u00f3n con el director general de esta organizaci\u00f3n. Con una duraci\u00f3n de cinco a\u00f1os, define las orientaciones de los trabajos a realizar por las comisiones, las subcomisiones y los grupos de expertos. Se elabora a partir de las propuestas de los socios miembros, los grupos de expertos, las comisiones y subcomisiones, evaluadas y jerarquizadas por el Comit\u00e9 Cient\u00edfico y T\u00e9cnico. Cabe mencionar que en este Comit\u00e9 participa activamente el ingeniero mendocino <strong>Alejandro Marianetti<\/strong>, quien oficia de presidente de la <strong>Subcomisi\u00f3n de uvas de mesa, pasas y productos no fermentados de la vid<\/strong>.<\/p>\n\n\n\n<p>La OIV  promueve normas y directrices internacionales, la armonizaci\u00f3n y el intercambio de informaci\u00f3n y un s\u00f3lido conocimiento basado en la ciencia, para mejorar la productividad,  seguridad y calidad del producto <strong>y las condiciones para producir m\u00e1rketing y comercializaci\u00f3n de productos vitivin\u00edcolas.<\/strong> En estos dos \u00faltimos terrenos -el m\u00e1rketing y la comercializaci\u00f3n- se han producido fuertes cambios, motivados por el aislamiento social impuesto por el coronavirus en todo el mundo. Frente a estas variaciones, el Plan de la OIV se est\u00e1 reacomodando para promover acciones que satisfagan las nuevas necesidades, tanto de los productores como de los consumidores. As\u00ed, por ejemplo, tras declararse la pandemia, la OIV convoc\u00f3 a una suerte de concurso mundial de desarrolladores web, ofreciendo la suma de $75.000 como recompensa para el mejor proyecto que mejore sus actuales plataformas. La presentaci\u00f3n de proyectos vence el 31 de julio pr\u00f3ximo.<\/p>\n\n\n\n<p>En Mendoza, el <strong>Instituto Nacional de Vitivinicultura<\/strong> <strong>(INV)<\/strong>, en sinton\u00eda con la OIV, est\u00e1 realizando un relevamiento de j\u00f3venes desarrolladores de plataformas digitales, con el objetivo simult\u00e1neo de <em>aggiornar<\/em> su propia tecnolog\u00eda inform\u00e1tica y a la vez proveer nuevos canales de comercializaci\u00f3n a los productores.  <\/p>\n\n\n\n<div style=\"height:20px\" aria-hidden=\"true\" class=\"wp-block-spacer\"><\/div>\n\n\n\n<p class=\"has-background has-cyan-bluish-gray-background-color\"><strong>Los 47 pa\u00edses integrantes de la OIV<\/strong><br><br>Alemania \/ Argelia \/ Argentina \/ Armenia \/ Australia \/ Austria \/ Azerbaiy\u00e1n \/ B\u00e9lgica\/ Bosnia y Herzegovina \/ Brasil \/ Bulgaria \/ Chile \/ Chipre \/ Croacia \/ Eslovaquia \/ Eslovenia \/ Espa\u00f1a \/ Francia \/ Georgia \/ Grecia \/ Hungr\u00eda \/ India \/ Israel \/ Italia \/ L\u00edbano \/ Luxemburgo \/ Malta \/ Marruecos \/ M\u00e9xico \/ Moldavia \/ Montenegro \/ Noruega \/ Nueva Zelanda \/ Pa\u00edses Bajos \/ Per\u00fa \/ Portugal \/ Rep\u00fablica Checa \/ Rep\u00fablica del Norte de Macedonia \/ Ruman\u00eda \/ Rusia \/ Serbia \/ Sud\u00e1frica \/ Suecia \/ Suiza \/ Turqu\u00eda \/ Uruguay \/ Uzbekist\u00e1n.<\/p>\n\n\n\n<div style=\"height:20px\" aria-hidden=\"true\" class=\"wp-block-spacer\"><\/div>\n\n\n\n<p class=\"has-medium-font-size\"><strong>El Plan Estrat\u00e9gico 2020-2024, sus fundamentos y ejes<\/strong><\/p>\n\n\n\n<p>Los objetivos para el desarrollo del plan estrat\u00e9gico quinquenal fueron guiados seg\u00fan los temas que el sector vitivin\u00edcola internacional tiene que enfrentar y con la visi\u00f3n de integrarlos a la perspectiva 2030 de los Objetivos de Desarrollo Sostenible (ODS), desarrollados por las Naciones Unidas. Para la OIV el desarrollo sostenible abarca el desarrollo econ\u00f3mico, desarrollo social y la protecci\u00f3n del medio ambiente, los tres son interdependientes.<\/p>\n\n\n\n<p>La OIV proporciona informaci\u00f3n a la industria vitivin\u00edcola y a los pa\u00edses compradores para desarrollar regulaciones que minimizen las barreras al comercio, promover la producci\u00f3n sustentable y proteger a los consumidores. Existen muchas variables a considerar tales como comerciales, econ\u00f3micas, ambientales, desaf\u00edos territoriales y sociales relacionados con el cultivo de la vid y productos a base de vid.<\/p>\n\n\n\n<p>El plan quinquenal 2020-2024 se estructura en torno a los siguientes <strong>seis ejes estrat\u00e9gicos:<\/strong><\/p>\n\n\n\n<ul class=\"wp-block-list\"><li>1. Fomentar la vitivinicultura respetuosa con el medio ambiente.<\/li><li>2. Fomentar una actividad econ\u00f3mica basada en los principios de desarrollo sostenible, crecimiento y globalizaci\u00f3n de los mercados.<\/li><li>3. Contribuir al desarrollo social mediante la vitivinicultura.<\/li><li>4. Continuar desarrollando un marco normativo armonizado.<\/li><li>5. Favorecer la transici\u00f3n digital del sector.<\/li><li>6. Consolidar el papel de la OIV como referencia mundial en los \u00e1mbitos cient\u00edfico, t\u00e9cnico y cultural.<\/li><\/ul>\n\n\n\n<p>Este plan y sus objetivos estrat\u00e9gicos atienden a los distintos desaf\u00edos a los que se enfrenta el sector vitivin\u00edcola internacional y a la voluntad de incorporar los Objetivos de Desarrollo Sostenible (ODS), incluidos en la Agenda 2030 de las Naciones Unidas, a los trabajos de la Organizaci\u00f3n. Al respecto, la OIV se muestra comprometida con los ODS y ayuda a sus miembros a aplicarlos en los \u00e1mbitos relacionados con su mandato de velar por la estabilidad financiera y el crecimiento econ\u00f3mico sostenible e inclusivo.<\/p>\n\n\n\n<div style=\"height:20px\" aria-hidden=\"true\" class=\"wp-block-spacer\"><\/div>\n\n\n\n<p><strong>El eje 1,<\/strong>&nbsp;\u201c<em>Fomentar la vitivinicultura respetuosa con el medio ambiente<\/em>\u201d, contempla orientaciones estrat\u00e9gicas que, a su vez, se desglosan en objetivos concretos: hacer frente al cambio clim\u00e1tico con medidas de mitigaci\u00f3n y adaptaci\u00f3n, mejorar la eficacia ambiental y preservar los recursos naturales.<\/p>\n\n\n\n<div class=\"wp-block-image\"><figure class=\"aligncenter size-large\"><img loading=\"lazy\" decoding=\"async\" width=\"691\" height=\"172\" src=\"https:\/\/enolife.com.ar\/es\/wp-content\/uploads\/2020\/07\/ejes-1.jpg\" alt=\"\" class=\"wp-image-16787\" srcset=\"https:\/\/enolife.com.ar\/es\/wp-content\/uploads\/2020\/07\/ejes-1.jpg 691w, https:\/\/enolife.com.ar\/es\/wp-content\/uploads\/2020\/07\/ejes-1-300x75.jpg 300w, https:\/\/enolife.com.ar\/es\/wp-content\/uploads\/2020\/07\/ejes-1-585x146.jpg 585w\" sizes=\"auto, (max-width: 691px) 100vw, 691px\" \/><\/figure><\/div>\n\n\n\n<div style=\"height:20px\" aria-hidden=\"true\" class=\"wp-block-spacer\"><\/div>\n\n\n\n<p><strong>El eje 2,<\/strong>&nbsp;\u201c<em>Fomentar una actividad econ\u00f3mica basada en los principios de desarrollo sostenible, crecimiento y globalizaci\u00f3n de los mercados<\/em>\u201d, incluye en sus orientaciones estrat\u00e9gicas fomentar y poner en valor la compleja estructura de las cadenas de valor como factor de sostenibilidad en el sector vitivin\u00edcola mundial, as\u00ed como mejorar el conocimiento del sector mediante el an\u00e1lisis estad\u00edstico y el estudio de los flujos y los efectos de las pol\u00edticas comerciales.<\/p>\n\n\n\n<div class=\"wp-block-image\"><figure class=\"aligncenter size-large\"><img loading=\"lazy\" decoding=\"async\" width=\"673\" height=\"196\" src=\"https:\/\/enolife.com.ar\/es\/wp-content\/uploads\/2020\/07\/eje-2.jpg\" alt=\"\" class=\"wp-image-16788\" srcset=\"https:\/\/enolife.com.ar\/es\/wp-content\/uploads\/2020\/07\/eje-2.jpg 673w, https:\/\/enolife.com.ar\/es\/wp-content\/uploads\/2020\/07\/eje-2-300x87.jpg 300w, https:\/\/enolife.com.ar\/es\/wp-content\/uploads\/2020\/07\/eje-2-585x170.jpg 585w\" sizes=\"auto, (max-width: 673px) 100vw, 673px\" \/><\/figure><\/div>\n\n\n\n<div style=\"height:20px\" aria-hidden=\"true\" class=\"wp-block-spacer\"><\/div>\n\n\n\n<p><strong>El eje 3,<\/strong>&nbsp;<em>\u201cContribuir al desarrollo social mediante la vitivinicultura<\/em>\u201d, incluye contribuir a poner en valor la relaci\u00f3n de los productos vitivin\u00edcolas con la salud y el bienestar, desarrollar una mano de obra capacitada y eficaz, as\u00ed como contribuir al desarrollo social y a reducir las desigualdades en el sector vitivin\u00edcola.<\/p>\n\n\n\n<div class=\"wp-block-image\"><figure class=\"aligncenter size-large\"><img loading=\"lazy\" decoding=\"async\" width=\"708\" height=\"180\" src=\"https:\/\/enolife.com.ar\/es\/wp-content\/uploads\/2020\/07\/eje-3.jpg\" alt=\"\" class=\"wp-image-16789\" srcset=\"https:\/\/enolife.com.ar\/es\/wp-content\/uploads\/2020\/07\/eje-3.jpg 708w, https:\/\/enolife.com.ar\/es\/wp-content\/uploads\/2020\/07\/eje-3-300x76.jpg 300w, https:\/\/enolife.com.ar\/es\/wp-content\/uploads\/2020\/07\/eje-3-585x149.jpg 585w\" sizes=\"auto, (max-width: 708px) 100vw, 708px\" \/><\/figure><\/div>\n\n\n\n<div style=\"height:20px\" aria-hidden=\"true\" class=\"wp-block-spacer\"><\/div>\n\n\n\n<p><strong>El eje 4,<\/strong>&nbsp;\u201c<em>Continuar desarrollando un marco normativo armonizado<\/em>\u201d, incluye como orientaci\u00f3n estrat\u00e9gica avanzar en la armonizaci\u00f3n de las categor\u00edas y la presentaci\u00f3n de los productos vitivin\u00edcolas; elaborar recomendaciones relativas a las pr\u00e1cticas enol\u00f3gicas, as\u00ed como elaborar recomendaciones relativas a los m\u00e9todos de an\u00e1lisis.<\/p>\n\n\n\n<div class=\"wp-block-image\"><figure class=\"aligncenter size-large\"><img loading=\"lazy\" decoding=\"async\" width=\"816\" height=\"184\" src=\"https:\/\/enolife.com.ar\/es\/wp-content\/uploads\/2020\/07\/eje-4.jpg\" alt=\"\" class=\"wp-image-16790\" srcset=\"https:\/\/enolife.com.ar\/es\/wp-content\/uploads\/2020\/07\/eje-4.jpg 816w, https:\/\/enolife.com.ar\/es\/wp-content\/uploads\/2020\/07\/eje-4-300x68.jpg 300w, https:\/\/enolife.com.ar\/es\/wp-content\/uploads\/2020\/07\/eje-4-768x173.jpg 768w, https:\/\/enolife.com.ar\/es\/wp-content\/uploads\/2020\/07\/eje-4-585x132.jpg 585w\" sizes=\"auto, (max-width: 816px) 100vw, 816px\" \/><\/figure><\/div>\n\n\n\n<div style=\"height:20px\" aria-hidden=\"true\" class=\"wp-block-spacer\"><\/div>\n\n\n\n<p><strong>El eje 5,<\/strong>&nbsp;\u201c<em>Favorecer la transici\u00f3n digital del sector<\/em>\u201d, incluye como orientaci\u00f3n estrat\u00e9gica favorecer la digitalizaci\u00f3n del sector vitivin\u00edcola y conocer a fondo el medio digital.<\/p>\n\n\n\n<div class=\"wp-block-image\"><figure class=\"aligncenter size-large\"><img loading=\"lazy\" decoding=\"async\" width=\"666\" height=\"177\" src=\"https:\/\/enolife.com.ar\/es\/wp-content\/uploads\/2020\/07\/eje-5.jpg\" alt=\"\" class=\"wp-image-16791\" srcset=\"https:\/\/enolife.com.ar\/es\/wp-content\/uploads\/2020\/07\/eje-5.jpg 666w, https:\/\/enolife.com.ar\/es\/wp-content\/uploads\/2020\/07\/eje-5-300x80.jpg 300w, https:\/\/enolife.com.ar\/es\/wp-content\/uploads\/2020\/07\/eje-5-585x155.jpg 585w\" sizes=\"auto, (max-width: 666px) 100vw, 666px\" \/><\/figure><\/div>\n\n\n\n<div style=\"height:20px\" aria-hidden=\"true\" class=\"wp-block-spacer\"><\/div>\n\n\n\n<p><strong>El eje 6<\/strong>,&nbsp;\u201c<em>Consolidar el papel de la OIV como referencia mundial en los \u00e1mbitos cient\u00edficos, t\u00e9cnico y cultural<\/em>\u201d, plantea una orientaci\u00f3n estrat\u00e9gica para favorecer la cooperaci\u00f3n internacional en el \u00e1mbito de la vitivinicultura; ofrecer asistencia de calidad desde el Secretariado, as\u00ed como desarrollar la informaci\u00f3n y comunicaci\u00f3n sobre el sector y sobre el papel y las decisiones de la propia organizaci\u00f3n intergubernamental.<\/p>\n\n\n\n<figure class=\"wp-block-image size-large\"><img loading=\"lazy\" decoding=\"async\" width=\"777\" height=\"182\" src=\"https:\/\/enolife.com.ar\/es\/wp-content\/uploads\/2020\/07\/eje-6.jpg\" alt=\"\" class=\"wp-image-16792\" srcset=\"https:\/\/enolife.com.ar\/es\/wp-content\/uploads\/2020\/07\/eje-6.jpg 777w, https:\/\/enolife.com.ar\/es\/wp-content\/uploads\/2020\/07\/eje-6-300x70.jpg 300w, https:\/\/enolife.com.ar\/es\/wp-content\/uploads\/2020\/07\/eje-6-768x180.jpg 768w, https:\/\/enolife.com.ar\/es\/wp-content\/uploads\/2020\/07\/eje-6-585x137.jpg 585w\" sizes=\"auto, (max-width: 777px) 100vw, 777px\" \/><\/figure>\n\n\n\n<div style=\"height:20px\" aria-hidden=\"true\" class=\"wp-block-spacer\"><\/div>\n\n\n\n<p class=\"has-background has-luminous-vivid-amber-background-color\"><strong>Documento completo de la OIV: <a href=\"https:\/\/enolife.com.ar\/es\/wp-content\/uploads\/2020\/07\/Plan-Estrat\u00e9gico-OIV-2020-2024.pdf\">Plan Estrat\u00e9gico 2020-2024<\/a> <\/strong><\/p>\n\n\n\n<div style=\"height:20px\" aria-hidden=\"true\" class=\"wp-block-spacer\"><\/div>\n\n\n\n<p class=\"has-small-font-size\"><em><strong>Fuentes: ACE Enolog\u00eda, OIV, <a href=\"http:\/\/www.sevi.net\/\">www.sevi.net<\/a>&nbsp;y La Semana Vitivin\u00edcola<\/strong><\/em><\/p>\n\n\n\n<div style=\"height:20px\" aria-hidden=\"true\" class=\"wp-block-spacer\"><\/div>\n","protected":false},"excerpt":{"rendered":"<p>La Organizaci\u00f3n Internacional de la Vid y el Vino (OIV) defini\u00f3 en octubre de 2019&hellip;<\/p>\n","protected":false},"author":3,"featured_media":16786,"comment_status":"open","ping_status":"open","sticky":false,"template":"","format":"standard","meta":{"footnotes":""},"categories":[14],"tags":[],"class_list":["post-16657","post","type-post","status-publish","format-standard","has-post-thumbnail","hentry","category-news"],"_links":{"self":[{"href":"https:\/\/enolife.com.ar\/es\/wp-json\/wp\/v2\/posts\/16657","targetHints":{"allow":["GET"]}}],"collection":[{"href":"https:\/\/enolife.com.ar\/es\/wp-json\/wp\/v2\/posts"}],"about":[{"href":"https:\/\/enolife.com.ar\/es\/wp-json\/wp\/v2\/types\/post"}],"author":[{"embeddable":true,"href":"https:\/\/enolife.com.ar\/es\/wp-json\/wp\/v2\/users\/3"}],"replies":[{"embeddable":true,"href":"https:\/\/enolife.com.ar\/es\/wp-json\/wp\/v2\/comments?post=16657"}],"version-history":[{"count":0,"href":"https:\/\/enolife.com.ar\/es\/wp-json\/wp\/v2\/posts\/16657\/revisions"}],"wp:featuredmedia":[{"embeddable":true,"href":"https:\/\/enolife.com.ar\/es\/wp-json\/wp\/v2\/media\/16786"}],"wp:attachment":[{"href":"https:\/\/enolife.com.ar\/es\/wp-json\/wp\/v2\/media?parent=16657"}],"wp:term":[{"taxonomy":"category","embeddable":true,"href":"https:\/\/enolife.com.ar\/es\/wp-json\/wp\/v2\/categories?post=16657"},{"taxonomy":"post_tag","embeddable":true,"href":"https:\/\/enolife.com.ar\/es\/wp-json\/wp\/v2\/tags?post=16657"}],"curies":[{"name":"wp","href":"https:\/\/api.w.org\/{rel}","templated":true}]}}