{"id":166385,"date":"2025-10-15T15:01:15","date_gmt":"2025-10-15T15:01:15","guid":{"rendered":"https:\/\/enolife.com.ar\/es\/?p=166385"},"modified":"2025-10-16T18:10:24","modified_gmt":"2025-10-16T18:10:24","slug":"el-enoturismo-de-argentina-se-reune-en-cordoba-30-y-31-10-con-una-feria-de-vinos-de-todo-el-pais","status":"publish","type":"post","link":"https:\/\/enolife.com.ar\/es\/el-enoturismo-de-argentina-se-reune-en-cordoba-30-y-31-10-con-una-feria-de-vinos-de-todo-el-pais\/","title":{"rendered":"El enoturismo de Argentina se re\u00fane en C\u00f3rdoba 30 y 31\/10, con una feria de vinos de todo el pa\u00eds"},"content":{"rendered":"\n<h4 class=\"wp-block-heading\"><em><strong>En su 5\u00b0 edici\u00f3n, las Jornadas Nacionales de Turismo del Vino se realizar\u00e1n este a\u00f1o en el Complejo Ferial de la ciudad de C\u00f3rdoba. El primer d\u00eda, complementar\u00e1 el encuentro una feria federal con etiquetas de cada una de las 18 provincias vitivin\u00edcolas argentinas. El objetivo declarado del evento, organizado en forma conjunta por la Corporaci\u00f3n Vitivin\u00edcola Argentina y distintos organismos nacionales y de la provincia anfitriona, es fortalecer espacios de intercambio, formaci\u00f3n y capacitaci\u00f3n, para consolidar el desarrollo del enoturismo en Argentina.<\/strong><\/em><\/h4>\n\n\n\n<div style=\"height:38px\" aria-hidden=\"true\" class=\"wp-block-spacer\"><\/div>\n\n\n\n\n\n<div style=\"height:25px\" aria-hidden=\"true\" class=\"wp-block-spacer\"><\/div>\n\n\n\n<p>El turismo del vino de Argentina se unir\u00e1 en <strong>C\u00f3rdoba<\/strong> con el prop\u00f3sito de pensar y promover su desarrollo futuro. Ante esta cita de inter\u00e9s, la <strong>Corporaci\u00f3n Vitivin\u00edcola Argentina (Coviar)<\/strong> invit\u00f3 a todos los interesados en participar, de forma libre y gratuita, a vincularse con la organizaci\u00f3n para estar presente en la capital mediterr\u00e1nea los d\u00edas <strong>30 y 31 de octubre pr\u00f3ximos.<\/strong><\/p>\n\n\n\n<p>La 5\u00b0 edici\u00f3n de este importante evento federal es organizado en forma conjunta por la <strong>Secretar\u00eda de Turismo, Ambiente y Deportes de la Naci\u00f3n, <\/strong>la<strong> Agencia C\u00f3rdoba Turismo,<\/strong> la<strong> Coviar <\/strong>y la<strong> C\u00e1mara Argentina de Turismo<\/strong>, con el acompa\u00f1amiento del <strong>Consejo Federal de Turismo<\/strong> y el <strong>Instituto Nacional de Promoci\u00f3n Tur\u00edstica (Inprotur).<\/strong><\/p>\n\n\n\n<p>Las Jornadas tienen como principal objetivo continuar fortaleciendo espacios de intercambio, formaci\u00f3n y capacitaci\u00f3n, para consolidar el desarrollo del enoturismo en Argentina.<\/p>\n\n\n\n<p>Los organizadores llaman a participar para seguir posicionando al turismo del vino tanto a nivel nacional como internacional, por lo que piden difundir la convocatoria a todos los interesados en desarrollar el enoturismo.<\/p>\n\n\n\n<p>La participaci\u00f3n en las Jornadas es <strong>libre y gratuita<\/strong>.<\/p>\n\n\n\n<div style=\"height:29px\" aria-hidden=\"true\" class=\"wp-block-spacer\"><\/div>\n\n\n<div class=\"wp-block-image\">\n<figure class=\"aligncenter is-resized\"><img decoding=\"async\" src=\"https:\/\/coviar.ar\/wp-content\/uploads\/2025\/10\/V-Jornadas-Nacionales-de-Turismo-del-Vino-en-Cordoba-1024x591.jpg\" alt=\"\" class=\"wp-image-12806\" style=\"width:724px;height:auto\"\/><figcaption class=\"wp-element-caption\"><em><strong>Una de las sesiones de trabajo durante la \u00faltima edici\u00f3n de las Jornadas Nacionales de Turismo del Vino, realizada en Mendoza en 2024.<\/strong><\/em><\/figcaption><\/figure><\/div>\n\n\n<div style=\"height:49px\" aria-hidden=\"true\" class=\"wp-block-spacer\"><\/div>\n\n\n\n<p>Adem\u00e1s, el jueves 30 de octubre, como cierre del primer d\u00eda, se realizar\u00e1 la <strong>Feria de Vinos Federal<\/strong>, un espacio donde cada provincia presentar\u00e1 sus vinos y su propuesta de enotur\u00edstica. <\/p>\n\n\n\n<p>Los interesados en participar pueden inscribirse a trav\u00e9s del siguiente enlace: &#x1f449; <a href=\"https:\/\/docs.google.com\/forms\/d\/1Af-uokWE39vPoL5bQPEd7vNM3-s6-qJNdm1UtaIHF5Y\/viewform?edit_requested=true\" target=\"_blank\" rel=\"noreferrer noopener\">Formulario de inscripci\u00f3n<\/a><\/p>\n\n\n\n<p>Para cualquier duda o consulta, remitir mensaje al siguiente mail: <strong>desarrolloturistico@turismo.gob.ar <\/strong>o a <strong>comunicacion@coviar.com.ar<\/strong><\/p>\n\n\n\n<p>Desde la Coviar tambi\u00e9n invitaron a participar del <strong>1\u00b0 Congreso Regional de Vitivinicultura, Enoturismo y Gastronom\u00eda<\/strong>, que se realizar\u00e1 en el Centro Provincial de Convenciones, <strong>Paran\u00e1, Entre R\u00edos<\/strong>, los d\u00edas <strong>19 y 20 de noviembre<\/strong> de 2025.<\/p>\n\n\n\n<div style=\"height:50px\" aria-hidden=\"true\" class=\"wp-block-spacer\"><\/div>\n","protected":false},"excerpt":{"rendered":"<p>En su 5\u00b0 edici\u00f3n, las Jornadas Nacionales de Turismo del Vino se realizar\u00e1n este a\u00f1o&hellip;<\/p>\n","protected":false},"author":2,"featured_media":109778,"comment_status":"closed","ping_status":"open","sticky":false,"template":"","format":"standard","meta":{"footnotes":""},"categories":[47],"tags":[],"class_list":["post-166385","post","type-post","status-publish","format-standard","has-post-thumbnail","hentry","category-agenda"],"_links":{"self":[{"href":"https:\/\/enolife.com.ar\/es\/wp-json\/wp\/v2\/posts\/166385","targetHints":{"allow":["GET"]}}],"collection":[{"href":"https:\/\/enolife.com.ar\/es\/wp-json\/wp\/v2\/posts"}],"about":[{"href":"https:\/\/enolife.com.ar\/es\/wp-json\/wp\/v2\/types\/post"}],"author":[{"embeddable":true,"href":"https:\/\/enolife.com.ar\/es\/wp-json\/wp\/v2\/users\/2"}],"replies":[{"embeddable":true,"href":"https:\/\/enolife.com.ar\/es\/wp-json\/wp\/v2\/comments?post=166385"}],"version-history":[{"count":0,"href":"https:\/\/enolife.com.ar\/es\/wp-json\/wp\/v2\/posts\/166385\/revisions"}],"wp:featuredmedia":[{"embeddable":true,"href":"https:\/\/enolife.com.ar\/es\/wp-json\/wp\/v2\/media\/109778"}],"wp:attachment":[{"href":"https:\/\/enolife.com.ar\/es\/wp-json\/wp\/v2\/media?parent=166385"}],"wp:term":[{"taxonomy":"category","embeddable":true,"href":"https:\/\/enolife.com.ar\/es\/wp-json\/wp\/v2\/categories?post=166385"},{"taxonomy":"post_tag","embeddable":true,"href":"https:\/\/enolife.com.ar\/es\/wp-json\/wp\/v2\/tags?post=166385"}],"curies":[{"name":"wp","href":"https:\/\/api.w.org\/{rel}","templated":true}]}}