{"id":166352,"date":"2025-10-09T14:10:38","date_gmt":"2025-10-09T14:10:38","guid":{"rendered":"https:\/\/enolife.com.ar\/es\/?p=166352"},"modified":"2025-10-13T11:04:50","modified_gmt":"2025-10-13T11:04:50","slug":"irrigacion-advierte-por-las-escasas-nevadas-bajara-menos-agua-por-los-rios-y-habra-que-ahorrar","status":"publish","type":"post","link":"https:\/\/enolife.com.ar\/es\/irrigacion-advierte-por-las-escasas-nevadas-bajara-menos-agua-por-los-rios-y-habra-que-ahorrar\/","title":{"rendered":"Irrigaci\u00f3n advierte: por las escasas nevadas, bajar\u00e1 menos agua por los r\u00edos y habr\u00e1 que ahorrar"},"content":{"rendered":"\n<h4 class=\"wp-block-heading\"><em><strong>El Departamento General de Irrigaci\u00f3n present\u00f3 el mi\u00e9rcoles 8\/10\/2025 el Pron\u00f3stico de Escurrimientos de los r\u00edos de Mendoza para la temporada 2025-2026. A causa de la sequ\u00eda meteorol\u00f3gica que ha padecido la provincia debido a la escasa cantidad de nieve ca\u00edda durante este invierno, los caudales de los cauces que bajan de la cordillera de los Andes ser\u00e1n menores a los a\u00f1os normales. Esto quiere decir que habr\u00e1 poca agua, bastante menos que en la temporada que acaba de finalizar, y por lo tanto ser\u00e1 necesario que todos los usuarios la cuiden y hagan un uso eficiente del vital recurso.<\/strong><\/em><\/h4>\n\n\n\n<div style=\"height:35px\" aria-hidden=\"true\" class=\"wp-block-spacer\"><\/div>\n\n\n<a href=\"https:\/\/www.irrigacion.gov.ar\/web\/\" aria-label=\"irrigaci\u00f3n-1700X500\"><img loading=\"lazy\" decoding=\"async\" src=\"https:\/\/enolife.com.ar\/es\/wp-content\/uploads\/2021\/02\/irrigacion-1700X500.gif\" alt=\"\"  width=\"1700\" height=\"500\"   \/><\/a>\n\n\n<div style=\"height:45px\" aria-hidden=\"true\" class=\"wp-block-spacer\"><\/div>\n\n\n\n<p>De acuerdo a la <strong>sequ\u00eda meteorol\u00f3gica<\/strong> que se present\u00f3 en toda la provincia de <strong>Mendoza<\/strong>, debido a la <strong>escasa cantidad de nieve<\/strong> ca\u00edda durante este invierno, el <strong>Pron\u00f3stico de Caudales<\/strong> presentado el mi\u00e9rcoles 8\/10\/2025 por el <strong>Departamento General de Irrigaci\u00f3n (DGI)<\/strong>, anunci\u00f3 valores menores a los de a\u00f1os normales, por lo que, advirtieron, ser\u00e1 sumamente importante intensificar el cuidado y usar eficientemente el agua.<\/p>\n\n\n\n<p>Como todos los a\u00f1os, Irrigaci\u00f3n present\u00f3 el <strong>Pron\u00f3stico de Escurrimientos de los r\u00edos<\/strong>, que se extiende desde octubre de este a\u00f1o hasta setiembre del 2026. El estudio es elaborado por la <strong>Direcci\u00f3n de Gesti\u00f3n H\u00eddrica<\/strong> del organismo del agua y es una herramienta fundamental en la planificaci\u00f3n h\u00eddrica, ya que permite establecer un plan de manejo de los embalses para la provisi\u00f3n de agua para riego, energ\u00eda y consumo, entre otros usos.<\/p>\n\n\n\n<div style=\"height:35px\" aria-hidden=\"true\" class=\"wp-block-spacer\"><\/div>\n\n\n<div class=\"wp-block-image\">\n<figure class=\"aligncenter size-full is-resized\"><a href=\"https:\/\/enolife.com.ar\/es\/wp-content\/uploads\/2025\/10\/PP0042.jpg\" data-rel=\"penci-gallery-image-content\" ><img loading=\"lazy\" decoding=\"async\" width=\"928\" height=\"500\" src=\"https:\/\/enolife.com.ar\/es\/wp-content\/uploads\/2025\/10\/PP0042.jpg\" alt=\"\" class=\"wp-image-166364\" style=\"width:664px;height:auto\" srcset=\"https:\/\/enolife.com.ar\/es\/wp-content\/uploads\/2025\/10\/PP0042.jpg 928w, https:\/\/enolife.com.ar\/es\/wp-content\/uploads\/2025\/10\/PP0042-300x162.jpg 300w, https:\/\/enolife.com.ar\/es\/wp-content\/uploads\/2025\/10\/PP0042-768x414.jpg 768w, https:\/\/enolife.com.ar\/es\/wp-content\/uploads\/2025\/10\/PP0042-585x315.jpg 585w\" sizes=\"auto, (max-width: 928px) 100vw, 928px\" \/><\/a><figcaption class=\"wp-element-caption\"><em><strong>Sergio Marinelli, titular de Irrigaci\u00f3n.<\/strong><\/em><\/figcaption><\/figure><\/div>\n\n\n<div style=\"height:35px\" aria-hidden=\"true\" class=\"wp-block-spacer\"><\/div>\n\n\n\n<p><em>\u201cHemos tenido dos a\u00f1os con disponibilidad de agua <\/em>-dijo el superintendente de Irrigaci\u00f3n, Sergio Marinelli-<em> y este a\u00f1o es un a\u00f1o complicado, con la temporada agr\u00edcola 2025-2026 en marcha, el clima nos lleva nuevamente a pensar que esta es la realidad permanente, la nueva normalidad que tenemos, con un 60% y en algunos r\u00edos hasta 58%, de un a\u00f1o medio. El a\u00f1o medio es el promedio de todos los a\u00f1os de los cuales se tiene registro. El r\u00edo Mendoza est\u00e1 en los 1.300 hm\u00b3 de un a\u00f1o medio, y ahora estamos en 835 hm\u00b3, esto hace que de los a\u00f1os malos que tuvimos, recordar\u00e1n que tuvimos entre 10 y 12 a\u00f1os, seg\u00fan el r\u00edo, de sequ\u00eda; de escasez extrema. Bueno, este ser\u00eda el pen\u00faltimo a\u00f1o, no el m\u00e1s malo, sino el que le siga hacia arriba, con muy poca cantidad de agua\u201d<\/em>.<\/p>\n\n\n\n<p>Y agreg\u00f3 el funcionario: <em>\u201cDesde hace varios a\u00f1os venimos trabajando con pol\u00edticas claras, con m\u00e1s o menos recursos, proyectando mejorar el manejo de agua, tratando de llegar a los usuarios para que entiendan, porque esto es toda una cadena de un sistema en el que cada uno tiene que aportar lo suyo para que nadie tenga p\u00e9rdidas. Este es un a\u00f1o que nos obliga a hacer todo lo que tenemos que hacer para que la producci\u00f3n sea la que menos sufra. Venimos tambi\u00e9n avanzando mucho en materia de agua potable y saneamiento a los efectos de que se mida las inversiones para evitar las p\u00e9rdidas notables y tambi\u00e9n la calidad del agua, porque los re\u00fasos en el tiempo van a tener que ser cada vez m\u00e1s eficientes para permitir que el crecimiento de las ciudades genere impactos negativos en los confines. La planificaci\u00f3n a futuro, al menos lo que nos toca aqu\u00ed en Irrigaci\u00f3n, va a cuidar esto: que haya una equidad, equilibrio y mucho cuidado ambiental\u201d<\/em>.<\/p>\n\n\n\n<div style=\"height:35px\" aria-hidden=\"true\" class=\"wp-block-spacer\"><\/div>\n\n\n<div class=\"wp-block-image\">\n<figure class=\"aligncenter size-full is-resized\"><a href=\"https:\/\/enolife.com.ar\/es\/wp-content\/uploads\/2025\/10\/PP0090.jpg\" data-rel=\"penci-gallery-image-content\" ><img loading=\"lazy\" decoding=\"async\" width=\"863\" height=\"500\" src=\"https:\/\/enolife.com.ar\/es\/wp-content\/uploads\/2025\/10\/PP0090.jpg\" alt=\"\" class=\"wp-image-166367\" style=\"width:566px;height:auto\" srcset=\"https:\/\/enolife.com.ar\/es\/wp-content\/uploads\/2025\/10\/PP0090.jpg 863w, https:\/\/enolife.com.ar\/es\/wp-content\/uploads\/2025\/10\/PP0090-300x174.jpg 300w, https:\/\/enolife.com.ar\/es\/wp-content\/uploads\/2025\/10\/PP0090-768x445.jpg 768w, https:\/\/enolife.com.ar\/es\/wp-content\/uploads\/2025\/10\/PP0090-585x339.jpg 585w\" sizes=\"auto, (max-width: 863px) 100vw, 863px\" \/><\/a><figcaption class=\"wp-element-caption\"><em><strong>Rub\u00e9n Villodas, especialista en Gesti\u00f3n H\u00eddrica de Irrigaci\u00f3n.<\/strong><\/em><\/figcaption><\/figure><\/div>\n\n\n<div style=\"height:35px\" aria-hidden=\"true\" class=\"wp-block-spacer\"><\/div>\n\n\n\n<p><em>\u201cHay menos agua de lo que normalmente hay <\/em>-asegur\u00f3 Marinelli-<em>; pero uno puede necesitar m\u00e1s agua porque no tiene eficiencia adecuada. Entonces, aunque haya agua disponible, capaz que a uno le falte igual porque tiene un mal manejo del agua. Entonces, seg\u00fan las cuentas, seg\u00fan el lugar, como manejan el agua, les alcanza m\u00e1s, les alcanza menos. Desde 2017 venimos con pol\u00edticas, primero cambiando la visi\u00f3n. Al principio nos cost\u00f3 mucho que la gente lo aceptara, que entendiera que esto es un problema permanente. Esto lo venimos diciendo y lo demuestra el plan maestro que hicimos con Mekorot, donde la gente dio los pron\u00f3sticos hasta el 2050. Vengo de estar en un evento a nivel internacional en Chile y todos los investigadores hablan de lo mismo, o sea, el cambio clim\u00e1tico ya est\u00e1 haciendo de la suyas, tenemos una tendencia declinante a futuro importante hasta la d\u00e9cada del 50 ni hablar despu\u00e9s, porque realmente la serie va a ser tremenda y lo que y es m\u00e1s grave, los glaciares, los glaciares tienen una retracci\u00f3n muy grande\u201d<\/em>.<\/p>\n\n\n\n<div style=\"height:35px\" aria-hidden=\"true\" class=\"wp-block-spacer\"><\/div>\n\n\n\n<figure class=\"wp-block-gallery has-nested-images columns-default is-cropped wp-block-gallery-1 is-layout-flex wp-block-gallery-is-layout-flex\">\n<figure class=\"wp-block-image size-large\"><a href=\"https:\/\/enolife.com.ar\/es\/wp-content\/uploads\/2025\/10\/Imagen4-4.jpg\" data-rel=\"penci-gallery-image-content\" ><img loading=\"lazy\" decoding=\"async\" width=\"1024\" height=\"762\" data-id=\"166356\" src=\"https:\/\/enolife.com.ar\/es\/wp-content\/uploads\/2025\/10\/Imagen4-4-1024x762.jpg\" alt=\"\" class=\"wp-image-166356\" srcset=\"https:\/\/enolife.com.ar\/es\/wp-content\/uploads\/2025\/10\/Imagen4-4-1024x762.jpg 1024w, https:\/\/enolife.com.ar\/es\/wp-content\/uploads\/2025\/10\/Imagen4-4-300x223.jpg 300w, https:\/\/enolife.com.ar\/es\/wp-content\/uploads\/2025\/10\/Imagen4-4-768x572.jpg 768w, https:\/\/enolife.com.ar\/es\/wp-content\/uploads\/2025\/10\/Imagen4-4-1536x1143.jpg 1536w, https:\/\/enolife.com.ar\/es\/wp-content\/uploads\/2025\/10\/Imagen4-4-1170x871.jpg 1170w, https:\/\/enolife.com.ar\/es\/wp-content\/uploads\/2025\/10\/Imagen4-4-585x435.jpg 585w, https:\/\/enolife.com.ar\/es\/wp-content\/uploads\/2025\/10\/Imagen4-4.jpg 1713w\" sizes=\"auto, (max-width: 1024px) 100vw, 1024px\" \/><\/a><\/figure>\n\n\n\n<figure class=\"wp-block-image size-large\"><a href=\"https:\/\/enolife.com.ar\/es\/wp-content\/uploads\/2025\/10\/Imagen1-9.jpg\" data-rel=\"penci-gallery-image-content\" ><img loading=\"lazy\" decoding=\"async\" width=\"1024\" height=\"713\" data-id=\"166357\" src=\"https:\/\/enolife.com.ar\/es\/wp-content\/uploads\/2025\/10\/Imagen1-9-1024x713.jpg\" alt=\"\" class=\"wp-image-166357\" srcset=\"https:\/\/enolife.com.ar\/es\/wp-content\/uploads\/2025\/10\/Imagen1-9-1024x713.jpg 1024w, https:\/\/enolife.com.ar\/es\/wp-content\/uploads\/2025\/10\/Imagen1-9-300x209.jpg 300w, https:\/\/enolife.com.ar\/es\/wp-content\/uploads\/2025\/10\/Imagen1-9-768x534.jpg 768w, https:\/\/enolife.com.ar\/es\/wp-content\/uploads\/2025\/10\/Imagen1-9-1536x1069.jpg 1536w, https:\/\/enolife.com.ar\/es\/wp-content\/uploads\/2025\/10\/Imagen1-9-1170x814.jpg 1170w, https:\/\/enolife.com.ar\/es\/wp-content\/uploads\/2025\/10\/Imagen1-9-585x407.jpg 585w, https:\/\/enolife.com.ar\/es\/wp-content\/uploads\/2025\/10\/Imagen1-9.jpg 1713w\" sizes=\"auto, (max-width: 1024px) 100vw, 1024px\" \/><\/a><\/figure>\n<\/figure>\n\n\n\n<div style=\"height:35px\" aria-hidden=\"true\" class=\"wp-block-spacer\"><\/div>\n\n\n\n<p>Para cerrar, Marinelli coment\u00f3: <em>\u201cVenimos de hace ocho a\u00f1os hablando de que hay que trabajar sobre la demanda, que hay que planificar, por eso este a\u00f1o presentamos un Plan de Sequ\u00eda que es una metodolog\u00eda y cada cuenca tomar\u00e1 las medidas que vea que tiene que tomar a trav\u00e9s de los representantes de los usuarios que son las Inspecciones de Cauce en conjunto con nuestros subdelegados. Pero con datos, que es lo m\u00e1s importante. La informaci\u00f3n, la planificaci\u00f3n y la tecnolog\u00eda son importantes pero sobre el trabajo en conjunto es lo que hace que se puedan tomar decisiones efectivas, tanto en la actualidad como a futuro y que esa toma de conciencia permita que haya una disponibilidad contante de recursos para que de manera inteligente podamos evitar los impactos negativos\u201d.<\/em><\/p>\n\n\n\n<div style=\"height:35px\" aria-hidden=\"true\" class=\"wp-block-spacer\"><\/div>\n\n\n<div class=\"wp-block-image\">\n<figure class=\"aligncenter size-full is-resized\"><a href=\"https:\/\/enolife.com.ar\/es\/wp-content\/uploads\/2025\/10\/Imagen3-6.jpg\" data-rel=\"penci-gallery-image-content\" ><img loading=\"lazy\" decoding=\"async\" width=\"891\" height=\"500\" src=\"https:\/\/enolife.com.ar\/es\/wp-content\/uploads\/2025\/10\/Imagen3-6.jpg\" alt=\"\" class=\"wp-image-166359\" style=\"width:678px;height:auto\" srcset=\"https:\/\/enolife.com.ar\/es\/wp-content\/uploads\/2025\/10\/Imagen3-6.jpg 891w, https:\/\/enolife.com.ar\/es\/wp-content\/uploads\/2025\/10\/Imagen3-6-300x168.jpg 300w, https:\/\/enolife.com.ar\/es\/wp-content\/uploads\/2025\/10\/Imagen3-6-768x431.jpg 768w, https:\/\/enolife.com.ar\/es\/wp-content\/uploads\/2025\/10\/Imagen3-6-585x328.jpg 585w\" sizes=\"auto, (max-width: 891px) 100vw, 891px\" \/><\/a><\/figure><\/div>\n\n\n<div style=\"height:35px\" aria-hidden=\"true\" class=\"wp-block-spacer\"><\/div>\n\n\n\n<p class=\"has-white-background-color has-background has-medium-font-size\"><strong>Pron\u00f3stico temporada 2025\/2026 <\/strong><\/p>\n\n\n\n<p>A su t\u00e9rmino, el director de <strong>Gesti\u00f3n H\u00eddrica, Rub\u00e9n Villodas<\/strong> tom\u00f3 la posta y fue el encargado de brindar los datos que arroja el Pron\u00f3stico de Escurrimientos para la temporada 2025-2026, para todas las cuencas de la provincia.<\/p>\n\n\n\n<div style=\"height:35px\" aria-hidden=\"true\" class=\"wp-block-spacer\"><\/div>\n\n\n<div class=\"wp-block-image\">\n<figure class=\"aligncenter size-full is-resized\"><a href=\"https:\/\/enolife.com.ar\/es\/wp-content\/uploads\/2025\/10\/Imagen2-7.jpg\" data-rel=\"penci-gallery-image-content\" ><img loading=\"lazy\" decoding=\"async\" width=\"864\" height=\"500\" src=\"https:\/\/enolife.com.ar\/es\/wp-content\/uploads\/2025\/10\/Imagen2-7.jpg\" alt=\"\" class=\"wp-image-166358\" style=\"width:588px;height:auto\" srcset=\"https:\/\/enolife.com.ar\/es\/wp-content\/uploads\/2025\/10\/Imagen2-7.jpg 864w, https:\/\/enolife.com.ar\/es\/wp-content\/uploads\/2025\/10\/Imagen2-7-300x174.jpg 300w, https:\/\/enolife.com.ar\/es\/wp-content\/uploads\/2025\/10\/Imagen2-7-768x444.jpg 768w, https:\/\/enolife.com.ar\/es\/wp-content\/uploads\/2025\/10\/Imagen2-7-585x339.jpg 585w\" sizes=\"auto, (max-width: 864px) 100vw, 864px\" \/><\/a><\/figure><\/div>\n\n\n<div style=\"height:35px\" aria-hidden=\"true\" class=\"wp-block-spacer\"><\/div>\n\n\n\n<p class=\"has-background\" style=\"background-color:#abb7c259\"><strong>R\u00edo Mendoza: sequ\u00eda hidrol\u00f3gica moderada<\/strong><\/p>\n\n\n\n<p>-En la Temporada 24\/25 escurrieron 1.370 hm 3.<br>-El Pron\u00f3stico de Escurrimientos para el R\u00edo Mendoza 2025-2026 indica que se espera un derrame de 845 hm\u00b3, lo que representa el 61% respecto de un a\u00f1o medio para la secci\u00f3n de aforos Guido.<\/p>\n\n\n\n<p class=\"has-background\" style=\"background-color:#abb7c259\"><strong>R\u00edo Tunuy\u00e1n y arroyos: sequ\u00eda hidrol\u00f3gica moderada.<\/strong><\/p>\n\n\n\n<p>-En la Temporada 24\/25 escurrieron 1.083 hm\u00b3.<br>-El Pron\u00f3stico de Escurrimientos para el R\u00edo Tunuy\u00e1n y arroyos indica que se espera para la temporada 2025-2026 un derrame de 535 hm\u00b3, lo que representa 63% respecto de un a\u00f1o medio para la secci\u00f3n de aforos de Valle de Uco.<\/p>\n\n\n\n<p class=\"has-background\" style=\"background-color:#abb7c259\"><strong>R\u00edo Diamante: sequ\u00eda hidrol\u00f3gica moderada.<\/strong><\/p>\n\n\n\n<p>-En la temporada 24-25 hubo un derrame para el r\u00edo Diamante de 841 hm\u00b3.<br>-El Pron\u00f3stico de Escurrimientos para el r\u00edo Diamante indica que se espera un derrame 605 hm\u00b3 para la temporada 2025-2026, lo que representa un 62% de un a\u00f1o medio para la secci\u00f3n de aforos de La Jaula.<\/p>\n\n\n\n<p class=\"has-background\" style=\"background-color:#abb7c259\"><strong>R\u00edo Atuel: escaso<\/strong><\/p>\n\n\n\n<p>-Para el r\u00edo Atuel en la temporada 24-25 hubo un derrame de 1.006 hm\u00b3 .<br>-El Pron\u00f3stico de Escurrimientos para el r\u00edo Atuel indica que se espera un derrame de 795 hm\u00b3, lo que representa un 73% de un a\u00f1o medio para la secci\u00f3n de aforos La Angostura.<\/p>\n\n\n\n<p class=\"has-background\" style=\"background-color:#abb7c259\"><strong>R\u00edo Malarg\u00fce: escaso<\/strong><\/p>\n\n\n\n<p>-En la temporada 24-25 el r\u00edo Malarg\u00fce tuvo un derrame pronosticado de 310 hm\u00b3.<br>-El Pron\u00f3stico de Escurrimientos para el r\u00edo Malarg\u00fce para la temporada 2025-2026 indica que se espera un derrame de 180 hm\u00b3, lo que representa un 60% de un a\u00f1o medio para la secci\u00f3n de aforo La Barda.<\/p>\n\n\n\n<p class=\"has-background\" style=\"background-color:#abb7c259\"><strong>R\u00edo Grande: sequ\u00eda hidrol\u00f3gica moderada<\/strong><\/p>\n\n\n\n<p>-El R\u00edo Grande tuvo en la temporada 2024-2025 un derrame de 2.744 hm\u00b3.<br>-Para la temporada 2025-2026 se pronostica un derrame de 1.825 hm\u00b3, lo que representa un 58% de un a\u00f1o medio para la secci\u00f3n de aforo La Gotera.<\/p>\n\n\n\n<div style=\"height:20px\" aria-hidden=\"true\" class=\"wp-block-spacer\"><\/div>\n\n\n\n<p class=\"has-background\" style=\"background-color:#abb7c257\"><strong>Ver el informe completo: <a href=\"https:\/\/www.irrigacion.gov.ar\/web\/wp-content\/uploads\/2025\/10\/Irrigaci%C3%B3n-Pron%C3%B3stico-de-escurrimientos-Temporada25-26-HA.pdf\">AQU\u00cd<\/a><\/strong><\/p>\n\n\n\n<div style=\"height:35px\" aria-hidden=\"true\" class=\"wp-block-spacer\"><\/div>\n","protected":false},"excerpt":{"rendered":"<p>El Departamento General de Irrigaci\u00f3n present\u00f3 el mi\u00e9rcoles 8\/10\/2025 el Pron\u00f3stico de Escurrimientos de los&hellip;<\/p>\n","protected":false},"author":2,"featured_media":166362,"comment_status":"closed","ping_status":"open","sticky":false,"template":"","format":"standard","meta":{"footnotes":""},"categories":[14],"tags":[],"class_list":["post-166352","post","type-post","status-publish","format-standard","has-post-thumbnail","hentry","category-news"],"_links":{"self":[{"href":"https:\/\/enolife.com.ar\/es\/wp-json\/wp\/v2\/posts\/166352","targetHints":{"allow":["GET"]}}],"collection":[{"href":"https:\/\/enolife.com.ar\/es\/wp-json\/wp\/v2\/posts"}],"about":[{"href":"https:\/\/enolife.com.ar\/es\/wp-json\/wp\/v2\/types\/post"}],"author":[{"embeddable":true,"href":"https:\/\/enolife.com.ar\/es\/wp-json\/wp\/v2\/users\/2"}],"replies":[{"embeddable":true,"href":"https:\/\/enolife.com.ar\/es\/wp-json\/wp\/v2\/comments?post=166352"}],"version-history":[{"count":0,"href":"https:\/\/enolife.com.ar\/es\/wp-json\/wp\/v2\/posts\/166352\/revisions"}],"wp:featuredmedia":[{"embeddable":true,"href":"https:\/\/enolife.com.ar\/es\/wp-json\/wp\/v2\/media\/166362"}],"wp:attachment":[{"href":"https:\/\/enolife.com.ar\/es\/wp-json\/wp\/v2\/media?parent=166352"}],"wp:term":[{"taxonomy":"category","embeddable":true,"href":"https:\/\/enolife.com.ar\/es\/wp-json\/wp\/v2\/categories?post=166352"},{"taxonomy":"post_tag","embeddable":true,"href":"https:\/\/enolife.com.ar\/es\/wp-json\/wp\/v2\/tags?post=166352"}],"curies":[{"name":"wp","href":"https:\/\/api.w.org\/{rel}","templated":true}]}}