{"id":166260,"date":"2025-10-09T10:18:33","date_gmt":"2025-10-09T10:18:33","guid":{"rendered":"https:\/\/enolife.com.ar\/es\/?p=166260"},"modified":"2025-10-09T22:07:08","modified_gmt":"2025-10-09T22:07:08","slug":"vinexpo-explorer-mendoza-120-bodegas-se-lucieron-ante-80-compradores-internacionales","status":"publish","type":"post","link":"https:\/\/enolife.com.ar\/es\/vinexpo-explorer-mendoza-120-bodegas-se-lucieron-ante-80-compradores-internacionales\/","title":{"rendered":"Vinexpo Explorer Mendoza: 120 bodegas se lucieron ante 80 compradores internacionales"},"content":{"rendered":"\n<h4 class=\"wp-block-heading\"><em><strong>Durante las jornadas del 6, 7 y 8\/10, las 120 bodegas participantes de la edici\u00f3n Vinexpo Explorer que se lleva a cabo en Mendoza, recibieron 80 compradores provenientes de Am\u00e9rica del Norte, Europa y Asia. Cada uno de ellos tuvo la posibilidad de degustar y conocer en profundidad los vinos mendocinos en un ambiente de cercan\u00eda, profesionalismo y calidad.<\/strong><\/em><\/h4>\n\n\n\n<div style=\"height:35px\" aria-hidden=\"true\" class=\"wp-block-spacer\"><\/div>\n\n\n\n\n\n<div style=\"height:45px\" aria-hidden=\"true\" class=\"wp-block-spacer\"><\/div>\n\n\n\n<p>Ciento veinte bodegas participantes mostraron lo mejor de su producci\u00f3n vitivin\u00edcola en el marco de las degustaciones privadas realizadas en el espacio Arizu como parte de Vinexpo Explorer Mendoza 2025, el encuentro internacional organizado por ProMendoza, el Gobierno de Mendoza y Vinexposium.<\/p>\n\n\n\n<p>Durante dos jornadas intensas, <strong>80 compradores<\/strong> internacionales de <strong>Am\u00e9rica del Norte, Europa y Asia <\/strong>pudieron degustar y conocer en profundidad los vinos mendocinos en un ambiente de cercan\u00eda, profesionalismo y calidad. Esta instancia sirvi\u00f3 como antesala de las rondas de negocios B2B, que se desarrollaron en el mismo espacio. Las <strong>otras 30 bodegas inscriptas<\/strong> en el evento fueron <strong>seleccionadas como host y recibieron a los compradores en sus restaurantes.<\/strong><\/p>\n\n\n\n<div style=\"height:35px\" aria-hidden=\"true\" class=\"wp-block-spacer\"><\/div>\n\n\n\n<figure class=\"wp-block-gallery has-nested-images columns-default is-cropped wp-block-gallery-1 is-layout-flex wp-block-gallery-is-layout-flex\">\n<figure class=\"wp-block-image size-full\"><a href=\"https:\/\/enolife.com.ar\/es\/wp-content\/uploads\/2025\/10\/DSC_3092-1080x721-1.jpg\" data-rel=\"penci-gallery-image-content\" ><img loading=\"lazy\" decoding=\"async\" width=\"841\" height=\"500\" data-id=\"166266\" src=\"https:\/\/enolife.com.ar\/es\/wp-content\/uploads\/2025\/10\/DSC_3092-1080x721-1.jpg\" alt=\"\" class=\"wp-image-166266\" srcset=\"https:\/\/enolife.com.ar\/es\/wp-content\/uploads\/2025\/10\/DSC_3092-1080x721-1.jpg 841w, https:\/\/enolife.com.ar\/es\/wp-content\/uploads\/2025\/10\/DSC_3092-1080x721-1-300x178.jpg 300w, https:\/\/enolife.com.ar\/es\/wp-content\/uploads\/2025\/10\/DSC_3092-1080x721-1-768x457.jpg 768w, https:\/\/enolife.com.ar\/es\/wp-content\/uploads\/2025\/10\/DSC_3092-1080x721-1-585x348.jpg 585w\" sizes=\"auto, (max-width: 841px) 100vw, 841px\" \/><\/a><\/figure>\n\n\n\n<figure class=\"wp-block-image size-full\"><a href=\"https:\/\/enolife.com.ar\/es\/wp-content\/uploads\/2025\/10\/DSC_3070-1200x801-1.jpg\" data-rel=\"penci-gallery-image-content\" ><img loading=\"lazy\" decoding=\"async\" width=\"829\" height=\"448\" data-id=\"166273\" src=\"https:\/\/enolife.com.ar\/es\/wp-content\/uploads\/2025\/10\/DSC_3070-1200x801-1.jpg\" alt=\"\" class=\"wp-image-166273\" srcset=\"https:\/\/enolife.com.ar\/es\/wp-content\/uploads\/2025\/10\/DSC_3070-1200x801-1.jpg 829w, https:\/\/enolife.com.ar\/es\/wp-content\/uploads\/2025\/10\/DSC_3070-1200x801-1-300x162.jpg 300w, https:\/\/enolife.com.ar\/es\/wp-content\/uploads\/2025\/10\/DSC_3070-1200x801-1-768x415.jpg 768w, https:\/\/enolife.com.ar\/es\/wp-content\/uploads\/2025\/10\/DSC_3070-1200x801-1-585x316.jpg 585w\" sizes=\"auto, (max-width: 829px) 100vw, 829px\" \/><\/a><\/figure>\n<\/figure>\n\n\n\n<div style=\"height:35px\" aria-hidden=\"true\" class=\"wp-block-spacer\"><\/div>\n\n\n\n<p><strong>Roberto de la Mota,<\/strong> reconocido <strong>en\u00f3logo de Mendel Wines<\/strong>, expres\u00f3: <em>\u00abHemos hecho muchas ferias en Mendoza, pero esta tiene una particularidad: es c\u00f3moda, no es muy grande, pero es muy atractiva por la cantidad y calidad de vinos. Los visitantes est\u00e1n muy conformes y encuentran un lugar excelente para trabajar\u00bb.<\/em><\/p>\n\n\n\n<p>La oportunidad generada por ProMendoza fue valorada por empresarios locales, quienes pudieron establecer v\u00ednculos directos con distribuidores e importadores clave. <strong>Lucas Montevero, subgerente en Tecnolog\u00eda y Producci\u00f3n de Finca El Origen<\/strong>, destac\u00f3: <em>\u00abPasaron muchos importadores por nuestro stand, algunos que ya conocemos y otros nuevos\u00bb.<\/em><\/p>\n\n\n\n<div style=\"height:35px\" aria-hidden=\"true\" class=\"wp-block-spacer\"><\/div>\n\n\n\n<figure class=\"wp-block-gallery has-nested-images columns-default is-cropped wp-block-gallery-2 is-layout-flex wp-block-gallery-is-layout-flex\">\n<figure class=\"wp-block-image size-full\"><a href=\"https:\/\/enolife.com.ar\/es\/wp-content\/uploads\/2025\/10\/DSC_3033-1-1080x721-1.jpg\" data-rel=\"penci-gallery-image-content\" ><img loading=\"lazy\" decoding=\"async\" width=\"859\" height=\"500\" data-id=\"166267\" src=\"https:\/\/enolife.com.ar\/es\/wp-content\/uploads\/2025\/10\/DSC_3033-1-1080x721-1.jpg\" alt=\"\" class=\"wp-image-166267\" srcset=\"https:\/\/enolife.com.ar\/es\/wp-content\/uploads\/2025\/10\/DSC_3033-1-1080x721-1.jpg 859w, https:\/\/enolife.com.ar\/es\/wp-content\/uploads\/2025\/10\/DSC_3033-1-1080x721-1-300x175.jpg 300w, https:\/\/enolife.com.ar\/es\/wp-content\/uploads\/2025\/10\/DSC_3033-1-1080x721-1-768x447.jpg 768w, https:\/\/enolife.com.ar\/es\/wp-content\/uploads\/2025\/10\/DSC_3033-1-1080x721-1-585x341.jpg 585w\" sizes=\"auto, (max-width: 859px) 100vw, 859px\" \/><\/a><\/figure>\n\n\n\n<figure class=\"wp-block-image size-full\"><a href=\"https:\/\/enolife.com.ar\/es\/wp-content\/uploads\/2025\/10\/DSC_3076-1080x721-1.jpg\" data-rel=\"penci-gallery-image-content\" ><img loading=\"lazy\" decoding=\"async\" width=\"730\" height=\"434\" data-id=\"166268\" src=\"https:\/\/enolife.com.ar\/es\/wp-content\/uploads\/2025\/10\/DSC_3076-1080x721-1.jpg\" alt=\"\" class=\"wp-image-166268\" srcset=\"https:\/\/enolife.com.ar\/es\/wp-content\/uploads\/2025\/10\/DSC_3076-1080x721-1.jpg 730w, https:\/\/enolife.com.ar\/es\/wp-content\/uploads\/2025\/10\/DSC_3076-1080x721-1-300x178.jpg 300w, https:\/\/enolife.com.ar\/es\/wp-content\/uploads\/2025\/10\/DSC_3076-1080x721-1-585x348.jpg 585w\" sizes=\"auto, (max-width: 730px) 100vw, 730px\" \/><\/a><\/figure>\n<\/figure>\n\n\n\n<div style=\"height:35px\" aria-hidden=\"true\" class=\"wp-block-spacer\"><\/div>\n\n\n\n<p><em>\u00abEs una experiencia muy positiva. Buscan conocer, probar y entender bien el valor del producto\u00bb. <\/em>Por su parte, <strong>Alfredo Cohen, propietario de Malbicho Wines<\/strong>, celebr\u00f3 la convocatoria: <em>\u00bbEstamos muy contentos. En los primeros minutos ya ten\u00edamos varios compradores interesados. Me sorprendi\u00f3 la cantidad de gente y la calidad de los importadores. Muchos buscan hacer volumen, no son solo boutique. Es muy prometedor\u00bb<\/em>, afirm\u00f3 el empresario.<\/p>\n\n\n\n<p>Vinexpo Explorer Mendoza 2025 marca un hito en el comercio exterior de la provincia, consolidando a Mendoza como una plaza estrat\u00e9gica para la exportaci\u00f3n de vinos a escala global.<\/p>\n\n\n\n<div style=\"height:35px\" aria-hidden=\"true\" class=\"wp-block-spacer\"><\/div>\n\n\n\n<figure class=\"wp-block-gallery has-nested-images columns-default is-cropped wp-block-gallery-3 is-layout-flex wp-block-gallery-is-layout-flex\">\n<figure class=\"wp-block-image size-full\"><a href=\"https:\/\/enolife.com.ar\/es\/wp-content\/uploads\/2025\/10\/DSC_3062-1-1080x721-1.jpg\" data-rel=\"penci-gallery-image-content\" ><img loading=\"lazy\" decoding=\"async\" width=\"815\" height=\"500\" data-id=\"166270\" src=\"https:\/\/enolife.com.ar\/es\/wp-content\/uploads\/2025\/10\/DSC_3062-1-1080x721-1.jpg\" alt=\"\" class=\"wp-image-166270\" srcset=\"https:\/\/enolife.com.ar\/es\/wp-content\/uploads\/2025\/10\/DSC_3062-1-1080x721-1.jpg 815w, https:\/\/enolife.com.ar\/es\/wp-content\/uploads\/2025\/10\/DSC_3062-1-1080x721-1-300x184.jpg 300w, https:\/\/enolife.com.ar\/es\/wp-content\/uploads\/2025\/10\/DSC_3062-1-1080x721-1-768x471.jpg 768w, https:\/\/enolife.com.ar\/es\/wp-content\/uploads\/2025\/10\/DSC_3062-1-1080x721-1-585x359.jpg 585w\" sizes=\"auto, (max-width: 815px) 100vw, 815px\" \/><\/a><\/figure>\n\n\n\n<figure class=\"wp-block-image size-full\"><a href=\"https:\/\/enolife.com.ar\/es\/wp-content\/uploads\/2025\/10\/DSC_3036-1080x721-1.jpg\" data-rel=\"penci-gallery-image-content\" ><img loading=\"lazy\" decoding=\"async\" width=\"732\" height=\"465\" data-id=\"166271\" src=\"https:\/\/enolife.com.ar\/es\/wp-content\/uploads\/2025\/10\/DSC_3036-1080x721-1.jpg\" alt=\"\" class=\"wp-image-166271\" srcset=\"https:\/\/enolife.com.ar\/es\/wp-content\/uploads\/2025\/10\/DSC_3036-1080x721-1.jpg 732w, https:\/\/enolife.com.ar\/es\/wp-content\/uploads\/2025\/10\/DSC_3036-1080x721-1-300x191.jpg 300w, https:\/\/enolife.com.ar\/es\/wp-content\/uploads\/2025\/10\/DSC_3036-1080x721-1-585x372.jpg 585w\" sizes=\"auto, (max-width: 732px) 100vw, 732px\" \/><\/a><\/figure>\n<\/figure>\n\n\n\n<div style=\"height:35px\" aria-hidden=\"true\" class=\"wp-block-spacer\"><\/div>\n\n\n\n<p>La <strong>presidenta de la Unidad ProMendoza, Patricia Gim\u00e9nez<\/strong>, destac\u00f3 la participaci\u00f3n de las bodegas y la predisposici\u00f3n para sumarse y ser parte de este encuentro \u00fanico e in\u00e9dito.<\/p>\n\n\n\n<p><em>\u201cLos compradores se llevaron una excelente impresi\u00f3n en las degustaciones. A algunas bodegas ya las conoc\u00edan pero a la gran mayor\u00eda no, y en dos d\u00edas pudieron descubrir mucho m\u00e1s de las infinitas posibilidades que ofrece Mendoza en vinos\u201d<\/em>, concluy\u00f3 Gim\u00e9nez.<\/p>\n\n\n\n<div style=\"height:35px\" aria-hidden=\"true\" class=\"wp-block-spacer\"><\/div>\n\n\n\n<p><\/p>\n","protected":false},"excerpt":{"rendered":"<p>Durante las jornadas del 6, 7 y 8\/10, las 120 bodegas participantes de la edici\u00f3n&hellip;<\/p>\n","protected":false},"author":2,"featured_media":166275,"comment_status":"closed","ping_status":"open","sticky":false,"template":"","format":"standard","meta":{"footnotes":""},"categories":[10],"tags":[],"class_list":["post-166260","post","type-post","status-publish","format-standard","has-post-thumbnail","hentry","category-ferias"],"_links":{"self":[{"href":"https:\/\/enolife.com.ar\/es\/wp-json\/wp\/v2\/posts\/166260","targetHints":{"allow":["GET"]}}],"collection":[{"href":"https:\/\/enolife.com.ar\/es\/wp-json\/wp\/v2\/posts"}],"about":[{"href":"https:\/\/enolife.com.ar\/es\/wp-json\/wp\/v2\/types\/post"}],"author":[{"embeddable":true,"href":"https:\/\/enolife.com.ar\/es\/wp-json\/wp\/v2\/users\/2"}],"replies":[{"embeddable":true,"href":"https:\/\/enolife.com.ar\/es\/wp-json\/wp\/v2\/comments?post=166260"}],"version-history":[{"count":0,"href":"https:\/\/enolife.com.ar\/es\/wp-json\/wp\/v2\/posts\/166260\/revisions"}],"wp:featuredmedia":[{"embeddable":true,"href":"https:\/\/enolife.com.ar\/es\/wp-json\/wp\/v2\/media\/166275"}],"wp:attachment":[{"href":"https:\/\/enolife.com.ar\/es\/wp-json\/wp\/v2\/media?parent=166260"}],"wp:term":[{"taxonomy":"category","embeddable":true,"href":"https:\/\/enolife.com.ar\/es\/wp-json\/wp\/v2\/categories?post=166260"},{"taxonomy":"post_tag","embeddable":true,"href":"https:\/\/enolife.com.ar\/es\/wp-json\/wp\/v2\/tags?post=166260"}],"curies":[{"name":"wp","href":"https:\/\/api.w.org\/{rel}","templated":true}]}}