{"id":166174,"date":"2025-10-08T21:10:04","date_gmt":"2025-10-08T21:10:04","guid":{"rendered":"https:\/\/enolife.com.ar\/es\/?p=166174"},"modified":"2025-10-11T21:19:26","modified_gmt":"2025-10-11T21:19:26","slug":"anuncian-la-construccion-de-una-ciudad-del-vino-en-cavas-de-la-historica-bodega-arizu-de-mendoza","status":"publish","type":"post","link":"https:\/\/enolife.com.ar\/es\/anuncian-la-construccion-de-una-ciudad-del-vino-en-cavas-de-la-historica-bodega-arizu-de-mendoza\/","title":{"rendered":"Anuncian la construcci\u00f3n de una Ciudad del Vino en cavas de la hist\u00f3rica bodega Arizu de Mendoza"},"content":{"rendered":"\n<h4 class=\"wp-block-heading\"><em><strong>En el marco del encuentro de negocios vitivin\u00edcolas Vinexpo Explorer 2025, el intendente del departamento de Godoy Cruz, Diego Costarelli, anunci\u00f3 la creaci\u00f3n de una Ciudad del Vino en el sector de las enormes cavas de la antigua bodega Arizu, Monumento Hist\u00f3rico Nacional ya revitalizado con la recuperaci\u00f3n de la planta superior del edificio, el Espacio Arizu. El plan es montar un museo interactivo con hologramas, proyecciones 3D, pantallas LED, instalaciones art\u00edsticas, l\u00e1ser, sonido especializado e inteligencia artificial.<\/strong><\/em><\/h4>\n\n\n\n<div style=\"height:35px\" aria-hidden=\"true\" class=\"wp-block-spacer\"><\/div>\n\n\n<a href=\"https:\/\/jmzeballos.com\/\" aria-label=\"PUBLICIDAD ENOLIFE 2023_\u00c1NFORAS 1700 x 500\"><img loading=\"lazy\" decoding=\"async\" src=\"https:\/\/enolife.com.ar\/es\/wp-content\/uploads\/2020\/12\/PUBLICIDAD-ENOLIFE-2023_ANFORAS-1700-x-500.jpg\" alt=\"\"  srcset=\"https:\/\/enolife.com.ar\/es\/wp-content\/uploads\/2020\/12\/PUBLICIDAD-ENOLIFE-2023_ANFORAS-1700-x-500.jpg 1700w, https:\/\/enolife.com.ar\/es\/wp-content\/uploads\/2020\/12\/PUBLICIDAD-ENOLIFE-2023_ANFORAS-1700-x-500-300x88.jpg 300w, https:\/\/enolife.com.ar\/es\/wp-content\/uploads\/2020\/12\/PUBLICIDAD-ENOLIFE-2023_ANFORAS-1700-x-500-1024x301.jpg 1024w, https:\/\/enolife.com.ar\/es\/wp-content\/uploads\/2020\/12\/PUBLICIDAD-ENOLIFE-2023_ANFORAS-1700-x-500-768x226.jpg 768w, https:\/\/enolife.com.ar\/es\/wp-content\/uploads\/2020\/12\/PUBLICIDAD-ENOLIFE-2023_ANFORAS-1700-x-500-1536x452.jpg 1536w, https:\/\/enolife.com.ar\/es\/wp-content\/uploads\/2020\/12\/PUBLICIDAD-ENOLIFE-2023_ANFORAS-1700-x-500-1170x344.jpg 1170w, https:\/\/enolife.com.ar\/es\/wp-content\/uploads\/2020\/12\/PUBLICIDAD-ENOLIFE-2023_ANFORAS-1700-x-500-585x172.jpg 585w\" sizes=\"auto, (max-width: 1700px) 100vw, 1700px\" width=\"1700\" height=\"500\"   \/><\/a>\n\n\n<div style=\"height:45px\" aria-hidden=\"true\" class=\"wp-block-spacer\"><\/div>\n\n\n\n<p>La noticia fue anunciada por el intendente de Godoy Cruz en la Vinexpo Explorer 2025, el encuentro de negocios que se celebra en Mendoza hasta el 9\/10. La iniciativa propone una experiencia multisensorial y reflexiva, invitando a los visitantes a un viaje inmersivo en la cultura y la historia del vino a trav\u00e9s de diferentes \u00e9pocas.<\/p>\n\n\n\n<p>Esta semana, el ya remodelado Espacio Arizu se transform\u00f3 en el punto de encuentro de los principales actores del mundo vitivin\u00edcola. Aqu\u00ed se desarrolla el evento que coloca al departamento mendocino de Godoy Cruz como vidriera global de la producci\u00f3n vitivin\u00edcola provincial. Durante la Vinexpo 2025,\u00a0el intendente Diego Costarelli anunci\u00f3 la creaci\u00f3n de una Ciudad del Vino en el sector de las cavas de Arizu.<\/p>\n\n\n\n<div style=\"height:35px\" aria-hidden=\"true\" class=\"wp-block-spacer\"><\/div>\n\n\n<div class=\"wp-block-image\">\n<figure class=\"aligncenter size-full is-resized\"><a href=\"https:\/\/enolife.com.ar\/es\/wp-content\/uploads\/2025\/10\/image.jpeg\" data-rel=\"penci-gallery-image-content\" ><img loading=\"lazy\" decoding=\"async\" width=\"783\" height=\"500\" src=\"https:\/\/enolife.com.ar\/es\/wp-content\/uploads\/2025\/10\/image.jpeg\" alt=\"\" class=\"wp-image-166178\" style=\"width:629px;height:auto\" srcset=\"https:\/\/enolife.com.ar\/es\/wp-content\/uploads\/2025\/10\/image.jpeg 783w, https:\/\/enolife.com.ar\/es\/wp-content\/uploads\/2025\/10\/image-300x192.jpeg 300w, https:\/\/enolife.com.ar\/es\/wp-content\/uploads\/2025\/10\/image-768x490.jpeg 768w, https:\/\/enolife.com.ar\/es\/wp-content\/uploads\/2025\/10\/image-585x374.jpeg 585w\" sizes=\"auto, (max-width: 783px) 100vw, 783px\" \/><\/a><figcaption class=\"wp-element-caption\"><strong><em>Diego Costarelli anunci\u00f3 la creaci\u00f3n de una Ciudad del Vino en el sector de las cavas de Arizu.<\/em><\/strong><\/figcaption><\/figure><\/div>\n\n\n<div style=\"height:35px\" aria-hidden=\"true\" class=\"wp-block-spacer\"><\/div>\n\n\n\n<p>Costarelli explic\u00f3 que se trata de una iniciativa estrat\u00e9gica para los pr\u00f3ximos a\u00f1os, un proyecto integral que busca impulsar el enoturismo y la cultura del vino mediante espacios inmersivos, tecnolog\u00eda y experiencias interactivas.<\/p>\n\n\n\n<div style=\"height:35px\" aria-hidden=\"true\" class=\"wp-block-spacer\"><\/div>\n\n\n\n<p class=\"has-medium-font-size\"><strong>\u00bfQu\u00e9 tendr\u00e1 esta Ciudad del Vino?<\/strong><\/p>\n\n\n\n<p>Este proyectado Museo del Vino de Mendoza buscar\u00e1 convertirse en una fusi\u00f3n entre el legado vitivin\u00edcola argentino y las tecnolog\u00edas m\u00e1s avanzadas. As\u00ed, el recorrido interactivo e inmersivo permitir\u00e1 a los visitantes sumergirse en el fascinante mundo del vino argentino. Lo har\u00e1 mediante\u00a0hologramas, proyecciones 3D, pantallas LED, instalaciones art\u00edsticas, l\u00e1ser, sonido especializado e inteligencia artificial.\u00a0Cada espacio se convertir\u00e1, de este modo, en una experiencia sensorial y educativa.<\/p>\n\n\n\n<p>La exhibici\u00f3n permitir\u00e1 pasear por un detallado itinerario a trav\u00e9s de las diversas regiones vitivin\u00edcolas del pa\u00eds. Entre ellas, se destaca particularmente Mendoza, reconocida mundialmente por la calidad de sus vi\u00f1edos. Adem\u00e1s, celebrar\u00e1 a la hist\u00f3rica Bodega Arizu, s\u00edmbolo de tradici\u00f3n y excelencia. Los visitantes tendr\u00e1n la oportunidad de explorar los matices \u00fanicos de cada varietal y la influencia decisiva de cada terroir argentino en los vinos que genera.<\/p>\n\n\n\n<p>Es importante destacar que, al integrar arte y tecnolog\u00eda, la muestra no s\u00f3lo informar\u00e1 y educar\u00e1. Tambi\u00e9n, aseguran, cautivar\u00e1 al p\u00fablico, proporcionando una comprensi\u00f3n m\u00e1s profunda y amplia de la historia y el futuro del vino argentino. Esta experiencia promete ser un ep\u00edtome de innovaci\u00f3n y cultura, elevando la narrativa del vino a nuevas alturas. Como as\u00ed tambi\u00e9n ofrecer una perspectiva fresca y cautivadora de un s\u00edmbolo nacional tan querido.<\/p>\n\n\n\n<div style=\"height:35px\" aria-hidden=\"true\" class=\"wp-block-spacer\"><\/div>\n\n\n<div class=\"wp-block-image\">\n<figure class=\"aligncenter size-full is-resized\"><a href=\"https:\/\/enolife.com.ar\/es\/wp-content\/uploads\/2025\/10\/Imagen1-6.jpg\" data-rel=\"penci-gallery-image-content\" ><img loading=\"lazy\" decoding=\"async\" width=\"914\" height=\"500\" src=\"https:\/\/enolife.com.ar\/es\/wp-content\/uploads\/2025\/10\/Imagen1-6.jpg\" alt=\"\" class=\"wp-image-166179\" style=\"width:662px;height:auto\" srcset=\"https:\/\/enolife.com.ar\/es\/wp-content\/uploads\/2025\/10\/Imagen1-6.jpg 914w, https:\/\/enolife.com.ar\/es\/wp-content\/uploads\/2025\/10\/Imagen1-6-300x164.jpg 300w, https:\/\/enolife.com.ar\/es\/wp-content\/uploads\/2025\/10\/Imagen1-6-768x420.jpg 768w, https:\/\/enolife.com.ar\/es\/wp-content\/uploads\/2025\/10\/Imagen1-6-585x320.jpg 585w\" sizes=\"auto, (max-width: 914px) 100vw, 914px\" \/><\/a><\/figure><\/div>\n\n\n<div style=\"height:35px\" aria-hidden=\"true\" class=\"wp-block-spacer\"><\/div>\n\n\n\n<div style=\"height:35px\" aria-hidden=\"true\" class=\"wp-block-spacer\"><\/div>\n\n\n\n<p class=\"has-medium-font-size\"><strong>El rol del municipio<\/strong><\/p>\n\n\n\n<p>Cabe destacar que, el municipio de Godoy Cruz jugar\u00e1 un papel destacado debido al enclave estrat\u00e9gico de la bodega Arizu. Por lo tanto, en cuanto al orden del recorrido de esta iniciativa, comenzar\u00e1 por la entrada por pileta, y despu\u00e9s se podr\u00e1 visitar el museo espacio (doble altura). Tambi\u00e9n, los visitantes podr\u00e1n disfrutar de shows y exposiciones temporales en cavas.<\/p>\n\n\n\n<p>En cuanto a la entrada a la exhibici\u00f3n, el recorrido de la exposici\u00f3n comenzar\u00e1 a descender por las escaleras hacia el coraz\u00f3n de la legendaria Bodega Arizu. All\u00ed se iniciar\u00e1 la narrativa, enfoc\u00e1ndose en esta emblem\u00e1tica bodega, pra que los visitantes puedan comprender mejor su importancia como punto de partida en nuestra historia.<\/p>\n\n\n\n<p>Finalmente, los visitantes recorrer\u00e1n las diversas piletas, explorando a trav\u00e9s de sus aperturas. All\u00ed podr\u00e1n descubrir la historia mediante proyecciones hologr\u00e1ficas, textos, juegos de luces y audio envolvente. As\u00ed, cada pileta narrar\u00e1 una parte de la historia, revelando sus secretos de manera cautivadora.<\/p>\n\n\n\n<div style=\"height:35px\" aria-hidden=\"true\" class=\"wp-block-spacer\"><\/div>\n\n\n\n<p class=\"has-medium-font-size\"><strong>Audio gu\u00eda y QR<\/strong><\/p>\n\n\n\n<p>Se desarrollar\u00e1 una\u00a0app del museo descargable a trav\u00e9s de un QR.\u00a0Los visitantes podr\u00e1n utilizar sus propios dispositivos como audiogu\u00edas.\u00a0Adem\u00e1s,\u00a0contendr\u00e1 informaci\u00f3n ampliada de la muestra, la cual estar\u00e1 disponible en tres\u00a0diferentes idiomas: <strong>portugu\u00e9s, ingl\u00e9s y espa\u00f1ol.<\/strong> Igualmente, podr\u00e1 ser ampliada a <strong>franc\u00e9s, alem\u00e1n<\/strong> u otros idiomas seg\u00fan la demanda.<\/p>\n\n\n\n<p>Asimismo,&nbsp;para la descarga los visitantes tendr\u00e1n que facilitar un correo o n\u00famero de tel\u00e9fono, lo cual permitir\u00e1 generar una base de datos actualizada. A trav\u00e9s de esta base datos se podr\u00e1 enviar un agradecimiento por su visita y una encuesta de satisfacci\u00f3n. Adem\u00e1s, se podr\u00e1n recibir novedades, \u00faltimas noticias, entre otras cosas.<\/p>\n\n\n\n<div style=\"height:35px\" aria-hidden=\"true\" class=\"wp-block-spacer\"><\/div>\n","protected":false},"excerpt":{"rendered":"<p>En el marco del encuentro de negocios vitivin\u00edcolas Vinexpo Explorer 2025, el intendente del departamento&hellip;<\/p>\n","protected":false},"author":2,"featured_media":166181,"comment_status":"closed","ping_status":"open","sticky":false,"template":"","format":"standard","meta":{"footnotes":""},"categories":[11],"tags":[],"class_list":["post-166174","post","type-post","status-publish","format-standard","has-post-thumbnail","hentry","category-enoturismo"],"_links":{"self":[{"href":"https:\/\/enolife.com.ar\/es\/wp-json\/wp\/v2\/posts\/166174","targetHints":{"allow":["GET"]}}],"collection":[{"href":"https:\/\/enolife.com.ar\/es\/wp-json\/wp\/v2\/posts"}],"about":[{"href":"https:\/\/enolife.com.ar\/es\/wp-json\/wp\/v2\/types\/post"}],"author":[{"embeddable":true,"href":"https:\/\/enolife.com.ar\/es\/wp-json\/wp\/v2\/users\/2"}],"replies":[{"embeddable":true,"href":"https:\/\/enolife.com.ar\/es\/wp-json\/wp\/v2\/comments?post=166174"}],"version-history":[{"count":0,"href":"https:\/\/enolife.com.ar\/es\/wp-json\/wp\/v2\/posts\/166174\/revisions"}],"wp:featuredmedia":[{"embeddable":true,"href":"https:\/\/enolife.com.ar\/es\/wp-json\/wp\/v2\/media\/166181"}],"wp:attachment":[{"href":"https:\/\/enolife.com.ar\/es\/wp-json\/wp\/v2\/media?parent=166174"}],"wp:term":[{"taxonomy":"category","embeddable":true,"href":"https:\/\/enolife.com.ar\/es\/wp-json\/wp\/v2\/categories?post=166174"},{"taxonomy":"post_tag","embeddable":true,"href":"https:\/\/enolife.com.ar\/es\/wp-json\/wp\/v2\/tags?post=166174"}],"curies":[{"name":"wp","href":"https:\/\/api.w.org\/{rel}","templated":true}]}}