{"id":166037,"date":"2025-10-07T00:59:29","date_gmt":"2025-10-07T00:59:29","guid":{"rendered":"https:\/\/enolife.com.ar\/es\/?p=166037"},"modified":"2025-10-08T15:44:19","modified_gmt":"2025-10-08T15:44:19","slug":"arranco-en-mendoza-por-1era-vez-en-sudamerica-el-encuentro-de-vinos-y-negocios-vinexpo-explorer","status":"publish","type":"post","link":"https:\/\/enolife.com.ar\/es\/arranco-en-mendoza-por-1era-vez-en-sudamerica-el-encuentro-de-vinos-y-negocios-vinexpo-explorer\/","title":{"rendered":"Arranc\u00f3 en Mendoza por 1\u00b0 vez en Sudam\u00e9rica el encuentro de vinos y negocios Vinexpo Explorer"},"content":{"rendered":"\n<h4 class=\"wp-block-heading\"><em><strong>Con 150 bodegas de la regi\u00f3n, compradores de 20 pa\u00edses y personalidades de la vitivinicultura global, la apertura se realiz\u00f3 en el Espacio Arizu de Godoy Cruz. Durante 4 d\u00edas, hasta el 9\/10, bodegueros locales e importadores mantendr\u00e1n reuniones en los distinto terru\u00f1os de la provincia. Una cita que, si da los resultados esperados, marcar\u00e1 un antes y un despu\u00e9s en el sector local.<\/strong><\/em><\/h4>\n\n\n\n<div style=\"height:35px\" aria-hidden=\"true\" class=\"wp-block-spacer\"><\/div>\n\n\n<a href=\"https:\/\/altieri.com.ar\/\" aria-label=\"ALTIERI-1700X500\"><img loading=\"lazy\" decoding=\"async\" src=\"https:\/\/enolife.com.ar\/es\/wp-content\/uploads\/2025\/02\/ALTIERI-1700X500.jpg\" alt=\"\"  srcset=\"https:\/\/enolife.com.ar\/es\/wp-content\/uploads\/2025\/02\/ALTIERI-1700X500.jpg 1700w, https:\/\/enolife.com.ar\/es\/wp-content\/uploads\/2025\/02\/ALTIERI-1700X500-300x88.jpg 300w, https:\/\/enolife.com.ar\/es\/wp-content\/uploads\/2025\/02\/ALTIERI-1700X500-1024x301.jpg 1024w, https:\/\/enolife.com.ar\/es\/wp-content\/uploads\/2025\/02\/ALTIERI-1700X500-768x226.jpg 768w, https:\/\/enolife.com.ar\/es\/wp-content\/uploads\/2025\/02\/ALTIERI-1700X500-1536x452.jpg 1536w, https:\/\/enolife.com.ar\/es\/wp-content\/uploads\/2025\/02\/ALTIERI-1700X500-1170x344.jpg 1170w, https:\/\/enolife.com.ar\/es\/wp-content\/uploads\/2025\/02\/ALTIERI-1700X500-585x172.jpg 585w\" sizes=\"auto, (max-width: 1700px) 100vw, 1700px\" width=\"1700\" height=\"500\"   \/><\/a>\n\n\n<div style=\"height:45px\" aria-hidden=\"true\" class=\"wp-block-spacer\"><\/div>\n\n\n\n<p>Con una convocatoria r\u00e9cord de compradores internacionales y productores locales, el encuentro busca posicionar a Mendoza como un destino comercial de rango mundial, abriendo nuevas puertas a la exportaci\u00f3n y al reconocimiento global del vino del hemisferio Sur.<\/p>\n\n\n\n<p>La edici\u00f3n mendocina promete superar las anteriores realizadas en regiones vitivin\u00edcolas de renombre como Viena (Austria), Beaujolais (Francia), Quebec (Canad\u00e1) y Virginia y Sonoma County (Estados Unidos).<\/p>\n\n\n\n<p>Por primera vez, Mendoza recibe simult\u00e1neamente a 80 compradores internacionales interesados en adquirir etiquetas de todas las gamas, rangos de precios, varietales y or\u00edgenes para los principales mercados globales. <\/p>\n\n\n\n<div style=\"height:28px\" aria-hidden=\"true\" class=\"wp-block-spacer\"><\/div>\n\n\n\n<h3 class=\"wp-block-heading has-vivid-red-color has-text-color has-link-color wp-elements-38a8834a0cd2935c01fab52acd7ab72d\">Visitan Mendoza y participan del encuentro importadores en busca de vinos locales de Alemania, Austria, Canad\u00e1, Dinamarca, Finlandia, Hungr\u00eda, India, Jap\u00f3n, Malasia, Noruega, Pa\u00edses Bajos, Polonia, Singapur, Corea del Sur, Espa\u00f1a, Suecia, Taiw\u00e1n, Emiratos \u00c1rabes Unidos, Vietnam, Estados Unidos, Reino Unido y Tailandia.<\/h3>\n\n\n\n<div style=\"height:23px\" aria-hidden=\"true\" class=\"wp-block-spacer\"><\/div>\n\n\n\n<p>El gobernador <strong>Alfredo Cornejo<\/strong> encabez\u00f3 la apertura oficial en el Espacio Arizu, acompa\u00f1ado por <strong>Patricia Gimenez<\/strong>, titular de ProMendoza; <strong>Rodolphe Lameyse<\/strong> de Vinexposium y <strong>Diego Costarelli<\/strong>, intendente de Godoy Cruz. Con compradores de unos 20 pa\u00edses, el encuentro internacional posiciona a la provincia como epicentro del vino del hemisferio Sur. Mendoza se convierte as\u00ed en la primera regi\u00f3n de Sudam\u00e9rica en ser sede de este prestigioso evento, un reconocimiento que fortalece su liderazgo en la industria vitivin\u00edcola y proyecta al pa\u00eds en el escenario global.<\/p>\n\n\n\n<div style=\"height:35px\" aria-hidden=\"true\" class=\"wp-block-spacer\"><\/div>\n\n\n<div class=\"wp-block-image\">\n<figure class=\"aligncenter size-full is-resized\"><a href=\"https:\/\/enolife.com.ar\/es\/wp-content\/uploads\/2025\/10\/DSC00100-1080x720-1.jpg\" data-rel=\"penci-gallery-image-content\" ><img loading=\"lazy\" decoding=\"async\" width=\"780\" height=\"500\" src=\"https:\/\/enolife.com.ar\/es\/wp-content\/uploads\/2025\/10\/DSC00100-1080x720-1.jpg\" alt=\"\" class=\"wp-image-166042\" style=\"width:586px;height:auto\" srcset=\"https:\/\/enolife.com.ar\/es\/wp-content\/uploads\/2025\/10\/DSC00100-1080x720-1.jpg 780w, https:\/\/enolife.com.ar\/es\/wp-content\/uploads\/2025\/10\/DSC00100-1080x720-1-300x192.jpg 300w, https:\/\/enolife.com.ar\/es\/wp-content\/uploads\/2025\/10\/DSC00100-1080x720-1-768x492.jpg 768w, https:\/\/enolife.com.ar\/es\/wp-content\/uploads\/2025\/10\/DSC00100-1080x720-1-585x375.jpg 585w\" sizes=\"auto, (max-width: 780px) 100vw, 780px\" \/><\/a><\/figure><\/div>\n\n\n<div style=\"height:35px\" aria-hidden=\"true\" class=\"wp-block-spacer\"><\/div>\n\n\n\n<p>Tambi\u00e9n estuvieron presentes la vicegobernadora <strong>Hebe Casad<\/strong>o; el ministro de Producci\u00f3n, <strong>Rodolfo Vargas Arizu<\/strong>; y la presidenta del Emetur, <strong>Gabriela Testa<\/strong>.<\/p>\n\n\n\n<div style=\"height:35px\" aria-hidden=\"true\" class=\"wp-block-spacer\"><\/div>\n\n\n\n<figure class=\"wp-block-gallery aligncenter has-nested-images columns-default is-cropped wp-block-gallery-1 is-layout-flex wp-block-gallery-is-layout-flex\">\n<figure class=\"wp-block-image size-full\"><a href=\"https:\/\/enolife.com.ar\/es\/wp-content\/uploads\/2025\/10\/DSC00156-1080x720-1.jpg\" data-rel=\"penci-gallery-image-content\" ><img loading=\"lazy\" decoding=\"async\" width=\"798\" height=\"500\" data-id=\"166041\" src=\"https:\/\/enolife.com.ar\/es\/wp-content\/uploads\/2025\/10\/DSC00156-1080x720-1.jpg\" alt=\"\" class=\"wp-image-166041\" srcset=\"https:\/\/enolife.com.ar\/es\/wp-content\/uploads\/2025\/10\/DSC00156-1080x720-1.jpg 798w, https:\/\/enolife.com.ar\/es\/wp-content\/uploads\/2025\/10\/DSC00156-1080x720-1-300x188.jpg 300w, https:\/\/enolife.com.ar\/es\/wp-content\/uploads\/2025\/10\/DSC00156-1080x720-1-768x481.jpg 768w, https:\/\/enolife.com.ar\/es\/wp-content\/uploads\/2025\/10\/DSC00156-1080x720-1-585x367.jpg 585w\" sizes=\"auto, (max-width: 798px) 100vw, 798px\" \/><\/a><\/figure>\n\n\n\n<figure class=\"wp-block-image size-full\"><a href=\"https:\/\/enolife.com.ar\/es\/wp-content\/uploads\/2025\/10\/DSC00046-1080x720-1.jpg\" data-rel=\"penci-gallery-image-content\" ><img loading=\"lazy\" decoding=\"async\" width=\"834\" height=\"500\" data-id=\"166044\" src=\"https:\/\/enolife.com.ar\/es\/wp-content\/uploads\/2025\/10\/DSC00046-1080x720-1.jpg\" alt=\"\" class=\"wp-image-166044\" srcset=\"https:\/\/enolife.com.ar\/es\/wp-content\/uploads\/2025\/10\/DSC00046-1080x720-1.jpg 834w, https:\/\/enolife.com.ar\/es\/wp-content\/uploads\/2025\/10\/DSC00046-1080x720-1-300x180.jpg 300w, https:\/\/enolife.com.ar\/es\/wp-content\/uploads\/2025\/10\/DSC00046-1080x720-1-768x460.jpg 768w, https:\/\/enolife.com.ar\/es\/wp-content\/uploads\/2025\/10\/DSC00046-1080x720-1-585x351.jpg 585w\" sizes=\"auto, (max-width: 834px) 100vw, 834px\" \/><\/a><\/figure>\n<\/figure>\n\n\n\n<div style=\"height:35px\" aria-hidden=\"true\" class=\"wp-block-spacer\"><\/div>\n\n\n\n<p>Durante la apertura, el gobernador destac\u00f3 el honor que representa para Mendoza recibir a referentes del mundo del vino y remarc\u00f3 que la designaci\u00f3n de la provincia como anfitriona <em>\u201cno s\u00f3lo es un hito para nuestra vitivinicultura, sino tambi\u00e9n para toda la Argentina\u201d.<\/em><\/p>\n\n\n\n<p>Cornejo se\u00f1al\u00f3 que los mendocinos son apasionados, comprometidos con sus proyectos y orgullosos de sus tradiciones, atributos que, junto a las condiciones \u00fanicas del\u00a0<em>terroir\u00a0<\/em>y el clima, dan origen a vinos reconocidos por su calidad y autenticidad. Agradeci\u00f3 especialmente a Vinexposium por elegir a Mendoza y al presidente del grupo, Rodolphe Lameyse, por su presencia, al considerar que su participaci\u00f3n<em> \u201creafirma la relevancia global de nuestra regi\u00f3n y abre nuevas puertas para la colaboraci\u00f3n y el crecimiento\u201d.<\/em><\/p>\n\n\n\n<p>Finalmente, invit\u00f3 a los visitantes a recorrer los vi\u00f1edos, disfrutar de los paisajes y degustar los vinos mendocinos, con el deseo de que esta semana est\u00e9<em> \u201cllena de conexiones valiosas y experiencias inolvidables que sigan llevando los vinos de Mendoza al mundo\u201d<\/em>.<\/p>\n\n\n\n<div style=\"height:35px\" aria-hidden=\"true\" class=\"wp-block-spacer\"><\/div>\n\n\n\n<p class=\"has-medium-font-size\"><strong>Mendoza se posiciona a nivel mundial<\/strong><\/p>\n\n\n\n<p>El director general de Vinexposium sostuvo: <em>\u201cDebo decirles que estar aqu\u00ed, como parte de Vinexpo Explorer, es un verdadero placer para m\u00ed. Es emocionante ver a tantas personas de distintas partes del mundo que nos acompa\u00f1an en cada edici\u00f3n. Verlos hoy aqu\u00ed, en Mendoza, me llena de orgullo\u201d.<\/em><\/p>\n\n\n\n<div style=\"height:35px\" aria-hidden=\"true\" class=\"wp-block-spacer\"><\/div>\n\n\n<div class=\"wp-block-image\">\n<figure class=\"aligncenter size-full is-resized\"><a href=\"https:\/\/enolife.com.ar\/es\/wp-content\/uploads\/2025\/10\/DSC00065-1080x720-1.jpg\" data-rel=\"penci-gallery-image-content\" ><img loading=\"lazy\" decoding=\"async\" width=\"754\" height=\"500\" src=\"https:\/\/enolife.com.ar\/es\/wp-content\/uploads\/2025\/10\/DSC00065-1080x720-1.jpg\" alt=\"\" class=\"wp-image-166047\" style=\"width:576px;height:auto\" srcset=\"https:\/\/enolife.com.ar\/es\/wp-content\/uploads\/2025\/10\/DSC00065-1080x720-1.jpg 754w, https:\/\/enolife.com.ar\/es\/wp-content\/uploads\/2025\/10\/DSC00065-1080x720-1-300x199.jpg 300w, https:\/\/enolife.com.ar\/es\/wp-content\/uploads\/2025\/10\/DSC00065-1080x720-1-585x388.jpg 585w\" sizes=\"auto, (max-width: 754px) 100vw, 754px\" \/><\/a><\/figure><\/div>\n\n\n<div style=\"height:35px\" aria-hidden=\"true\" class=\"wp-block-spacer\"><\/div>\n\n\n\n<p>Lameyse adem\u00e1s agradeci\u00f3 a todos los referentes que siguen este evento desde tantos rincones del planeta. <em>\u201cGracias por su lealtad, por su apoyo constante y por su compromiso con esta industria. Ustedes son parte fundamental de lo que estamos construyendo: el futuro del vino\u00bb<\/em>, afirm\u00f3.<\/p>\n\n\n\n<p>Y concluy\u00f3: <em>\u201cLes deseo un evento fruct\u00edfero en estos cuatro d\u00edas intensos que tenemos por delante. \u00a1Vivan Mendoza! Vivan con el esp\u00edritu argentino, con el coraz\u00f3n mendocino\u2026 y, por supuesto, \u00a1con muchas compras al final!<\/em>\u00ab<\/p>\n\n\n\n<p>Por su parte, la titular de ProMendoza, Patricia Gim\u00e9nez, destac\u00f3 que este encuentro es un hito para la historia de la provincia y que hace casi un a\u00f1o se viene trabajando para esto. <em>\u201cEs muy importante porque marca un antes y un despu\u00e9s para la provincia. Hay 80 compradores de primer nivel y sabemos que las bodegas est\u00e1n haciendo su esfuerzo\u201d<\/em>, dijo. <\/p>\n\n\n\n<p>El intendente de Godoy Cruz celebr\u00f3 que la apertura de un evento de esta magnitud sea en ese departamento: <em>\u201cEs un orgullo presentar en Godoy Cruz un encuentro que est\u00e1 entre los m\u00e1s prestigiosos del mundo del vino, reconocido por su impacto a nivel global\u201d.<\/em><\/p>\n\n\n\n<div style=\"height:35px\" aria-hidden=\"true\" class=\"wp-block-spacer\"><\/div>\n\n\n<div class=\"wp-block-image\">\n<figure class=\"aligncenter size-full is-resized\"><a href=\"https:\/\/enolife.com.ar\/es\/wp-content\/uploads\/2025\/10\/DSC00042-1080x720-1.jpg\" data-rel=\"penci-gallery-image-content\" ><img loading=\"lazy\" decoding=\"async\" width=\"907\" height=\"500\" src=\"https:\/\/enolife.com.ar\/es\/wp-content\/uploads\/2025\/10\/DSC00042-1080x720-1.jpg\" alt=\"\" class=\"wp-image-166050\" style=\"width:608px;height:auto\" srcset=\"https:\/\/enolife.com.ar\/es\/wp-content\/uploads\/2025\/10\/DSC00042-1080x720-1.jpg 907w, https:\/\/enolife.com.ar\/es\/wp-content\/uploads\/2025\/10\/DSC00042-1080x720-1-300x165.jpg 300w, https:\/\/enolife.com.ar\/es\/wp-content\/uploads\/2025\/10\/DSC00042-1080x720-1-768x423.jpg 768w, https:\/\/enolife.com.ar\/es\/wp-content\/uploads\/2025\/10\/DSC00042-1080x720-1-585x322.jpg 585w\" sizes=\"auto, (max-width: 907px) 100vw, 907px\" \/><\/a><\/figure><\/div>\n\n\n<div style=\"height:35px\" aria-hidden=\"true\" class=\"wp-block-spacer\"><\/div>\n\n\n\n<p>Costarelli tambi\u00e9n puso en valor la recuperaci\u00f3n y revalorizaci\u00f3n del Espacio Arizu, que hoy funciona como un lugar de encuentro cultural y empresarial. En este sentido, afirm\u00f3 que la decisi\u00f3n de realizar la apertura en ese sitio hist\u00f3rico refuerza la visi\u00f3n de Godoy Cruz como <em>\u201ctierra de oportunidades\u201d<\/em>, capaz de generar mejores condiciones para los negocios y, al mismo tiempo, impulsar transformaciones que potencien la econom\u00eda local en el mediano y largo plazo.<\/p>\n\n\n\n<div style=\"height:36px\" aria-hidden=\"true\" class=\"wp-block-spacer\"><\/div>\n\n\n\n<div style=\"height:35px\" aria-hidden=\"true\" class=\"wp-block-spacer\"><\/div>\n","protected":false},"excerpt":{"rendered":"<p>Con 150 bodegas de la regi\u00f3n, compradores de 20 pa\u00edses y personalidades de la vitivinicultura&hellip;<\/p>\n","protected":false},"author":2,"featured_media":166040,"comment_status":"closed","ping_status":"open","sticky":false,"template":"","format":"standard","meta":{"footnotes":""},"categories":[10],"tags":[],"class_list":["post-166037","post","type-post","status-publish","format-standard","has-post-thumbnail","hentry","category-ferias"],"_links":{"self":[{"href":"https:\/\/enolife.com.ar\/es\/wp-json\/wp\/v2\/posts\/166037","targetHints":{"allow":["GET"]}}],"collection":[{"href":"https:\/\/enolife.com.ar\/es\/wp-json\/wp\/v2\/posts"}],"about":[{"href":"https:\/\/enolife.com.ar\/es\/wp-json\/wp\/v2\/types\/post"}],"author":[{"embeddable":true,"href":"https:\/\/enolife.com.ar\/es\/wp-json\/wp\/v2\/users\/2"}],"replies":[{"embeddable":true,"href":"https:\/\/enolife.com.ar\/es\/wp-json\/wp\/v2\/comments?post=166037"}],"version-history":[{"count":0,"href":"https:\/\/enolife.com.ar\/es\/wp-json\/wp\/v2\/posts\/166037\/revisions"}],"wp:featuredmedia":[{"embeddable":true,"href":"https:\/\/enolife.com.ar\/es\/wp-json\/wp\/v2\/media\/166040"}],"wp:attachment":[{"href":"https:\/\/enolife.com.ar\/es\/wp-json\/wp\/v2\/media?parent=166037"}],"wp:term":[{"taxonomy":"category","embeddable":true,"href":"https:\/\/enolife.com.ar\/es\/wp-json\/wp\/v2\/categories?post=166037"},{"taxonomy":"post_tag","embeddable":true,"href":"https:\/\/enolife.com.ar\/es\/wp-json\/wp\/v2\/tags?post=166037"}],"curies":[{"name":"wp","href":"https:\/\/api.w.org\/{rel}","templated":true}]}}