{"id":165910,"date":"2025-10-05T13:59:20","date_gmt":"2025-10-05T13:59:20","guid":{"rendered":"https:\/\/enolife.com.ar\/es\/?p=165910"},"modified":"2025-10-07T13:39:48","modified_gmt":"2025-10-07T13:39:48","slug":"acovi-presento-propuestas-del-sector-cooperativo-vitivinicola-a-los-candidatos-emir-felix-y-luis-petri","status":"publish","type":"post","link":"https:\/\/enolife.com.ar\/es\/acovi-presento-propuestas-del-sector-cooperativo-vitivinicola-a-los-candidatos-emir-felix-y-luis-petri\/","title":{"rendered":"Acovi present\u00f3 propuestas del sector cooperativo vitivin\u00edcola a los candidatos Emir F\u00e9lix y Luis Petri"},"content":{"rendered":"\n<h4 class=\"wp-block-heading\"><strong><em>En el marco de las visitas de candidatos a legisladores nacionales por Mendoza, la Asociaci\u00f3n de Cooperativas Vitivin\u00edcolas (Acovi) recibi\u00f3 a Emir F\u00e9lix del Partido Justicialista y a Luis Petri por La Libertad Avanza + Cambia Mendoza. Durante ambos encuentros, se entreg\u00f3 un documento con los ejes estrat\u00e9gicos del cooperativismo vitivin\u00edcola y las principales propuestas para el desarrollo productivo de la provincia.<\/em><\/strong><\/h4>\n\n\n\n<div style=\"height:35px\" aria-hidden=\"true\" class=\"wp-block-spacer\"><\/div>\n\n\n\n\n\n<div style=\"height:45px\" aria-hidden=\"true\" class=\"wp-block-spacer\"><\/div>\n\n\n\n<p>Acovi dio inicio a su agenda de di\u00e1logo institucional con los candidatos a Diputados Nacionales por Mendoza, con el objetivo de compartir la visi\u00f3n y las propuestas del sector cooperativo vitivin\u00edcola. En reuniones realizadas con <strong>Emir F\u00e9lix <\/strong>y <strong>Luis Petri<\/strong>, los referentes de la entidad expusieron los principales desaf\u00edos de la actividad productiva y remarcaron la necesidad de avanzar en pol\u00edticas p\u00fablicas que fortalezcan la sostenibilidad, competitividad y desarrollo del sector. Y entregaron un documento con los ejes estrat\u00e9gicos del cooperativismo vitivin\u00edcola y las principales propuestas para el desarrollo productivo de la provincia.<\/p>\n\n\n\n<div style=\"height:35px\" aria-hidden=\"true\" class=\"wp-block-spacer\"><\/div>\n\n\n<div class=\"wp-block-image\">\n<figure class=\"aligncenter size-full is-resized\"><a href=\"https:\/\/enolife.com.ar\/es\/wp-content\/uploads\/2025\/10\/WhatsApp-Image-2025-10-04-at-15.07.20-1.jpeg\" data-rel=\"penci-gallery-image-content\" ><img loading=\"lazy\" decoding=\"async\" width=\"807\" height=\"500\" src=\"https:\/\/enolife.com.ar\/es\/wp-content\/uploads\/2025\/10\/WhatsApp-Image-2025-10-04-at-15.07.20-1.jpeg\" alt=\"\" class=\"wp-image-165927\" style=\"width:683px;height:auto\" srcset=\"https:\/\/enolife.com.ar\/es\/wp-content\/uploads\/2025\/10\/WhatsApp-Image-2025-10-04-at-15.07.20-1.jpeg 807w, https:\/\/enolife.com.ar\/es\/wp-content\/uploads\/2025\/10\/WhatsApp-Image-2025-10-04-at-15.07.20-1-300x186.jpeg 300w, https:\/\/enolife.com.ar\/es\/wp-content\/uploads\/2025\/10\/WhatsApp-Image-2025-10-04-at-15.07.20-1-768x476.jpeg 768w, https:\/\/enolife.com.ar\/es\/wp-content\/uploads\/2025\/10\/WhatsApp-Image-2025-10-04-at-15.07.20-1-585x362.jpeg 585w\" sizes=\"auto, (max-width: 807px) 100vw, 807px\" \/><\/a><figcaption class=\"wp-element-caption\"><strong><em>Reuni\u00f3n de directivos de Acovi con el candidato Luis Petri<\/em><\/strong>.<\/figcaption><\/figure><\/div>\n\n\n<div style=\"height:35px\" aria-hidden=\"true\" class=\"wp-block-spacer\"><\/div>\n\n\n\n<p>Las propuestas fueron presentadas por el presidente de la entidad, Fabi\u00e1n Ruggeri; su vicepresidente, Jorge Barbero; Walter Guariso, miembro de la Comisi\u00f3n revisora de Cuentas; y  Nicol\u00e1s Vicchi, gerente de la entidad.<\/p>\n\n\n\n<p>Entre los ejes que Acovi present\u00f3 en el documento entregado a los candidatos se destacan la <strong>Ley de uso de jugos naturales<\/strong>, el <strong>Convenio de corresponsabilidad gremial<\/strong>, el <strong>financiamiento productivo <\/strong>para sostener el capital de trabajo de los peque\u00f1os y medianos productores; la necesidad de generar herramientas para una mayor <strong>competitividad en el mercado internacional<\/strong>, frente a la ca\u00edda del mercado interno, la p\u00e9rdida de rentabilidad y las dificultades para exportar.<\/p>\n\n\n\n<div style=\"height:35px\" aria-hidden=\"true\" class=\"wp-block-spacer\"><\/div>\n\n\n<div class=\"wp-block-image\">\n<figure class=\"aligncenter size-full is-resized\"><a href=\"https:\/\/enolife.com.ar\/es\/wp-content\/uploads\/2025\/10\/WhatsApp-Image-2025-10-04-at-15.07.20.jpeg\" data-rel=\"penci-gallery-image-content\" ><img loading=\"lazy\" decoding=\"async\" width=\"784\" height=\"500\" src=\"https:\/\/enolife.com.ar\/es\/wp-content\/uploads\/2025\/10\/WhatsApp-Image-2025-10-04-at-15.07.20.jpeg\" alt=\"\" class=\"wp-image-165929\" style=\"width:608px;height:auto\" srcset=\"https:\/\/enolife.com.ar\/es\/wp-content\/uploads\/2025\/10\/WhatsApp-Image-2025-10-04-at-15.07.20.jpeg 784w, https:\/\/enolife.com.ar\/es\/wp-content\/uploads\/2025\/10\/WhatsApp-Image-2025-10-04-at-15.07.20-300x191.jpeg 300w, https:\/\/enolife.com.ar\/es\/wp-content\/uploads\/2025\/10\/WhatsApp-Image-2025-10-04-at-15.07.20-768x490.jpeg 768w, https:\/\/enolife.com.ar\/es\/wp-content\/uploads\/2025\/10\/WhatsApp-Image-2025-10-04-at-15.07.20-585x373.jpeg 585w\" sizes=\"auto, (max-width: 784px) 100vw, 784px\" \/><\/a><figcaption class=\"wp-element-caption\"><strong><em>Reuni\u00f3n de directivos de Acovi con el candidato Emir F\u00e9lix<\/em><\/strong><\/figcaption><\/figure><\/div>\n\n\n<div style=\"height:35px\" aria-hidden=\"true\" class=\"wp-block-spacer\"><\/div>\n\n\n\n<p>En este sentido, <strong>Fabi\u00e1n Ruggeri<\/strong>, destac\u00f3 que <em>\u201cLa idea desde Acovi es trabajar y dialogar con todos los candidatos a diputados y senadores. Coincidimos en muchos de los desaf\u00edos que hoy tenemos por delante: la ley de jugos, la necesidad de financiamiento y la mejora en la competitividad internacional. Es fundamental que quienes aspiran a representar a Mendoza conozcan de primera mano la realidad de nuestros productores\u201d.<\/em><\/p>\n\n\n\n<p>Por su parte, <strong>Jorge Barbero<\/strong>, se\u00f1al\u00f3 <em>\u201cHemos tenido un di\u00e1logo ameno y muy receptivo. Los candidatos se llevaron nuestras propuestas para analizarlas y creemos que es clave que tengan una idea clara de qui\u00e9nes somos y qu\u00e9 necesitamos\u201d<\/em>.<\/p>\n\n\n\n<p>A su turno, <strong>Walter Guarise<\/strong>, , expres\u00f3 que <em>\u201cEl encuentro fue muy productivo porque pudimos exponer las problem\u00e1ticas que m\u00e1s preocupan al sector. Esperamos que nuestras voces sean escuchadas y se avancen en soluciones concretas para que los peque\u00f1os productores puedan seguir en la actividad\u201d.<br><\/em><\/p>\n\n\n\n<p>En su visita, <strong>Emir F\u00e9lix -candidato justicialista- <\/strong>remarc\u00f3 <em>\u201cLa situaci\u00f3n es grave y necesitamos dar visibilidad a la industria vitivin\u00edcola. El sistema cooperativo siempre ha defendido al agro, y hoy m\u00e1s que nunca tenemos que fortalecerlo frente a la p\u00e9rdida de competitividad y a la crisis del mercado interno<\/em>.<em> Los productores ven mucha problem\u00e1tica. Hay veces que no se adapta el sistema de la corresponsabilidad gremial con algunos productores. La situaci\u00f3n de que el desfinanciamiento en el sistema, el capital de trabajo no se puede sostener y el agro empieza a pagar las consecuencias\u00bb<\/em>.<\/p>\n\n\n\n<p>Por su parte, <strong>Luis Petri <\/strong>coincidi\u00f3 <em>\u201cEs necesario repensarse en la industria vitivin\u00edcola como una plataforma exportadora. Mendoza representa el 70% de la producci\u00f3n vitivin\u00edcola, por eso nosotros creemos que hay que incrementar las exportaciones y esto se hace, entre otras cosas, con tratados de libre comercio, con acuerdos, y creo que por ah\u00ed pasa la vitivinicultura. El mundo cooperativo tiene una influencia gravitante fundamentalmente por la cantidad de peque\u00f1os productores que nuclea y por las fuentes de trabajo que proporciona\u201d.<\/em><\/p>\n\n\n\n<p><em>\u201cNecesitamos una reforma laboral que es indiscutible, esto es parte del compromiso de nuestro gobierno y de la necesidad que tiene el futuro Congreso de discutir para generar m\u00e1s empleo, por un lado, y darle la posibilidad a las personas que se incorporen al mundo laboral.\u201d <\/em>concluy\u00f3 el candidato de la Libertad Avanza + Cambia Mendoza.<\/p>\n\n\n\n<p>A su tiempo, <strong>Nicol\u00e1s Vicchi<\/strong>, resalt\u00f3 la importancia del encuentro con los candidatos a pocas semanas de las elecciones: <em>\u00abfue un espacio de di\u00e1logo enriquecedor, donde desde Acovi pudimos presentar no solo los ejes de trabajo estructurales sobre los que estamos trabajando y las problem\u00e1ticas del sector cooperativo vitivin\u00edcola en esta coyuntura pol\u00edtica y econ\u00f3mica, sino tambi\u00e9n propuestas reales y palpables que pueden llevarse al Congreso y ser discutidas desde ese \u00e1mbito\u00bb.<\/em><\/p>\n\n\n\n<div style=\"height:35px\" aria-hidden=\"true\" class=\"wp-block-spacer\"><\/div>\n","protected":false},"excerpt":{"rendered":"<p>En el marco de las visitas de candidatos a legisladores nacionales por Mendoza, la Asociaci\u00f3n&hellip;<\/p>\n","protected":false},"author":2,"featured_media":165926,"comment_status":"closed","ping_status":"open","sticky":false,"template":"","format":"standard","meta":{"footnotes":""},"categories":[14],"tags":[],"class_list":["post-165910","post","type-post","status-publish","format-standard","has-post-thumbnail","hentry","category-news"],"_links":{"self":[{"href":"https:\/\/enolife.com.ar\/es\/wp-json\/wp\/v2\/posts\/165910","targetHints":{"allow":["GET"]}}],"collection":[{"href":"https:\/\/enolife.com.ar\/es\/wp-json\/wp\/v2\/posts"}],"about":[{"href":"https:\/\/enolife.com.ar\/es\/wp-json\/wp\/v2\/types\/post"}],"author":[{"embeddable":true,"href":"https:\/\/enolife.com.ar\/es\/wp-json\/wp\/v2\/users\/2"}],"replies":[{"embeddable":true,"href":"https:\/\/enolife.com.ar\/es\/wp-json\/wp\/v2\/comments?post=165910"}],"version-history":[{"count":0,"href":"https:\/\/enolife.com.ar\/es\/wp-json\/wp\/v2\/posts\/165910\/revisions"}],"wp:featuredmedia":[{"embeddable":true,"href":"https:\/\/enolife.com.ar\/es\/wp-json\/wp\/v2\/media\/165926"}],"wp:attachment":[{"href":"https:\/\/enolife.com.ar\/es\/wp-json\/wp\/v2\/media?parent=165910"}],"wp:term":[{"taxonomy":"category","embeddable":true,"href":"https:\/\/enolife.com.ar\/es\/wp-json\/wp\/v2\/categories?post=165910"},{"taxonomy":"post_tag","embeddable":true,"href":"https:\/\/enolife.com.ar\/es\/wp-json\/wp\/v2\/tags?post=165910"}],"curies":[{"name":"wp","href":"https:\/\/api.w.org\/{rel}","templated":true}]}}