{"id":165837,"date":"2025-10-05T11:27:58","date_gmt":"2025-10-05T11:27:58","guid":{"rendered":"https:\/\/enolife.com.ar\/es\/?p=165837"},"modified":"2025-10-07T23:02:17","modified_gmt":"2025-10-07T23:02:17","slug":"la-imagen-elegida-para-la-fiesta-de-la-vendimia-2026-fue-creada-por-3-disenadores-de-tunuyan","status":"publish","type":"post","link":"https:\/\/enolife.com.ar\/es\/la-imagen-elegida-para-la-fiesta-de-la-vendimia-2026-fue-creada-por-3-disenadores-de-tunuyan\/","title":{"rendered":"La imagen elegida para la Fiesta de la Vendimia 2026 fue creada por 3 dise\u00f1adores de Tunuy\u00e1n"},"content":{"rendered":"\n<h4 class=\"wp-block-heading\"><em><strong>Con el seud\u00f3nimo\u00a0Mate, los tunuyaninos Luz Carrizo, Jonatan Quiroga y Rita Carrizo ganaron el concurso de imagen para promocionar la Fiesta Nacional de la Vendimia 2026, quienes se llevaron el premio de $6.000.000. Al concurso para la edici\u00f3n del 90 aniversario de la gran fiesta se presentaron 37 propuestas.<\/strong><\/em><\/h4>\n\n\n\n<div style=\"height:35px\" aria-hidden=\"true\" class=\"wp-block-spacer\"><\/div>\n\n\n<a href=\"https:\/\/instagram.com\/labelsolutions?igshid=YmMyMTA2M2Y=\" aria-label=\"Banner Palero 1700&#215;500\"><img loading=\"lazy\" decoding=\"async\" src=\"https:\/\/enolife.com.ar\/es\/wp-content\/uploads\/2021\/09\/Banner-Palero-1700x500-1.gif\" alt=\"\"  width=\"1700\" height=\"500\"   \/><\/a>\n\n\n<div style=\"height:45px\" aria-hidden=\"true\" class=\"wp-block-spacer\"><\/div>\n\n\n<div class=\"wp-block-image\">\n<figure class=\"alignleft size-full is-resized\"><a href=\"https:\/\/enolife.com.ar\/es\/wp-content\/uploads\/2025\/10\/WhatsApp-Image-2025-10-03-at-12.41.26-848x1200-1.jpeg\" data-rel=\"penci-gallery-image-content\" ><img loading=\"lazy\" decoding=\"async\" width=\"400\" height=\"566\" src=\"https:\/\/enolife.com.ar\/es\/wp-content\/uploads\/2025\/10\/WhatsApp-Image-2025-10-03-at-12.41.26-848x1200-1.jpeg\" alt=\"\" class=\"wp-image-165845\" style=\"width:359px;height:auto\" srcset=\"https:\/\/enolife.com.ar\/es\/wp-content\/uploads\/2025\/10\/WhatsApp-Image-2025-10-03-at-12.41.26-848x1200-1.jpeg 400w, https:\/\/enolife.com.ar\/es\/wp-content\/uploads\/2025\/10\/WhatsApp-Image-2025-10-03-at-12.41.26-848x1200-1-212x300.jpeg 212w\" sizes=\"auto, (max-width: 400px) 100vw, 400px\" \/><\/a><\/figure><\/div>\n\n\n<p>A partir del concurso lanzado por el Gobierno de Mendoza para elegir el dise\u00f1o del Sistema de Identidad y Comunicaci\u00f3n Visual que promocionar\u00e1 la Fiesta Nacional de la Vendimia 2026 \u2013 90 aniversario y el Calendario Vendimia, el jurado eligi\u00f3 a Luz Carrizo, Jonatan Quiroga y Rita Carrizo, cuya propuesta particip\u00f3 con el seud\u00f3nimo Mate. Todos son oriundos de Tunuy\u00e1n.<\/p>\n\n\n\n<p>El viernes 3 de octubre, el jurado evalu\u00f3 los trabajos presentados y eligi\u00f3, por mayor\u00eda, la propuesta ganadora del concurso, que ser\u00e1 responsable de comunicar y publicitar a la fiesta m\u00e1s importante de Mendoza en el pa\u00eds y en el mundo. Por eso, el<strong> premio al ganador es de $6.000.000.<\/strong><\/p>\n\n\n\n<p>El jurado estuvo integrado por Carolina Clavijo, Facundo Piedrafita y Lucas Ravalle por la Subsecretar\u00eda de Cultura:. Jurados invitados especiales: Ricardo Colombano, Edgardo Castro y Luis Sarale. Representante de la Facultad de Artes y Dise\u00f1o de la UNCuyo: Ver\u00f3nica Carbone. Representante por Universidad del Aconcagua: Mar\u00eda Alejandra Ricciardi. Representante por Universidad Champagnat: Hern\u00e1n An\u00edbal Guti\u00e9rrez Cedro. Representante por la Universidad de Mendoza: Leticia Fernanda Paladini. Representantes por sorteo de: Instituto Superior Manuel Belgrano, Instituto Nicol\u00e1s Avellaneda, Fundaci\u00f3n Gutenberg, Instituto Alberto Arias, Instituto de Educaci\u00f3n Superior Tupungato: Mar\u00eda Marta Farr\u00e1s. Representante de ADIMZA (Asociaci\u00f3n de Dise\u00f1adores de Mendoza): Susana Cabrera. Representante de Emetur: Luis Serrano. Y veedor con voz, pero sin voto, designado por la Subsecretar\u00eda: Walter Gazzo. Tambi\u00e9n estuvo presente la escribana auxiliar de Gobierno de la provincia de Mendoza, Mar\u00eda Viviana Bruno.<\/p>\n\n\n\n<p>Tras analizar con detenimiento las <strong>37 propuestas presentadas<\/strong>, el jurado determin\u00f3, adem\u00e1s, dos menciones especiales en orden de m\u00e9rito:\u00a0la\u00a0propuesta Violeto, de Florencia Aristarain como primera menci\u00f3n; y Vendimiador, de Pablo\u00a0Pineda como segunda.<\/p>\n\n\n\n<div style=\"height:35px\" aria-hidden=\"true\" class=\"wp-block-spacer\"><\/div>\n\n\n<div class=\"wp-block-image\">\n<figure class=\"aligncenter size-full is-resized\"><a href=\"https:\/\/enolife.com.ar\/es\/wp-content\/uploads\/2025\/10\/DSC_4447-scaled-1.jpg\" data-rel=\"penci-gallery-image-content\" ><img loading=\"lazy\" decoding=\"async\" width=\"714\" height=\"500\" src=\"https:\/\/enolife.com.ar\/es\/wp-content\/uploads\/2025\/10\/DSC_4447-scaled-1.jpg\" alt=\"\" class=\"wp-image-165846\" style=\"width:512px;height:auto\" srcset=\"https:\/\/enolife.com.ar\/es\/wp-content\/uploads\/2025\/10\/DSC_4447-scaled-1.jpg 714w, https:\/\/enolife.com.ar\/es\/wp-content\/uploads\/2025\/10\/DSC_4447-scaled-1-300x210.jpg 300w, https:\/\/enolife.com.ar\/es\/wp-content\/uploads\/2025\/10\/DSC_4447-scaled-1-585x410.jpg 585w\" sizes=\"auto, (max-width: 714px) 100vw, 714px\" \/><\/a><figcaption class=\"wp-element-caption\"><strong><em>El jurado<\/em><\/strong><\/figcaption><\/figure><\/div>\n\n\n<div style=\"height:35px\" aria-hidden=\"true\" class=\"wp-block-spacer\"><\/div>\n\n\n\n<p class=\"has-medium-font-size\"><strong>Sobre los ganadores<\/strong><\/p>\n\n\n\n<p><strong>Rita Carrizo: <\/strong>Egresada en dise\u00f1o gr\u00e1fico de la Universidad Champagnat. Fot\u00f3grafa e ilustradora. Tiene adem\u00e1s una diplomatura en narrativa transmedia. Diplomada en comunicaci\u00f3n digital y narrativas transmedia (Universidad Champagnat). Curso de Pintura digital, ESCAAD. Capacitaci\u00f3n Universitaria Extra-Curricular (CUEX) en Foto-Reportaje Documental Subjetivo, Facultad de Filosof\u00eda y Letras, Universidad de Buenos Aires<\/p>\n\n\n\n<p><strong>Jonatan Quiroga: <\/strong>Egresado del Profesorado de Artes Visuales en IES 9-010 Rosario Vera Pe\u00f1aloza de San Carlos. T\u00e9cnico en dise\u00f1o gr\u00e1fico y publicitario, IES 9-009 de Tupungato. Diplomado en Gesti\u00f3n Cultural (UNCuyo). Artista conceptual. Cursado de Seminario en Dise\u00f1o de Branding (FOROALFA). Docente de Artes Visuales.<\/p>\n\n\n\n<p><strong>Luz Carrizo: <\/strong>Egresada del IES 9-009 de Tupungato. Estudiante de la Tecnicatura en Producci\u00f3n Audiovisual de la UNCuyo. <\/p>\n\n\n\n<div style=\"height:35px\" aria-hidden=\"true\" class=\"wp-block-spacer\"><\/div>\n","protected":false},"excerpt":{"rendered":"<p>Con el seud\u00f3nimo\u00a0Mate, los tunuyaninos Luz Carrizo, Jonatan Quiroga y Rita Carrizo ganaron el concurso&hellip;<\/p>\n","protected":false},"author":2,"featured_media":165843,"comment_status":"closed","ping_status":"open","sticky":false,"template":"","format":"standard","meta":{"footnotes":""},"categories":[14],"tags":[],"class_list":["post-165837","post","type-post","status-publish","format-standard","has-post-thumbnail","hentry","category-news"],"_links":{"self":[{"href":"https:\/\/enolife.com.ar\/es\/wp-json\/wp\/v2\/posts\/165837","targetHints":{"allow":["GET"]}}],"collection":[{"href":"https:\/\/enolife.com.ar\/es\/wp-json\/wp\/v2\/posts"}],"about":[{"href":"https:\/\/enolife.com.ar\/es\/wp-json\/wp\/v2\/types\/post"}],"author":[{"embeddable":true,"href":"https:\/\/enolife.com.ar\/es\/wp-json\/wp\/v2\/users\/2"}],"replies":[{"embeddable":true,"href":"https:\/\/enolife.com.ar\/es\/wp-json\/wp\/v2\/comments?post=165837"}],"version-history":[{"count":0,"href":"https:\/\/enolife.com.ar\/es\/wp-json\/wp\/v2\/posts\/165837\/revisions"}],"wp:featuredmedia":[{"embeddable":true,"href":"https:\/\/enolife.com.ar\/es\/wp-json\/wp\/v2\/media\/165843"}],"wp:attachment":[{"href":"https:\/\/enolife.com.ar\/es\/wp-json\/wp\/v2\/media?parent=165837"}],"wp:term":[{"taxonomy":"category","embeddable":true,"href":"https:\/\/enolife.com.ar\/es\/wp-json\/wp\/v2\/categories?post=165837"},{"taxonomy":"post_tag","embeddable":true,"href":"https:\/\/enolife.com.ar\/es\/wp-json\/wp\/v2\/tags?post=165837"}],"curies":[{"name":"wp","href":"https:\/\/api.w.org\/{rel}","templated":true}]}}