{"id":165818,"date":"2025-10-04T15:47:15","date_gmt":"2025-10-04T15:47:15","guid":{"rendered":"https:\/\/enolife.com.ar\/es\/?p=165818"},"modified":"2025-10-05T11:28:54","modified_gmt":"2025-10-05T11:28:54","slug":"premian-al-mejor-torrontes-riojano-en-la-cata-guiada-mas-grande-de-argentina-hoy-4-10-en-chilecito","status":"publish","type":"post","link":"https:\/\/enolife.com.ar\/es\/premian-al-mejor-torrontes-riojano-en-la-cata-guiada-mas-grande-de-argentina-hoy-4-10-en-chilecito\/","title":{"rendered":"Premian al mejor Torront\u00e9s Riojano en la cata guiada m\u00e1s grande de Argentina, hoy 4\/10 en Chilecito"},"content":{"rendered":"\n<h4 class=\"wp-block-heading\"><em><strong>Durante los d\u00edas 3 y 4 de octubre de 2025, la ciudad de Chilecito, en la provincia de La Rioja, se ha convertido en el epicentro de la vitivinicultura argentina, con dos eventos de larga trayectoria y bien ganado prestigio, el 5\u00b0 Concurso Nacional del Torront\u00e9s Riojano y la XIX Evaluaci\u00f3n de Vinos del Noroeste Argentino (Evinor), que este a\u00f1o se realizan por primera vez en forma conjunta. Las jornadas culminan hoy 4\/10 con una cena de gala en la que m\u00e1s de 1.200 asistentes probar\u00e1n los vinos evaluados y luego el jurado emitir\u00e1 su dictamen y entregar\u00e1 los premios.<\/strong><\/em><\/h4>\n\n\n\n<div style=\"height:43px\" aria-hidden=\"true\" class=\"wp-block-spacer\"><\/div>\n\n\n<a href=\"https:\/\/www.dellatoffola.com.ar\/es\/home\" aria-label=\"della toffolla 1700&#215;500\"><img loading=\"lazy\" decoding=\"async\" src=\"https:\/\/enolife.com.ar\/es\/wp-content\/uploads\/2023\/10\/della-toffolla-1700x500-2.png\" alt=\"\"  srcset=\"https:\/\/enolife.com.ar\/es\/wp-content\/uploads\/2023\/10\/della-toffolla-1700x500-2.png 1699w, https:\/\/enolife.com.ar\/es\/wp-content\/uploads\/2023\/10\/della-toffolla-1700x500-2-300x88.png 300w, https:\/\/enolife.com.ar\/es\/wp-content\/uploads\/2023\/10\/della-toffolla-1700x500-2-1024x301.png 1024w, https:\/\/enolife.com.ar\/es\/wp-content\/uploads\/2023\/10\/della-toffolla-1700x500-2-768x226.png 768w, https:\/\/enolife.com.ar\/es\/wp-content\/uploads\/2023\/10\/della-toffolla-1700x500-2-1536x451.png 1536w, https:\/\/enolife.com.ar\/es\/wp-content\/uploads\/2023\/10\/della-toffolla-1700x500-2-1170x344.png 1170w, https:\/\/enolife.com.ar\/es\/wp-content\/uploads\/2023\/10\/della-toffolla-1700x500-2-585x172.png 585w\" sizes=\"auto, (max-width: 1699px) 100vw, 1699px\" width=\"1699\" height=\"499\"   \/><\/a>\n\n\n<div style=\"height:39px\" aria-hidden=\"true\" class=\"wp-block-spacer\"><\/div>\n\n\n\n<p>Culmina hoy la doble jornada del <strong>Concurso Nacional del Torront\u00e9s Riojano<\/strong> y la <strong>Evaluaci\u00f3n de Vinos del Noroeste<\/strong> con una cena de gala, con la cata guiada para m\u00e1s de <strong>1.200 asistentes<\/strong> -la m\u00e1s grande de <strong>Argentina<\/strong>&#8211; y finalmente con la comunicaci\u00f3n de los premios del jurado a los mejores vinos presentados al concurso, con el varietal blanco <strong>Torront\u00e9s Riojano<\/strong> como mayor protagonista.<\/p>\n\n\n\n<div style=\"height:27px\" aria-hidden=\"true\" class=\"wp-block-spacer\"><\/div>\n\n\n<div class=\"wp-block-image\">\n<figure class=\"aligncenter size-large is-resized\"><a href=\"https:\/\/enolife.com.ar\/es\/wp-content\/uploads\/2025\/10\/00-Jurado-y-Publico-2-scaled.jpg\" data-rel=\"penci-gallery-image-content\" ><img loading=\"lazy\" decoding=\"async\" width=\"1024\" height=\"594\" src=\"https:\/\/enolife.com.ar\/es\/wp-content\/uploads\/2025\/10\/00-Jurado-y-Publico-2-1024x594.jpg\" alt=\"\" class=\"wp-image-165826\" style=\"width:730px;height:auto\" srcset=\"https:\/\/enolife.com.ar\/es\/wp-content\/uploads\/2025\/10\/00-Jurado-y-Publico-2-1024x594.jpg 1024w, https:\/\/enolife.com.ar\/es\/wp-content\/uploads\/2025\/10\/00-Jurado-y-Publico-2-300x174.jpg 300w, https:\/\/enolife.com.ar\/es\/wp-content\/uploads\/2025\/10\/00-Jurado-y-Publico-2-768x445.jpg 768w, https:\/\/enolife.com.ar\/es\/wp-content\/uploads\/2025\/10\/00-Jurado-y-Publico-2-1536x890.jpg 1536w, https:\/\/enolife.com.ar\/es\/wp-content\/uploads\/2025\/10\/00-Jurado-y-Publico-2-2048x1187.jpg 2048w, https:\/\/enolife.com.ar\/es\/wp-content\/uploads\/2025\/10\/00-Jurado-y-Publico-2-1170x678.jpg 1170w, https:\/\/enolife.com.ar\/es\/wp-content\/uploads\/2025\/10\/00-Jurado-y-Publico-2-585x339.jpg 585w\" sizes=\"auto, (max-width: 1024px) 100vw, 1024px\" \/><\/a><figcaption class=\"wp-element-caption\"><em><strong>El brindis de los jurados, con el p\u00fablico de fondo en la gran carpa montada para la Cena de Gala de 2024<\/strong><\/em>.<\/figcaption><\/figure><\/div>\n\n\n<div style=\"height:21px\" aria-hidden=\"true\" class=\"wp-block-spacer\"><\/div>\n\n\n\n<p>Para esta noche se prev\u00e9 la presencia de los m\u00e1ximos dirigentes de la vitivinicultura regional y de las entidades organizadoras, entre ellos el ingeniero <strong>Mario Hern\u00e1n Gonz\u00e1lez<\/strong>, presidente de la Corporaci\u00f3n Vitivin\u00edcola Argentina (Coviar); <strong>Carlos Tizio Mayer<\/strong>, presidente del Instituto Nacional de Vitivinicultura (INV) y la mendocina <strong>Claudia Quini<\/strong>, ex presidenta de la Organizaci\u00f3n Internacional de la Vid y el Vino (OIV) y presidenta del Jurado del Concurso del Torront\u00e9s Riojano. Adem\u00e1s, se espera la presencia del gobernador de la provincia de La Rioja, <strong>Ricardo Quintela<\/strong>; bodegueros de todo el pa\u00eds; empresarios de empresas proveedoras; periodistas especializados y p\u00fablico en general.<\/p>\n\n\n\n<div style=\"height:29px\" aria-hidden=\"true\" class=\"wp-block-spacer\"><\/div>\n\n\n\n<p class=\"has-medium-font-size\"><strong>Un encuentro regional de repercusi\u00f3n global<\/strong><\/p>\n\n\n\n<p>En esta 19\u00aa edici\u00f3n, la Evaluaci\u00f3n de Vinos del Noroeste Argentino (Evinor) consolida su reputaci\u00f3n como espacio de promoci\u00f3n, difusi\u00f3n y reconocimiento de los vinos elaborados en <strong>La Rioja, Catamarca, Salta, Tucum\u00e1n, Jujuy y C\u00f3rdoba.<\/strong> Lo que comenz\u00f3 como un encuentro regional, hoy es una cita de referencia nacional e internacional, y cuenta con el acompa\u00f1amiento institucional de la <strong>Corporaci\u00f3n Vitivin\u00edcola Argentina (Coviar)<\/strong>, el <strong>Consejo de En\u00f3logos de La Rioja<\/strong>, la <strong>C\u00e1mara Riojana de Productores Agropecuarios (Carpa)<\/strong> y el <strong>Centro de Desarrollo Vit\u00edcola La Rioja<\/strong>, y el apoyo de organismos como la <strong>Organizaci\u00f3n Internacional de la Vid y el Vino (OIV)<\/strong>, el <strong>Instituto Nacional de Vitivinicultura (INV)<\/strong>, el <strong>Consejo Federal de Inversiones (CFI)<\/strong>, el <strong>Fondo Vitivin\u00edcola de Mendoza<\/strong>, <strong>Gobierno de La Rioja<\/strong>, <strong>C\u00e1mara de Bodegueros de La Rioja<\/strong> y <strong>Gobierno Municipal de Chilecito.<\/strong><\/p>\n\n\n\n<div style=\"height:27px\" aria-hidden=\"true\" class=\"wp-block-spacer\"><\/div>\n\n\n<div class=\"wp-block-image\">\n<figure class=\"aligncenter size-large is-resized\"><a href=\"https:\/\/enolife.com.ar\/es\/wp-content\/uploads\/2025\/10\/jurado-scaled.jpg\" data-rel=\"penci-gallery-image-content\" ><img loading=\"lazy\" decoding=\"async\" width=\"1024\" height=\"727\" src=\"https:\/\/enolife.com.ar\/es\/wp-content\/uploads\/2025\/10\/jurado-1024x727.jpg\" alt=\"\" class=\"wp-image-165829\" style=\"width:708px;height:auto\" srcset=\"https:\/\/enolife.com.ar\/es\/wp-content\/uploads\/2025\/10\/jurado-1024x727.jpg 1024w, https:\/\/enolife.com.ar\/es\/wp-content\/uploads\/2025\/10\/jurado-300x213.jpg 300w, https:\/\/enolife.com.ar\/es\/wp-content\/uploads\/2025\/10\/jurado-768x545.jpg 768w, https:\/\/enolife.com.ar\/es\/wp-content\/uploads\/2025\/10\/jurado-1536x1091.jpg 1536w, https:\/\/enolife.com.ar\/es\/wp-content\/uploads\/2025\/10\/jurado-2048x1454.jpg 2048w, https:\/\/enolife.com.ar\/es\/wp-content\/uploads\/2025\/10\/jurado-1170x831.jpg 1170w, https:\/\/enolife.com.ar\/es\/wp-content\/uploads\/2025\/10\/jurado-585x415.jpg 585w\" sizes=\"auto, (max-width: 1024px) 100vw, 1024px\" \/><\/a><\/figure><\/div>\n\n\n<div style=\"height:28px\" aria-hidden=\"true\" class=\"wp-block-spacer\"><\/div>\n\n\n\n<h3 class=\"wp-block-heading has-vivid-red-color has-text-color has-link-color wp-elements-f3c79f95f6c8a90b562f7eb60b42d65a\">El concurso est\u00e1 dedicado exclusivamente a vinos elaborados con la cepa Torront\u00e9s Riojano en todas sus categor\u00edas (secos, semisecos, dulces, dulces naturales, licorosos, espumosos y blends que cumplan la normativa vigente). <\/h3>\n\n\n\n<div style=\"height:36px\" aria-hidden=\"true\" class=\"wp-block-spacer\"><\/div>\n\n\n\n<p>El certamen rinde as\u00ed tributo a la \u00fanica cepa blanca aut\u00f3ctona de Argentina, cuya identidad nace y se afirma en los valles riojanos. Las muestras fueron presentadas con etiquetado y presentaci\u00f3n comercial y con documentaci\u00f3n respaldatoria.<\/p>\n\n\n\n<p>Cada a\u00f1o, el evento final de Evinor reune a destacados en\u00f3logos y expertos que eval\u00faan a ciegas las muestras en forma simult\u00e1nea mediante concejos de en\u00f3logos del NOA. Los vinos con mejores puntajes reciben medallas de Plata, Oro y Gran Oro, que se entregan durante la Noche de Gala, un espacio exclusivo donde los m\u00e1ximos exponentes son presentados en una cata guiada ante empresarios, sommeliers, cr\u00edtica especializada y prensa.<\/p>\n\n\n\n<div style=\"height:30px\" aria-hidden=\"true\" class=\"wp-block-spacer\"><\/div>\n\n\n<div class=\"wp-block-image\">\n<figure class=\"aligncenter size-large is-resized\"><a href=\"https:\/\/enolife.com.ar\/es\/wp-content\/uploads\/2025\/10\/Afiche-Evinor-scaled.jpg\" data-rel=\"penci-gallery-image-content\" ><img loading=\"lazy\" decoding=\"async\" width=\"607\" height=\"1024\" src=\"https:\/\/enolife.com.ar\/es\/wp-content\/uploads\/2025\/10\/Afiche-Evinor-607x1024.jpg\" alt=\"\" class=\"wp-image-165830\" style=\"width:424px;height:auto\" srcset=\"https:\/\/enolife.com.ar\/es\/wp-content\/uploads\/2025\/10\/Afiche-Evinor-607x1024.jpg 607w, https:\/\/enolife.com.ar\/es\/wp-content\/uploads\/2025\/10\/Afiche-Evinor-178x300.jpg 178w, https:\/\/enolife.com.ar\/es\/wp-content\/uploads\/2025\/10\/Afiche-Evinor-768x1295.jpg 768w, https:\/\/enolife.com.ar\/es\/wp-content\/uploads\/2025\/10\/Afiche-Evinor-911x1536.jpg 911w, https:\/\/enolife.com.ar\/es\/wp-content\/uploads\/2025\/10\/Afiche-Evinor-1214x2048.jpg 1214w, https:\/\/enolife.com.ar\/es\/wp-content\/uploads\/2025\/10\/Afiche-Evinor-1170x1973.jpg 1170w, https:\/\/enolife.com.ar\/es\/wp-content\/uploads\/2025\/10\/Afiche-Evinor-585x987.jpg 585w, https:\/\/enolife.com.ar\/es\/wp-content\/uploads\/2025\/10\/Afiche-Evinor-scaled.jpg 1518w\" sizes=\"auto, (max-width: 607px) 100vw, 607px\" \/><\/a><\/figure><\/div>\n\n\n<div style=\"height:33px\" aria-hidden=\"true\" class=\"wp-block-spacer\"><\/div>\n\n\n\n<p>Evinor es una celebraci\u00f3n del trabajo, la tradici\u00f3n y la innovaci\u00f3n del vino del NOA. En <strong>Chilecito<\/strong> -entre el <strong>Famatina<\/strong>, el <strong>Velasco<\/strong> y las <strong>Sierras del Paim\u00e1n<\/strong>&#8211; la pasi\u00f3n compartida se vuelve punto de encuentro y proyecci\u00f3n de la identidad de estos terroirs, el talento de sus hacedores y la energ\u00eda de una regi\u00f3n que mira al mundo.<\/p>\n\n\n\n<div style=\"height:36px\" aria-hidden=\"true\" class=\"wp-block-spacer\"><\/div>\n","protected":false},"excerpt":{"rendered":"<p>Durante los d\u00edas 3 y 4 de octubre de 2025, la ciudad de Chilecito, en&hellip;<\/p>\n","protected":false},"author":2,"featured_media":165823,"comment_status":"closed","ping_status":"open","sticky":false,"template":"","format":"standard","meta":{"footnotes":""},"categories":[47],"tags":[],"class_list":["post-165818","post","type-post","status-publish","format-standard","has-post-thumbnail","hentry","category-agenda"],"_links":{"self":[{"href":"https:\/\/enolife.com.ar\/es\/wp-json\/wp\/v2\/posts\/165818","targetHints":{"allow":["GET"]}}],"collection":[{"href":"https:\/\/enolife.com.ar\/es\/wp-json\/wp\/v2\/posts"}],"about":[{"href":"https:\/\/enolife.com.ar\/es\/wp-json\/wp\/v2\/types\/post"}],"author":[{"embeddable":true,"href":"https:\/\/enolife.com.ar\/es\/wp-json\/wp\/v2\/users\/2"}],"replies":[{"embeddable":true,"href":"https:\/\/enolife.com.ar\/es\/wp-json\/wp\/v2\/comments?post=165818"}],"version-history":[{"count":0,"href":"https:\/\/enolife.com.ar\/es\/wp-json\/wp\/v2\/posts\/165818\/revisions"}],"wp:featuredmedia":[{"embeddable":true,"href":"https:\/\/enolife.com.ar\/es\/wp-json\/wp\/v2\/media\/165823"}],"wp:attachment":[{"href":"https:\/\/enolife.com.ar\/es\/wp-json\/wp\/v2\/media?parent=165818"}],"wp:term":[{"taxonomy":"category","embeddable":true,"href":"https:\/\/enolife.com.ar\/es\/wp-json\/wp\/v2\/categories?post=165818"},{"taxonomy":"post_tag","embeddable":true,"href":"https:\/\/enolife.com.ar\/es\/wp-json\/wp\/v2\/tags?post=165818"}],"curies":[{"name":"wp","href":"https:\/\/api.w.org\/{rel}","templated":true}]}}