{"id":165741,"date":"2025-10-03T13:12:32","date_gmt":"2025-10-03T13:12:32","guid":{"rendered":"https:\/\/enolife.com.ar\/es\/?p=165741"},"modified":"2025-10-04T15:47:03","modified_gmt":"2025-10-04T15:47:03","slug":"vinateros-de-mendoza-piden-al-gobierno-credito-y-menos-presion-fiscal-para-salvar-la-vitivinicultura","status":"publish","type":"post","link":"https:\/\/enolife.com.ar\/es\/vinateros-de-mendoza-piden-al-gobierno-credito-y-menos-presion-fiscal-para-salvar-la-vitivinicultura\/","title":{"rendered":"Vi\u00f1ateros de Mendoza piden al gobierno cr\u00e9dito y menos presi\u00f3n fiscal para \u00absalvar\u00bb la vitivinicultura"},"content":{"rendered":"\n<h4 class=\"wp-block-heading\"><em><strong>La Asociaci\u00f3n de Vi\u00f1ateros de Mendoza public\u00f3 ayer 2\/10\/2025 un comunicado en el que llaman al Estado provincial a intervenir con medidas para mejorar la situaci\u00f3n de la industria, ante su \u00abpeor crisis en d\u00e9cadas\u00bb. Falta de rentabilidad, poco poder de negociaci\u00f3n y un mercado de uvas \u00abdestruido\u00bb, son algunos de los problemas mencionados en su texto, que a continuaci\u00f3n replicamos.<\/strong><\/em><\/h4>\n\n\n\n<div style=\"height:35px\" aria-hidden=\"true\" class=\"wp-block-spacer\"><\/div>\n\n\n\n\n\n<div style=\"height:45px\" aria-hidden=\"true\" class=\"wp-block-spacer\"><\/div>\n\n\n\n<p>La entidad mendocina que agrupa a numerosos productores primarios de uva, presidida por el dirigente <strong>Eduardo C\u00f3rdoba<\/strong>, realiz\u00f3 una \u00abadvertencia urgente\u00bb sobre una fuerte crisis que afecta a la industria vitivin\u00edcola, en particular e inicialmente a los vi\u00f1ateros que proveen a las bodegas. \u00ab<em>No pedimos subsidios, ni parches &#8211;<\/em>solicitan-<em>; pedimos lo que es justo: una reducci\u00f3n urgente de la presi\u00f3n impositiva, controles y alternativas de lucha contra las contingencias, herramientas de financiamiento a mediano y largo plazo, condiciones dignas de negociaci\u00f3n y pago\u00bb.<\/em><\/p>\n\n\n\n<p>A continuaci\u00f3n, el texto completo de la carta abierta:<\/p>\n\n\n\n<p><em>\u00abDesde la Asociaci\u00f3n de Vi\u00f1ateros de Mendoza, queremos hablar con claridad. Hoy, el vi\u00f1atero mendocino est\u00e1 atravesando una de las peores crisis de rentabilidad que hayamos vivido en d\u00e9cadas. Y no es un diagn\u00f3stico exagerado ni una queja m\u00e1s: es una advertencia urgente, con la responsabilidad que sentimos como parte esencial de la identidad productiva, cultural y social de esta provincia.<\/em><\/p>\n\n\n\n<p><em>\u00abLa ecuaci\u00f3n econ\u00f3mica del productor primario ya no cierra. Durante este ciclo 2024\/2025, los costos se dispararon de manera insostenible: mano de obra, agroqu\u00edmicos, fertilizantes, energ\u00eda, transporte, impuestos, tasas\u2026 todo subi\u00f3 menos la UVA. Si se\u00f1or, nuestro fruto hoy vale incluso menos que el a\u00f1o pasado. Y de esto no se salva ni el grande ni el mediano ni el chico, ni el que vendi\u00f3 el fruto o lo elabor\u00f3, ni el productor que est\u00e1 integrado o no lo est\u00e1\u2026 porque somos quienes asumimos por un lado los riesgos de la actividad y por otro la medida de ajuste del mercado.<\/em><\/p>\n\n\n\n<p><em>\u00abPara ponerlo en n\u00fameros concretos: la energ\u00eda y el riego aumentaron m\u00e1s del 100%, la mano de obra de cosecha un 115%, los fletes un 95%, y las tasas e impuestos alcanzan subas del 50 al 250%. Y si hablamos de presi\u00f3n fiscal, estamos soportando un esquema confiscatorio: el Estado se queda con el 57,1% del excedente puro de una finca productiva. \u00bfas\u00ed se sostiene una econom\u00eda regional?\u00bb<\/em><\/p>\n\n\n\n<div style=\"height:45px\" aria-hidden=\"true\" class=\"wp-block-spacer\"><\/div>\n\n\n\n<p class=\"has-medium-font-size\">\u00ab<strong><em>Una cadena desequilibrada<\/em><\/strong><\/p>\n\n\n\n<p><em>\u00abLa realidad es que el productor no tiene poder de negociaci\u00f3n. El mercado de la uva est\u00e1 destruido. Los valores se imponen desde una posici\u00f3n dominante, en una cadena vitivin\u00edcola en la que m\u00e1s del 50% de las bodegas no producen su propia uva. Nos exigen est\u00e1ndares internacionales, pero nos pagan por debajo del costo real y, adem\u00e1s, a plazos imposibles, con cheques a seis o nueve meses desde mayo\u2026. sufriendo inclusive retrasos en dichos pagos. As\u00ed, nos endeudamos, malvendemos o no podemos ni siquiera podar; porque las bodegas hoy tambi\u00e9n complicadas por coyuntura y por errores propios ajustan por la parte m\u00e1s d\u00e9bil y desprotegida EL PRODUCTOR. Nos hemos convertido en permanente eslab\u00f3n de ajuste.<\/em><\/p>\n\n\n\n<p><em>\u00abSe nos dice que si no somos rentables es porque no somos eficientes, como si el Estado y las otras partes de la cadena no tuviera ninguna responsabilidad. Ejemplo de ello es la lobesia botrana, enfermedad que hoy todos los productores sufrimos en nuestras fincas por una irresponsabilidad estatal en los controles de m\u00e1quinas tra\u00eddas por la industria, y si bien despu\u00e9s de una larga lucha de nuestra Asociaci\u00f3n junto a otros actores se ha logrado reci\u00e9n este a\u00f1o que el gobierno provincial escuche y afronte el problema como corresponde, desgraciadamente el remedio llega tarde y el productor ya sufri\u00f3 da\u00f1os irreparables que tuvo que pagar desde su bolsillo.<\/em><\/p>\n\n\n\n<p><em>\u00abNo pedimos subsidios, ni parches. Pedimos lo que es justo: una reducci\u00f3n urgente de la presi\u00f3n impositiva, controles y alternativas de lucha contra las contingencias, herramientas de financiamiento a mediano y largo plazo, condiciones dignas de negociaci\u00f3n y pago, es decir, reglas claras para poder trabajar. Si realmente se quiere ayudar al sector productivo es cuesti\u00f3n de ponerse a trabajar cumpliendo el rol que a cada uno corresponde. Lo dem\u00e1s es discurso vac\u00edo.<\/em><\/p>\n\n\n\n<div style=\"height:35px\" aria-hidden=\"true\" class=\"wp-block-spacer\"><\/div>\n\n\n\n<p class=\"has-medium-font-size\"><strong><em>El impacto es real, necesitamos reaccionar<\/em><\/strong><\/p>\n\n\n\n<p><em>\u00abHoy, miles de familias vi\u00f1ateras est\u00e1n al borde de la desaparici\u00f3n. Hay fincas abandonadas, gente sin trabajo, casas que se caen, j\u00f3venes que se van del campo porque ya no encuentran futuro. La vitivinicultura est\u00e1 dejando de ser un camino de vida. Se est\u00e1n paralizando tareas culturales, se frena la inversi\u00f3n en renovaci\u00f3n de plantas y se compromete el empleo de m\u00e1s de 100.000 trabajadores rurales, entre temporarios y permanentes.<\/em><\/p>\n\n\n\n<p><em>\u00abEsto no es solo un problema econ\u00f3mico. Es una crisis estructural que afecta al tejido social de Mendoza. Porque cuando cae el vi\u00f1atero, se debilita todo el entramado rural: el pueblo, la escuela, el almac\u00e9n, el trabajador, la cultura local, la tradici\u00f3n.<\/em><\/p>\n\n\n\n<p><em>\u00abNo lo decimos con resignaci\u00f3n. Lo decimos con responsabilidad. Creemos que todav\u00eda estamos a tiempo. Pero para revertir esta situaci\u00f3n, necesitamos que el gobierno nacional, el provincial, los municipios y toda la cadena vitivin\u00edcola entiendan la gravedad de esta crisis. Porque si queremos que Mendoza siga siendo la capital mundial del vino, primero debemos cuidar a quienes producen la uva. Sin productor primario, no hay vino. Y sin vino, no hay turismo, no hay econom\u00eda regional, no hay Mendoza.<\/em><\/p>\n\n\n\n<p><em>\u00abDesde nuestra Asociaci\u00f3n, estamos dispuestos a dialogar, a trabajar y a aportar propuestas como lo hemos hecho siempre. Pero necesitamos PREVISIBILIDAD, se requieren medidas concretas, urgentes y sostenibles que devuelvan rentabilidad y condiciones justas y equitativas. No se trata solo de defender un cultivo: se trata de defender una forma de vida, una historia compartida y el futuro mismo de nuestra provincia.<\/em><\/p>\n\n\n\n<p>\u00ab<em>Hoy m\u00e1s que nunca, necesitamos voluntad pol\u00edtica, compromiso del sector y una mirada de largo plazo, necesitamos REACCION. Porque el vi\u00f1atero quiere seguir produciendo. Pero ESO ES IMPOSIBLE SIN REGLAS CLARAS Y JUSTAS para poder hacerlo.\u00bb<\/em><\/p>\n\n\n\n<div style=\"height:35px\" aria-hidden=\"true\" class=\"wp-block-spacer\"><\/div>\n\n\n<a href=\"https:\/\/www.facebook.com\/SindicatoContratitas\/\" aria-label=\"banner contratistas 1700&#215;500\"><img loading=\"lazy\" decoding=\"async\" src=\"https:\/\/enolife.com.ar\/es\/wp-content\/uploads\/2020\/08\/banner-contratistas-1700x500-1.jpg\" alt=\"\"  srcset=\"https:\/\/enolife.com.ar\/es\/wp-content\/uploads\/2020\/08\/banner-contratistas-1700x500-1.jpg 1700w, https:\/\/enolife.com.ar\/es\/wp-content\/uploads\/2020\/08\/banner-contratistas-1700x500-1-300x88.jpg 300w, https:\/\/enolife.com.ar\/es\/wp-content\/uploads\/2020\/08\/banner-contratistas-1700x500-1-1024x301.jpg 1024w, https:\/\/enolife.com.ar\/es\/wp-content\/uploads\/2020\/08\/banner-contratistas-1700x500-1-768x226.jpg 768w, https:\/\/enolife.com.ar\/es\/wp-content\/uploads\/2020\/08\/banner-contratistas-1700x500-1-1536x452.jpg 1536w, https:\/\/enolife.com.ar\/es\/wp-content\/uploads\/2020\/08\/banner-contratistas-1700x500-1-1170x344.jpg 1170w, https:\/\/enolife.com.ar\/es\/wp-content\/uploads\/2020\/08\/banner-contratistas-1700x500-1-585x172.jpg 585w\" sizes=\"auto, (max-width: 1700px) 100vw, 1700px\" width=\"1700\" height=\"500\"   \/><\/a>\n\n\n<div style=\"height:35px\" aria-hidden=\"true\" class=\"wp-block-spacer\"><\/div>\n","protected":false},"excerpt":{"rendered":"<p>La Asociaci\u00f3n de Vi\u00f1ateros de Mendoza public\u00f3 ayer 2\/10\/2025 un comunicado en el que llaman&hellip;<\/p>\n","protected":false},"author":2,"featured_media":165748,"comment_status":"closed","ping_status":"open","sticky":false,"template":"","format":"standard","meta":{"footnotes":""},"categories":[12],"tags":[],"class_list":["post-165741","post","type-post","status-publish","format-standard","has-post-thumbnail","hentry","category-opinion"],"_links":{"self":[{"href":"https:\/\/enolife.com.ar\/es\/wp-json\/wp\/v2\/posts\/165741","targetHints":{"allow":["GET"]}}],"collection":[{"href":"https:\/\/enolife.com.ar\/es\/wp-json\/wp\/v2\/posts"}],"about":[{"href":"https:\/\/enolife.com.ar\/es\/wp-json\/wp\/v2\/types\/post"}],"author":[{"embeddable":true,"href":"https:\/\/enolife.com.ar\/es\/wp-json\/wp\/v2\/users\/2"}],"replies":[{"embeddable":true,"href":"https:\/\/enolife.com.ar\/es\/wp-json\/wp\/v2\/comments?post=165741"}],"version-history":[{"count":0,"href":"https:\/\/enolife.com.ar\/es\/wp-json\/wp\/v2\/posts\/165741\/revisions"}],"wp:featuredmedia":[{"embeddable":true,"href":"https:\/\/enolife.com.ar\/es\/wp-json\/wp\/v2\/media\/165748"}],"wp:attachment":[{"href":"https:\/\/enolife.com.ar\/es\/wp-json\/wp\/v2\/media?parent=165741"}],"wp:term":[{"taxonomy":"category","embeddable":true,"href":"https:\/\/enolife.com.ar\/es\/wp-json\/wp\/v2\/categories?post=165741"},{"taxonomy":"post_tag","embeddable":true,"href":"https:\/\/enolife.com.ar\/es\/wp-json\/wp\/v2\/tags?post=165741"}],"curies":[{"name":"wp","href":"https:\/\/api.w.org\/{rel}","templated":true}]}}