{"id":165658,"date":"2025-10-02T18:10:10","date_gmt":"2025-10-02T18:10:10","guid":{"rendered":"https:\/\/enolife.com.ar\/es\/?p=165658"},"modified":"2025-10-03T18:23:59","modified_gmt":"2025-10-03T18:23:59","slug":"cuatro-ideas-para-el-acto-central-de-la-vendimia-2026-compiten-por-el-premio-de-48-000-000","status":"publish","type":"post","link":"https:\/\/enolife.com.ar\/es\/cuatro-ideas-para-el-acto-central-de-la-vendimia-2026-compiten-por-el-premio-de-48-000-000\/","title":{"rendered":"Cuatro ideas para el Acto Central de la Vendimia 2026 compiten por el premio de $48.000.000"},"content":{"rendered":"\n<h4 class=\"wp-block-heading\"><em><strong>Conocidos directores, escritores y escen\u00f3grafos, algunos de ellos con vasta experiencia en vendimias y que ya dirigieron anteriores fiestas, presentaron este mi\u00e9rcoles 1\/10\/205, en la Secretar\u00eda de Cultura de Mendoza, sus propuestas para el gui\u00f3n, puesta en escena y direcci\u00f3n del espect\u00e1culo central que se realizar\u00e1 el d\u00eda s\u00e1bado 7 de marzo de 2026, con repetici\u00f3n el domingo 8 de marzo. El jurado ya analiza los documentos y se expedir\u00e1 en los proximos d\u00edas. El equipo ganador recibir\u00e1 un pago de 48 millones de pesos en todo concepto, seg\u00fan lo estipulado como premio este a\u00f1o.<\/strong><\/em><\/h4>\n\n\n\n<div style=\"height:35px\" aria-hidden=\"true\" class=\"wp-block-spacer\"><\/div>\n\n\n\n\n\n<div style=\"height:45px\" aria-hidden=\"true\" class=\"wp-block-spacer\"><\/div>\n\n\n\n<p>Este mi\u00e9rcoles 1\/10\/25 se realiz\u00f3 la apertura de sobres del llamado a concurso p\u00fablico para la puesta en escena de la fiesta mayor de nuestra provincia. Los proyectos contienen gui\u00f3n y s\u00edntesis argumental, planteo escenogr\u00e1fico, direcci\u00f3n art\u00edstica de la puesta en escena y equipo art\u00edstico para el Acto Central y Repetici\u00f3n de la <strong>Fiesta Nacional de la Vendimia 2026<\/strong>, que en el a\u00f1o que viene <strong>cumplir\u00e1 90 a\u00f1os<\/strong> desde su primer festejo.<\/p>\n\n\n\n<div style=\"height:35px\" aria-hidden=\"true\" class=\"wp-block-spacer\"><\/div>\n\n\n<div class=\"wp-block-image\">\n<figure class=\"aligncenter size-full is-resized\"><a href=\"https:\/\/enolife.com.ar\/es\/wp-content\/uploads\/2025\/10\/DSC_3739-1080x721-1.jpg\" data-rel=\"penci-gallery-image-content\" ><img loading=\"lazy\" decoding=\"async\" width=\"814\" height=\"500\" src=\"https:\/\/enolife.com.ar\/es\/wp-content\/uploads\/2025\/10\/DSC_3739-1080x721-1.jpg\" alt=\"\" class=\"wp-image-165663\" style=\"width:714px;height:auto\" srcset=\"https:\/\/enolife.com.ar\/es\/wp-content\/uploads\/2025\/10\/DSC_3739-1080x721-1.jpg 814w, https:\/\/enolife.com.ar\/es\/wp-content\/uploads\/2025\/10\/DSC_3739-1080x721-1-300x184.jpg 300w, https:\/\/enolife.com.ar\/es\/wp-content\/uploads\/2025\/10\/DSC_3739-1080x721-1-768x472.jpg 768w, https:\/\/enolife.com.ar\/es\/wp-content\/uploads\/2025\/10\/DSC_3739-1080x721-1-585x359.jpg 585w\" sizes=\"auto, (max-width: 814px) 100vw, 814px\" \/><\/a><figcaption class=\"wp-element-caption\"><em><strong>Funcionarios del \u00e1rea de Cultura abren los sobres con las propuestas para hacer la Fiesta<\/strong><\/em><strong><em>.<\/em><\/strong><\/figcaption><\/figure><\/div>\n\n\n<div style=\"height:35px\" aria-hidden=\"true\" class=\"wp-block-spacer\"><\/div>\n\n\n\n<p>Cumpliendo con los plazos establecidos, se realiz\u00f3 la apertura de sobres con las propuestas de cada equipo art\u00edstico. Ante la escribana p\u00fablica <strong>Ruth Celia Larraya<\/strong>, de la Secretar\u00eda General de Gobierno, el acto tuvo lugar en la Sala Elina Alba de la Subsecretar\u00eda de Cultura, ubicada en Espa\u00f1a y Guti\u00e9rrez de la Capital mendocina.<\/p>\n\n\n\n<p>El acto cont\u00f3 con la presencia de la directora de Vendimia y Producci\u00f3n Cultural, <strong>Noelia Torres<\/strong>, y de la directora general de Administraci\u00f3n de la Subsecretar\u00eda de Cultura, <strong>Anal\u00eda Salvador<\/strong>; los miembros del jurado, referentes culturales de la provincia y miembros de los equipos postulantes. All\u00ed se abrieron cuatro sobres conteniendo las respectivas propuestas. Concluida la apertura, comenz\u00f3 el an\u00e1lisis de las propuestas por parte del jurado integrado por representantes de cada organismo e instituci\u00f3n interviniente en Vendimia.<\/p>\n\n\n\n<div style=\"height:45px\" aria-hidden=\"true\" class=\"wp-block-spacer\"><\/div>\n\n\n\n<p class=\"has-medium-font-size\"><strong>Las propuestas presentadas<\/strong><\/p>\n\n\n\n<p><strong>Propuesta 1: \u201c90 cosechas de una misma cepa\u201d<\/strong>, con direcci\u00f3n general de <strong>Pablo Mariano Perri<\/strong>.<\/p>\n\n\n\n<p><strong>Propuesta 2: \u201cVendimias al Pie de los Andes\u201d<\/strong>, con direcci\u00f3n general de <strong>Rafael Ricardo Ruiz<\/strong> y <strong>Gaspar Emanuel Tello.<\/strong><\/p>\n\n\n\n<p><strong>Propuesta 3: \u201cCanto a Mendoza y la Memoria del Vino\u201d<\/strong>, con direcci\u00f3n general de <strong>Gonzalo Palacios.<\/strong><\/p>\n\n\n\n<p><strong>Propuesta 4: \u201cVendimia de vino y cristal\u201d<\/strong>, con direcci\u00f3n general de <strong>Vilma R\u00fapolo<\/strong> y <strong>Federico Ortega.<\/strong><\/p>\n\n\n\n<div style=\"height:30px\" aria-hidden=\"true\" class=\"wp-block-spacer\"><\/div>\n","protected":false},"excerpt":{"rendered":"<p>Conocidos directores, escritores y escen\u00f3grafos, algunos de ellos con vasta experiencia en vendimias y que&hellip;<\/p>\n","protected":false},"author":2,"featured_media":165659,"comment_status":"closed","ping_status":"open","sticky":false,"template":"","format":"standard","meta":{"footnotes":""},"categories":[14],"tags":[],"class_list":["post-165658","post","type-post","status-publish","format-standard","has-post-thumbnail","hentry","category-news"],"_links":{"self":[{"href":"https:\/\/enolife.com.ar\/es\/wp-json\/wp\/v2\/posts\/165658","targetHints":{"allow":["GET"]}}],"collection":[{"href":"https:\/\/enolife.com.ar\/es\/wp-json\/wp\/v2\/posts"}],"about":[{"href":"https:\/\/enolife.com.ar\/es\/wp-json\/wp\/v2\/types\/post"}],"author":[{"embeddable":true,"href":"https:\/\/enolife.com.ar\/es\/wp-json\/wp\/v2\/users\/2"}],"replies":[{"embeddable":true,"href":"https:\/\/enolife.com.ar\/es\/wp-json\/wp\/v2\/comments?post=165658"}],"version-history":[{"count":0,"href":"https:\/\/enolife.com.ar\/es\/wp-json\/wp\/v2\/posts\/165658\/revisions"}],"wp:featuredmedia":[{"embeddable":true,"href":"https:\/\/enolife.com.ar\/es\/wp-json\/wp\/v2\/media\/165659"}],"wp:attachment":[{"href":"https:\/\/enolife.com.ar\/es\/wp-json\/wp\/v2\/media?parent=165658"}],"wp:term":[{"taxonomy":"category","embeddable":true,"href":"https:\/\/enolife.com.ar\/es\/wp-json\/wp\/v2\/categories?post=165658"},{"taxonomy":"post_tag","embeddable":true,"href":"https:\/\/enolife.com.ar\/es\/wp-json\/wp\/v2\/tags?post=165658"}],"curies":[{"name":"wp","href":"https:\/\/api.w.org\/{rel}","templated":true}]}}