{"id":165547,"date":"2025-10-02T00:03:15","date_gmt":"2025-10-02T00:03:15","guid":{"rendered":"https:\/\/enolife.com.ar\/es\/?p=165547"},"modified":"2025-10-05T13:59:04","modified_gmt":"2025-10-05T13:59:04","slug":"con-una-caida-del-183-en-agosto-el-consumo-de-vino-en-argentina-baja-a-142-lt-per-capita-al-mes","status":"publish","type":"post","link":"https:\/\/enolife.com.ar\/es\/con-una-caida-del-183-en-agosto-el-consumo-de-vino-en-argentina-baja-a-142-lt-per-capita-al-mes\/","title":{"rendered":"Con una ca\u00edda del 18,3% en agosto, el consumo de vino en Argentina baja a 1,42 lt. per c\u00e1pita al mes"},"content":{"rendered":"\n<h4 class=\"wp-block-heading\"><em><strong>Seg\u00fan el \u00faltimo informe del Instituto Nacional de Vitivinicultura (INV), la venta de vino acumulada de enero a agosto de 2025, en el mercado interno, alcanz\u00f3 los <strong>4.748.178 <\/strong>hectolitros (hl), -3,5% respecto a igual per\u00edodo de 2024. De ese total, el 64,2% corresponde a vinos sin menci\u00f3n varietal y el 32,6% a varietales. Los vinos sin menci\u00f3n varietal en el interanual acumulado a agosto est\u00e1n negativos (-7,9%), mientras que el resto de los tipos de vino mantienen su crecimiento positivo. Los vinos blancos caen -13,1% y los vinos color suben +0,2%. El consumo per c\u00e1pita del mes de agosto 2025 arroj\u00f3 un valor de <strong>1,42<\/strong><\/strong><\/em> <em><strong>litros por habitante, -18,3% respecto a igual mes del a\u00f1o anterior.<\/strong><\/em><\/h4>\n\n\n\n<div style=\"height:35px\" aria-hidden=\"true\" class=\"wp-block-spacer\"><\/div>\n\n\n<a href=\"http:\/\/www.quiminsa.com.ar\/\" aria-label=\"banner quiminsa b 1700&#215;500\"><img loading=\"lazy\" decoding=\"async\" src=\"https:\/\/enolife.com.ar\/es\/wp-content\/uploads\/2022\/04\/banner-quiminsa-b-1700x500-1.jpg\" alt=\"\"  srcset=\"https:\/\/enolife.com.ar\/es\/wp-content\/uploads\/2022\/04\/banner-quiminsa-b-1700x500-1.jpg 1700w, https:\/\/enolife.com.ar\/es\/wp-content\/uploads\/2022\/04\/banner-quiminsa-b-1700x500-1-300x88.jpg 300w, https:\/\/enolife.com.ar\/es\/wp-content\/uploads\/2022\/04\/banner-quiminsa-b-1700x500-1-1024x301.jpg 1024w, https:\/\/enolife.com.ar\/es\/wp-content\/uploads\/2022\/04\/banner-quiminsa-b-1700x500-1-768x226.jpg 768w, https:\/\/enolife.com.ar\/es\/wp-content\/uploads\/2022\/04\/banner-quiminsa-b-1700x500-1-1536x452.jpg 1536w, https:\/\/enolife.com.ar\/es\/wp-content\/uploads\/2022\/04\/banner-quiminsa-b-1700x500-1-1170x344.jpg 1170w, https:\/\/enolife.com.ar\/es\/wp-content\/uploads\/2022\/04\/banner-quiminsa-b-1700x500-1-585x172.jpg 585w\" sizes=\"auto, (max-width: 1700px) 100vw, 1700px\" width=\"1700\" height=\"500\"   \/><\/a>\n\n\n<div style=\"height:45px\" aria-hidden=\"true\" class=\"wp-block-spacer\"><\/div>\n\n\n\n<p class=\"has-text-align-center has-background\" id=\"block-6fbb9437-eb2b-4258-8eb3-6b0d6f6d1afb\" style=\"background-color:#abb7c25c\"><strong>Comercializaci\u00f3n agosto 2024 \/ agosto 2025<\/strong><\/p>\n\n\n\n<p id=\"block-63cf02c1-369f-437f-a1f3-630bb88281a5\"><strong>Vino Total: -17,1%<\/strong><\/p>\n\n\n\n<ul id=\"block-ea26550f-a8d7-4388-ab3f-9e978e751e9a\" class=\"wp-block-list\">\n<li>Vino color: -15%<\/li>\n\n\n\n<li>Vino blanco: -22,9%<\/li>\n<\/ul>\n\n\n\n<div style=\"height:15px\" aria-hidden=\"true\" class=\"wp-block-spacer\"><\/div>\n\n\n\n<p class=\"has-text-align-center has-background\" id=\"block-1da3c62f-d229-4319-81d4-8ec4a294f6ce\" style=\"background-color:#abb7c25c\"><strong>Comercializaci\u00f3n enero-agosto 2024 \/ enero-agosto 2025<\/strong><\/p>\n\n\n\n<p id=\"block-35b7a9be-159c-4367-b9e1-fdc327f9f8e7\"><strong>Vino Total: -3,5%<\/strong><\/p>\n\n\n\n<ul id=\"block-f2514f2b-5f53-4339-94aa-2f404cf9294e\" class=\"wp-block-list\">\n<li>Vino color: 0,2 %<\/li>\n\n\n\n<li>Vino blanco: -13,1%<\/li>\n<\/ul>\n\n\n\n<div style=\"height:15px\" aria-hidden=\"true\" class=\"wp-block-spacer\"><\/div>\n\n\n\n<p class=\"has-text-align-center has-background\" id=\"block-0bce1eeb-0137-40bf-96c2-90e3bbb1db06\" style=\"background-color:#abb7c25c\"><strong>Variaci\u00f3n mensual julio 2025 &#8211; agosto 2025<\/strong><\/p>\n\n\n\n<p id=\"block-8c0e1074-9225-4a7d-827e-3b1bd907324b\"><strong>Vino Total: 2,9%<\/strong><\/p>\n\n\n\n<div style=\"height:45px\" aria-hidden=\"true\" class=\"wp-block-spacer\"><\/div>\n\n\n<div class=\"wp-block-image\">\n<figure class=\"aligncenter size-full is-resized\"><a href=\"https:\/\/enolife.com.ar\/es\/wp-content\/uploads\/2025\/10\/image-7.png\" data-rel=\"penci-gallery-image-content\" ><img loading=\"lazy\" decoding=\"async\" width=\"926\" height=\"615\" src=\"https:\/\/enolife.com.ar\/es\/wp-content\/uploads\/2025\/10\/image-7.png\" alt=\"\" class=\"wp-image-165592\" style=\"width:630px;height:auto\" srcset=\"https:\/\/enolife.com.ar\/es\/wp-content\/uploads\/2025\/10\/image-7.png 926w, https:\/\/enolife.com.ar\/es\/wp-content\/uploads\/2025\/10\/image-7-300x199.png 300w, https:\/\/enolife.com.ar\/es\/wp-content\/uploads\/2025\/10\/image-7-768x510.png 768w, https:\/\/enolife.com.ar\/es\/wp-content\/uploads\/2025\/10\/image-7-585x389.png 585w\" sizes=\"auto, (max-width: 926px) 100vw, 926px\" \/><\/a><\/figure><\/div>\n\n\n<div style=\"height:35px\" aria-hidden=\"true\" class=\"wp-block-spacer\"><\/div>\n\n\n\n<p class=\"has-text-align-center has-background has-medium-font-size\" style=\"background-color:#abb7c25c\"><strong>Comercializaci\u00f3n agosto 2025<\/strong><\/p>\n\n\n\n<p>Las ventas de vino en el mercado interno durante el mes de agosto 2025 alcanzaron un volumen de <strong>678.265 hl,<\/strong> observ\u00e1ndose una <strong>disminuci\u00f3n del 17,1% <\/strong>respecto a igual mes del a\u00f1o anterior. El 66% de ese volumen corresponde a vinos sin menci\u00f3n varietal, 29,6% varietales, 3,9% espumosos y 0,5% otros vinos (c\u00f3ctel de vino, gasificado, especial).<\/p>\n\n\n\n<p>Respecto al mismo mes del a\u00f1o anterior, disminuyeron los vinos sin menci\u00f3n varietal (-19,5%), los varietales (-13,4%) y otros vinos (-7,1%), mientras los espumosos aumentaron +0,8%. En el volumen total de despachos los vinos blancos disminuyeron 22,9% y los vinos color 15%.<\/p>\n\n\n\n<div style=\"height:30px\" aria-hidden=\"true\" class=\"wp-block-spacer\"><\/div>\n\n\n<div class=\"wp-block-image\">\n<figure class=\"aligncenter size-full is-resized\"><a href=\"https:\/\/enolife.com.ar\/es\/wp-content\/uploads\/2025\/10\/Imagen1-1.jpg\" data-rel=\"penci-gallery-image-content\" ><img loading=\"lazy\" decoding=\"async\" width=\"638\" height=\"506\" src=\"https:\/\/enolife.com.ar\/es\/wp-content\/uploads\/2025\/10\/Imagen1-1.jpg\" alt=\"\" class=\"wp-image-165555\" style=\"width:500px;height:auto\" srcset=\"https:\/\/enolife.com.ar\/es\/wp-content\/uploads\/2025\/10\/Imagen1-1.jpg 638w, https:\/\/enolife.com.ar\/es\/wp-content\/uploads\/2025\/10\/Imagen1-1-300x238.jpg 300w, https:\/\/enolife.com.ar\/es\/wp-content\/uploads\/2025\/10\/Imagen1-1-585x464.jpg 585w\" sizes=\"auto, (max-width: 638px) 100vw, 638px\" \/><\/a><\/figure><\/div>\n\n\n<div style=\"height:35px\" aria-hidden=\"true\" class=\"wp-block-spacer\"><\/div>\n\n\n\n<p>En el interanual <strong>agosto 2024\/ agosto 2025<\/strong>, disminuy\u00f3 el envase botella (-20,7%) el cual representa el 65,5% de los despachos. El tetra-brik, que representa el 31,7% de los despachos, disminuy\u00f3 7,4%. La damajuana disminuy\u00f3 19,9%, el bag in box 23,4%, la lata 80,2% y los otros envases disminuyeron 91,1%.<\/p>\n\n\n\n<div style=\"height:30px\" aria-hidden=\"true\" class=\"wp-block-spacer\"><\/div>\n\n\n<div class=\"wp-block-image\">\n<figure class=\"aligncenter size-full is-resized\"><a href=\"https:\/\/enolife.com.ar\/es\/wp-content\/uploads\/2025\/10\/Imagen2.jpg\" data-rel=\"penci-gallery-image-content\" ><img loading=\"lazy\" decoding=\"async\" width=\"631\" height=\"593\" src=\"https:\/\/enolife.com.ar\/es\/wp-content\/uploads\/2025\/10\/Imagen2.jpg\" alt=\"\" class=\"wp-image-165556\" style=\"width:572px;height:auto\" srcset=\"https:\/\/enolife.com.ar\/es\/wp-content\/uploads\/2025\/10\/Imagen2.jpg 631w, https:\/\/enolife.com.ar\/es\/wp-content\/uploads\/2025\/10\/Imagen2-300x282.jpg 300w, https:\/\/enolife.com.ar\/es\/wp-content\/uploads\/2025\/10\/Imagen2-585x550.jpg 585w\" sizes=\"auto, (max-width: 631px) 100vw, 631px\" \/><\/a><\/figure><\/div>\n\n\n<div style=\"height:30px\" aria-hidden=\"true\" class=\"wp-block-spacer\"><\/div>\n\n\n<div class=\"wp-block-image\">\n<figure class=\"aligncenter size-full is-resized\"><a href=\"https:\/\/enolife.com.ar\/es\/wp-content\/uploads\/2025\/10\/image.png\" data-rel=\"penci-gallery-image-content\" ><img loading=\"lazy\" decoding=\"async\" width=\"950\" height=\"802\" src=\"https:\/\/enolife.com.ar\/es\/wp-content\/uploads\/2025\/10\/image.png\" alt=\"\" class=\"wp-image-165558\" style=\"width:634px;height:auto\" srcset=\"https:\/\/enolife.com.ar\/es\/wp-content\/uploads\/2025\/10\/image.png 950w, https:\/\/enolife.com.ar\/es\/wp-content\/uploads\/2025\/10\/image-300x253.png 300w, https:\/\/enolife.com.ar\/es\/wp-content\/uploads\/2025\/10\/image-768x648.png 768w, https:\/\/enolife.com.ar\/es\/wp-content\/uploads\/2025\/10\/image-585x494.png 585w\" sizes=\"auto, (max-width: 950px) 100vw, 950px\" \/><\/a><\/figure><\/div>\n\n\n<div style=\"height:35px\" aria-hidden=\"true\" class=\"wp-block-spacer\"><\/div>\n\n\n\n<p>El <strong>consumo per c\u00e1pita <\/strong>del mes de <strong>agosto 2025<\/strong> arroja un valor de <strong>1,42 litros por habitante <\/strong>(poblaci\u00f3n total pa\u00eds), lo cual indica una <strong>disminuci\u00f3n de 18,3%<\/strong> respecto a igual mes del a\u00f1o anterior.<\/p>\n\n\n\n<div style=\"height:35px\" aria-hidden=\"true\" class=\"wp-block-spacer\"><\/div>\n\n\n<div class=\"wp-block-image\">\n<figure class=\"aligncenter size-full is-resized\"><a href=\"https:\/\/enolife.com.ar\/es\/wp-content\/uploads\/2025\/10\/image-8.png\" data-rel=\"penci-gallery-image-content\" ><img loading=\"lazy\" decoding=\"async\" width=\"690\" height=\"424\" src=\"https:\/\/enolife.com.ar\/es\/wp-content\/uploads\/2025\/10\/image-8.png\" alt=\"\" class=\"wp-image-165595\" style=\"width:522px;height:auto\" srcset=\"https:\/\/enolife.com.ar\/es\/wp-content\/uploads\/2025\/10\/image-8.png 690w, https:\/\/enolife.com.ar\/es\/wp-content\/uploads\/2025\/10\/image-8-300x184.png 300w, https:\/\/enolife.com.ar\/es\/wp-content\/uploads\/2025\/10\/image-8-585x359.png 585w\" sizes=\"auto, (max-width: 690px) 100vw, 690px\" \/><\/a><\/figure><\/div>\n\n\n<div style=\"height:35px\" aria-hidden=\"true\" class=\"wp-block-spacer\"><\/div>\n\n\n\n<p>El 88,5% del vino comercializado en agosto 2025 en el mercado interno proviene de Mendoza y el 7% de San Juan. Siguen en importancia Salta (1,9%), La Rioja (1,6%), Neuqu\u00e9n (0,6%) y Rio Negro (0,2%). Tambi\u00e9n despacharon las provincias de Bs As, San Luis, La Pampa, Catamarca, C\u00f3rdoba, Jujuy, Entre R\u00edos, Tucum\u00e1n y Chubut.<\/p>\n\n\n\n<div style=\"height:30px\" aria-hidden=\"true\" class=\"wp-block-spacer\"><\/div>\n\n\n<div class=\"wp-block-image\">\n<figure class=\"aligncenter size-full is-resized\"><a href=\"https:\/\/enolife.com.ar\/es\/wp-content\/uploads\/2025\/10\/image-1.png\" data-rel=\"penci-gallery-image-content\" ><img loading=\"lazy\" decoding=\"async\" width=\"498\" height=\"457\" src=\"https:\/\/enolife.com.ar\/es\/wp-content\/uploads\/2025\/10\/image-1.png\" alt=\"\" class=\"wp-image-165562\" style=\"width:366px;height:auto\" srcset=\"https:\/\/enolife.com.ar\/es\/wp-content\/uploads\/2025\/10\/image-1.png 498w, https:\/\/enolife.com.ar\/es\/wp-content\/uploads\/2025\/10\/image-1-300x275.png 300w\" sizes=\"auto, (max-width: 498px) 100vw, 498px\" \/><\/a><\/figure><\/div>\n\n\n<div style=\"height:45px\" aria-hidden=\"true\" class=\"wp-block-spacer\"><\/div>\n\n\n\n<p class=\"has-text-align-center has-background has-medium-font-size\" style=\"background-color:#abb7c25c\"><strong>Acumulado enero &#8211; agosto de 2025<\/strong><\/p>\n\n\n\n<p>La <strong>venta de vino acumulada enero-agosto 2025 alcanz\u00f3 4.748.178 hl<\/strong>, manifestando una <strong>disminuci\u00f3n de 3,5% <\/strong>respecto a igual per\u00edodo del a\u00f1o anterior. La participaci\u00f3n de los vinos sin menci\u00f3n varietal es del 64,2%, el 32,6% corresponde a varietales; 2,8% a espumosos y 0,4% a otros vinos (c\u00f3ctel de vino, gasificado y especial).<\/p>\n\n\n\n<p>Los vinos sin menci\u00f3n varietal en el interanual acumulado a agosto est\u00e1n negativos (-7,9%), mientras que el resto de los tipos de vino mantienen su crecimiento positivo, varietales +5,6%, espumosos +4,3% y otros vinos +11,5%. En el volumen total acumulado, los vinos blancos caen 13,1% y los vinos color suben 0,2%.<\/p>\n\n\n\n<div style=\"height:30px\" aria-hidden=\"true\" class=\"wp-block-spacer\"><\/div>\n\n\n<div class=\"wp-block-image\">\n<figure class=\"aligncenter size-full is-resized\"><a href=\"https:\/\/enolife.com.ar\/es\/wp-content\/uploads\/2025\/10\/Imagen3.jpg\" data-rel=\"penci-gallery-image-content\" ><img loading=\"lazy\" decoding=\"async\" width=\"628\" height=\"503\" src=\"https:\/\/enolife.com.ar\/es\/wp-content\/uploads\/2025\/10\/Imagen3.jpg\" alt=\"\" class=\"wp-image-165566\" style=\"width:528px;height:auto\" srcset=\"https:\/\/enolife.com.ar\/es\/wp-content\/uploads\/2025\/10\/Imagen3.jpg 628w, https:\/\/enolife.com.ar\/es\/wp-content\/uploads\/2025\/10\/Imagen3-300x240.jpg 300w, https:\/\/enolife.com.ar\/es\/wp-content\/uploads\/2025\/10\/Imagen3-585x469.jpg 585w\" sizes=\"auto, (max-width: 628px) 100vw, 628px\" \/><\/a><\/figure><\/div>\n\n\n<div style=\"height:35px\" aria-hidden=\"true\" class=\"wp-block-spacer\"><\/div>\n\n\n\n<p>Respecto al tipo de envase, en el acumulado anual de ventas, se observan disminuciones de botellas (-0,3%), con una participaci\u00f3n del 64,3% en los despachos y de tetra brik (-8%), que concentra el 32,7% del volumen. Tambi\u00e9n cayeron los despachos en damajuana (-13,4%), bag in box (-46,8%) y lata (-30,2%). Otros envases aumentaron 69,2%.<\/p>\n\n\n\n<div style=\"height:30px\" aria-hidden=\"true\" class=\"wp-block-spacer\"><\/div>\n\n\n<div class=\"wp-block-image\">\n<figure class=\"aligncenter size-full is-resized\"><a href=\"https:\/\/enolife.com.ar\/es\/wp-content\/uploads\/2025\/10\/Imagen4.jpg\" data-rel=\"penci-gallery-image-content\" ><img loading=\"lazy\" decoding=\"async\" width=\"632\" height=\"620\" src=\"https:\/\/enolife.com.ar\/es\/wp-content\/uploads\/2025\/10\/Imagen4.jpg\" alt=\"\" class=\"wp-image-165569\" style=\"width:554px;height:auto\" srcset=\"https:\/\/enolife.com.ar\/es\/wp-content\/uploads\/2025\/10\/Imagen4.jpg 632w, https:\/\/enolife.com.ar\/es\/wp-content\/uploads\/2025\/10\/Imagen4-300x294.jpg 300w, https:\/\/enolife.com.ar\/es\/wp-content\/uploads\/2025\/10\/Imagen4-585x574.jpg 585w\" sizes=\"auto, (max-width: 632px) 100vw, 632px\" \/><\/a><\/figure><\/div>\n\n\n<div style=\"height:35px\" aria-hidden=\"true\" class=\"wp-block-spacer\"><\/div>\n\n\n\n<p class=\"has-medium-font-size\"><strong>Mendoza<\/strong><\/p>\n\n\n\n<p>Los despachos de vino al mercado interno desde Mendoza en <strong>agosto 2025<\/strong> fueron de <strong>599.959 hl,<\/strong> lo que evidencia una <strong>disminuci\u00f3n de 12,3%<\/strong> respecto a igual mes del a\u00f1o anterior. El 65,7% de los vinos despachados desde Mendoza fue vino sin menci\u00f3n varietal, 29,6% vino varietal, 4,3% vino espumoso y 0,4% otros vinos. Los vinos color disminuyeron 9,6% y los blancos 20,3%. Respecto a agosto 2024 se registra una disminuci\u00f3n de 7,4% en vinos varietales y de 15% en vinos sin menci\u00f3n varietal. El 69,1% de los vinos despachados por Mendoza en agosto 2025 corresponde a botella, el 28,3% tetra brik; 2,3% damajuana; 0,3% bag in box y 0,05% lata.<\/p>\n\n\n\n<div style=\"height:30px\" aria-hidden=\"true\" class=\"wp-block-spacer\"><\/div>\n\n\n<div class=\"wp-block-image\">\n<figure class=\"aligncenter size-full is-resized\"><a href=\"https:\/\/enolife.com.ar\/es\/wp-content\/uploads\/2025\/10\/image-2.png\" data-rel=\"penci-gallery-image-content\" ><img loading=\"lazy\" decoding=\"async\" width=\"1013\" height=\"890\" src=\"https:\/\/enolife.com.ar\/es\/wp-content\/uploads\/2025\/10\/image-2.png\" alt=\"\" class=\"wp-image-165572\" style=\"width:638px;height:auto\" srcset=\"https:\/\/enolife.com.ar\/es\/wp-content\/uploads\/2025\/10\/image-2.png 1013w, https:\/\/enolife.com.ar\/es\/wp-content\/uploads\/2025\/10\/image-2-300x264.png 300w, https:\/\/enolife.com.ar\/es\/wp-content\/uploads\/2025\/10\/image-2-768x675.png 768w, https:\/\/enolife.com.ar\/es\/wp-content\/uploads\/2025\/10\/image-2-585x514.png 585w\" sizes=\"auto, (max-width: 1013px) 100vw, 1013px\" \/><\/a><\/figure><\/div>\n\n\n<div style=\"height:35px\" aria-hidden=\"true\" class=\"wp-block-spacer\"><\/div>\n\n\n\n<p>El volumen despachado por Mendoza al mercado interno <strong>acumulado enero-agosto <\/strong>manifiesta una<strong> baja de 1,6% <\/strong>respecto a igual per\u00edodo del a\u00f1o anterior. Se observa un aumento de 7,9% en las ventas de vinos varietales, tanto color (+6,9%) como blanco (+14,3%). Los vinos sin menci\u00f3n varietal disminuyeron 6,3%, especialmente los blancos (-22,7%), mientras que los vinos sin menci\u00f3n varietal color aumentaron 0,6%.<\/p>\n\n\n\n<div style=\"height:35px\" aria-hidden=\"true\" class=\"wp-block-spacer\"><\/div>\n\n\n\n<p class=\"has-medium-font-size\"><strong>San Juan<\/strong><\/p>\n\n\n\n<p>El total de vino comercializado en el mercado interno por San Juan en agosto 2025 asciende a <strong>47.780 hl<\/strong>, lo que indica una <strong>disminuci\u00f3n del 49,3%<\/strong> respecto al mismo mes del a\u00f1o anterior. El 79,7% del volumen enviado a mercado interno por San Juan corresponde a vinos sin menci\u00f3n varietal, disminuyendo 49,2% respecto al mismo mes del a\u00f1o anterior. El vino varietal, tuvo una participaci\u00f3n del 19,1% en el total de despachos con una baja del 51,8%. En el volumen total despachado en agosto 2025 se registra disminuci\u00f3n en vinos blancos (-35,8%) y vinos color (- 53,8%) respecto al mismo mes del a\u00f1o anterior. El 72,2% de las ventas se despach\u00f3 en envase tetra-brik; 25,8% en botella y 2% en damajuana.<\/p>\n\n\n\n<div style=\"height:30px\" aria-hidden=\"true\" class=\"wp-block-spacer\"><\/div>\n\n\n<div class=\"wp-block-image\">\n<figure class=\"aligncenter size-full is-resized\"><a href=\"https:\/\/enolife.com.ar\/es\/wp-content\/uploads\/2025\/10\/image-3.png\" data-rel=\"penci-gallery-image-content\" ><img loading=\"lazy\" decoding=\"async\" width=\"1002\" height=\"903\" src=\"https:\/\/enolife.com.ar\/es\/wp-content\/uploads\/2025\/10\/image-3.png\" alt=\"\" class=\"wp-image-165576\" style=\"width:638px;height:auto\" srcset=\"https:\/\/enolife.com.ar\/es\/wp-content\/uploads\/2025\/10\/image-3.png 1002w, https:\/\/enolife.com.ar\/es\/wp-content\/uploads\/2025\/10\/image-3-300x270.png 300w, https:\/\/enolife.com.ar\/es\/wp-content\/uploads\/2025\/10\/image-3-768x692.png 768w, https:\/\/enolife.com.ar\/es\/wp-content\/uploads\/2025\/10\/image-3-585x527.png 585w\" sizes=\"auto, (max-width: 1002px) 100vw, 1002px\" \/><\/a><\/figure><\/div>\n\n\n<div style=\"height:35px\" aria-hidden=\"true\" class=\"wp-block-spacer\"><\/div>\n\n\n\n<p>El volumen comercializado en el <strong>per\u00edodo enero-agosto <\/strong>de 2025 por San Juan <strong>disminuy\u00f3 12,5%<\/strong> respecto a igual per\u00edodo del a\u00f1o anterior. Se observa una disminuci\u00f3n en vinos sin menci\u00f3n varietal (-13,8%), especialmente en los vinos color (-20,1%) y los sin menci\u00f3n varietal blancos registraron una baja del 0,7%. Los vinos varietales disminuyeron 7,5%, con baja en los varietales blancos del 16% y en varietales color del 6%.<\/p>\n\n\n\n<div style=\"height:35px\" aria-hidden=\"true\" class=\"wp-block-spacer\"><\/div>\n\n\n\n<p class=\"has-medium-font-size\"><strong>La Rioja<\/strong><\/p>\n\n\n\n<p>Las ventas en el mercado interno desde La Rioja en<strong> agosto 2025<\/strong> totalizaron <strong>10.987 hl,<\/strong> registrando una <strong>baja del 16%<\/strong> respecto al mismo mes del a\u00f1o anterior. Esta provincia acumula una disminuci\u00f3n de 17,2% en lo que va del a\u00f1o respecto a igual per\u00edodo del a\u00f1o anterior. En agosto 2025, La Rioja despach\u00f3 un 83,4% de vino sin menci\u00f3n varietal y 16,6% de vino varietal. El 80,5% de lo comercializado se despach\u00f3 en tetra-brik; el 17,3% en botella y 2,1% en damajuana.<\/p>\n\n\n\n<div style=\"height:30px\" aria-hidden=\"true\" class=\"wp-block-spacer\"><\/div>\n\n\n<div class=\"wp-block-image\">\n<figure class=\"aligncenter size-full is-resized\"><a href=\"https:\/\/enolife.com.ar\/es\/wp-content\/uploads\/2025\/10\/image-4.png\" data-rel=\"penci-gallery-image-content\" ><img loading=\"lazy\" decoding=\"async\" width=\"1005\" height=\"377\" src=\"https:\/\/enolife.com.ar\/es\/wp-content\/uploads\/2025\/10\/image-4.png\" alt=\"\" class=\"wp-image-165580\" style=\"width:766px;height:auto\" srcset=\"https:\/\/enolife.com.ar\/es\/wp-content\/uploads\/2025\/10\/image-4.png 1005w, https:\/\/enolife.com.ar\/es\/wp-content\/uploads\/2025\/10\/image-4-300x113.png 300w, https:\/\/enolife.com.ar\/es\/wp-content\/uploads\/2025\/10\/image-4-768x288.png 768w, https:\/\/enolife.com.ar\/es\/wp-content\/uploads\/2025\/10\/image-4-585x219.png 585w\" sizes=\"auto, (max-width: 1005px) 100vw, 1005px\" \/><\/a><\/figure><\/div>\n\n\n<div style=\"height:35px\" aria-hidden=\"true\" class=\"wp-block-spacer\"><\/div>\n\n\n\n<p class=\"has-medium-font-size\"><strong>Salta<\/strong><\/p>\n\n\n\n<p>Los despachos al mercado interno desde Salta en agosto 2025 fueron de <strong>12.869 hl,<\/strong> registrando una <strong>disminuci\u00f3n de 28,5%<\/strong> respecto al mismo mes del a\u00f1o anterior. Esta provincia acumula una disminuci\u00f3n de 11,6% en lo que va del a\u00f1o respecto a igual per\u00edodo del a\u00f1o anterior. En agosto 2025 Salta despach\u00f3 el 67,4% del volumen como vino varietal, 32,4% vino sin menci\u00f3n varietal y 0,1% espumoso. El 73,7% de los despachos son en botella; 16,3% en tetra-brik y 10% en damajuana.<\/p>\n\n\n\n<div style=\"height:30px\" aria-hidden=\"true\" class=\"wp-block-spacer\"><\/div>\n\n\n<div class=\"wp-block-image\">\n<figure class=\"aligncenter size-full is-resized\"><a href=\"https:\/\/enolife.com.ar\/es\/wp-content\/uploads\/2025\/10\/image-5.png\" data-rel=\"penci-gallery-image-content\" ><img loading=\"lazy\" decoding=\"async\" width=\"978\" height=\"377\" src=\"https:\/\/enolife.com.ar\/es\/wp-content\/uploads\/2025\/10\/image-5.png\" alt=\"\" class=\"wp-image-165582\" style=\"width:788px;height:auto\" srcset=\"https:\/\/enolife.com.ar\/es\/wp-content\/uploads\/2025\/10\/image-5.png 978w, https:\/\/enolife.com.ar\/es\/wp-content\/uploads\/2025\/10\/image-5-300x116.png 300w, https:\/\/enolife.com.ar\/es\/wp-content\/uploads\/2025\/10\/image-5-768x296.png 768w, https:\/\/enolife.com.ar\/es\/wp-content\/uploads\/2025\/10\/image-5-585x226.png 585w\" sizes=\"auto, (max-width: 978px) 100vw, 978px\" \/><\/a><\/figure><\/div>\n\n\n<div style=\"height:35px\" aria-hidden=\"true\" class=\"wp-block-spacer\"><\/div>\n\n\n\n<p class=\"has-medium-font-size\"><strong>Neuqu\u00e9n<\/strong><\/p>\n\n\n\n<p>Los despachos al mercado interno desde Neuqu\u00e9n en agosto 2025 fueron de <strong>4.089 hl<\/strong>, un <strong>5,7% superiores<\/strong> a las ocurridas en igual mes del a\u00f1o anterior. Esta provincia acumula una disminuci\u00f3n del 14,9% en lo que va del a\u00f1o respecto a igual per\u00edodo del a\u00f1o anterior. El 54,9% del volumen despachado en agosto 2025 fue varietal; 28,4% sin menci\u00f3n varietal y 16,7% espumoso. El 100% del volumen se despach\u00f3 en botellas.<\/p>\n\n\n\n<div style=\"height:35px\" aria-hidden=\"true\" class=\"wp-block-spacer\"><\/div>\n\n\n\n<p class=\"has-medium-font-size\"><strong>R\u00edo Negro<\/strong><\/p>\n\n\n\n<p>En agosto 2025, R\u00edo Negro registr\u00f3 un volumen de despachos al mercado interno de <strong>1.048 hl<\/strong>, un <strong>17,7% menor <\/strong>a lo despachado en igual mes del a\u00f1o anterior. Esta provincia ha disminuido sus ventas en lo que va del a\u00f1o un 7%. El 68,9% del volumen despachado en agosto 2025 fue vino varietal, el 30,7% vino sin menci\u00f3n varietal y el 0,4% vino espumoso. Las ventas en botellas representaron el 82,6% del total, las damajuanas el 15,5% y bag in box el 1,9%.<\/p>\n\n\n\n<div style=\"height:35px\" aria-hidden=\"true\" class=\"wp-block-spacer\"><\/div>\n\n\n\n<p class=\"has-medium-font-size\"><strong>Buenos Aires<\/strong><\/p>\n\n\n\n<p>Las ventas en el mercado interno en agosto 2025 fueron de <strong>745 hl<\/strong>, lo que indica una <strong>disminuci\u00f3n de 50,5% <\/strong>con respecto al mismo mes del a\u00f1o anterior. Esta provincia acumula una baja de 38% en lo que va del a\u00f1o respecto a igual per\u00edodo del a\u00f1o anterior. El vino sin menci\u00f3n varietal en agosto 2025 particip\u00f3 con el 99,8% de las ventas, el vino varietal con el 0,2% y el vino espumoso con el 0,03%. El 70,7% de lo despachado fue en botellas y 29,3% en damajuana.<\/p>\n\n\n\n<div style=\"height:35px\" aria-hidden=\"true\" class=\"wp-block-spacer\"><\/div>\n\n\n\n<p class=\"has-medium-font-size\"><strong>San Luis<\/strong><\/p>\n\n\n\n<p>El volumen comercializado en el mercado interno en agosto 2025 fue de <strong>299 hl <\/strong>lo que represent\u00f3 un <strong>aumento de 116,4%<\/strong> respecto al mismo mes del a\u00f1o anterior. Esta provincia acumula un aumento de 65% en lo que va del a\u00f1o respecto a igual per\u00edodo del a\u00f1o anterior. Respecto al tipo de vino despachado en agosto 2025, registra un 91,1% de vino varietal y 8,9% sin menci\u00f3n varietal. El 100% de lo comercializado corresponde a botella.<\/p>\n\n\n\n<div style=\"height:35px\" aria-hidden=\"true\" class=\"wp-block-spacer\"><\/div>\n\n\n\n<p class=\"has-medium-font-size\"><strong>Otras provincias<\/strong><\/p>\n\n\n\n<p>Las provincias de <strong>La Pampa, Catamarca, C\u00f3rdoba, Jujuy, Entre R\u00edos, Tucum\u00e1n y Chubut <\/strong>despacharon en agosto 2025 un total de <strong>489 hl<\/strong> en el mercado interno, un <strong>68,7% menos<\/strong> que en el mismo mes del a\u00f1o anterior. Estas provincias acumulan una suba del 7,7% en lo que va del a\u00f1o respecto a igual per\u00edodo del a\u00f1o anterior. El 93,8% del volumen despachado por estas provincias en agosto 2025 fue vino varietal, el 3,3% vino sin menci\u00f3n varietal, el 2,8% vino espumoso y 0,1% otros vinos. El 99% se despach\u00f3 en botella y 1% en bag in box.<\/p>\n\n\n\n<div style=\"height:35px\" aria-hidden=\"true\" class=\"wp-block-spacer\"><\/div>\n\n\n\n<p class=\"has-small-font-size\"><em><strong>Fuente: INV, Gobierno de Argentina<\/strong><\/em><\/p>\n\n\n\n<div style=\"height:37px\" aria-hidden=\"true\" class=\"wp-block-spacer\"><\/div>\n","protected":false},"excerpt":{"rendered":"<p>Seg\u00fan el \u00faltimo informe del Instituto Nacional de Vitivinicultura (INV), la venta de vino acumulada&hellip;<\/p>\n","protected":false},"author":2,"featured_media":165605,"comment_status":"closed","ping_status":"open","sticky":false,"template":"","format":"standard","meta":{"footnotes":""},"categories":[9],"tags":[],"class_list":["post-165547","post","type-post","status-publish","format-standard","has-post-thumbnail","hentry","category-negocios"],"_links":{"self":[{"href":"https:\/\/enolife.com.ar\/es\/wp-json\/wp\/v2\/posts\/165547","targetHints":{"allow":["GET"]}}],"collection":[{"href":"https:\/\/enolife.com.ar\/es\/wp-json\/wp\/v2\/posts"}],"about":[{"href":"https:\/\/enolife.com.ar\/es\/wp-json\/wp\/v2\/types\/post"}],"author":[{"embeddable":true,"href":"https:\/\/enolife.com.ar\/es\/wp-json\/wp\/v2\/users\/2"}],"replies":[{"embeddable":true,"href":"https:\/\/enolife.com.ar\/es\/wp-json\/wp\/v2\/comments?post=165547"}],"version-history":[{"count":0,"href":"https:\/\/enolife.com.ar\/es\/wp-json\/wp\/v2\/posts\/165547\/revisions"}],"wp:featuredmedia":[{"embeddable":true,"href":"https:\/\/enolife.com.ar\/es\/wp-json\/wp\/v2\/media\/165605"}],"wp:attachment":[{"href":"https:\/\/enolife.com.ar\/es\/wp-json\/wp\/v2\/media?parent=165547"}],"wp:term":[{"taxonomy":"category","embeddable":true,"href":"https:\/\/enolife.com.ar\/es\/wp-json\/wp\/v2\/categories?post=165547"},{"taxonomy":"post_tag","embeddable":true,"href":"https:\/\/enolife.com.ar\/es\/wp-json\/wp\/v2\/tags?post=165547"}],"curies":[{"name":"wp","href":"https:\/\/api.w.org\/{rel}","templated":true}]}}