{"id":165515,"date":"2025-10-02T10:55:34","date_gmt":"2025-10-02T10:55:34","guid":{"rendered":"https:\/\/enolife.com.ar\/es\/?p=165515"},"modified":"2025-10-02T23:53:35","modified_gmt":"2025-10-02T23:53:35","slug":"estabilizando-argentina-en-un-mundo-inestable-la-charla-de-malamud-en-el-foro-el-futuro-del-vino","status":"publish","type":"post","link":"https:\/\/enolife.com.ar\/es\/estabilizando-argentina-en-un-mundo-inestable-la-charla-de-malamud-en-el-foro-el-futuro-del-vino\/","title":{"rendered":"\u00abEstabilizando Argentina en un mundo inestable\u00bb, charla de Malamud en el foro El Futuro del Vino"},"content":{"rendered":"\n<h4 class=\"wp-block-heading\"><em><strong>El\u00a08 de noviembre de 2025, en la provincia de\u00a0Mendoza,\u00a0expertos en distintas \u00e1reas de la vitivinicultura y la econom\u00eda, compartir\u00e1n informaci\u00f3n de alt\u00edsima calidad para comprender qu\u00e9 ejes marcan\u00a0el futuro del vino en el mercado argentino. Organizada por el Fondo Vitivin\u00edcola Argentino, la jornada contar\u00e1 con disertantes como Yvette Van Der Merwe, presidenta de la Organizaci\u00f3n Internacional de la Vid y el Vino;\u00a0Guillermo Oliveto, consultor y experto en consumo y negocios; Carolina N\u00fa\u00f1ez\u00a0de la consultora World panel By Numerator y el reconocido polit\u00f3logo Andr\u00e9s Malamud, quien analizar\u00e1 la posici\u00f3n de Argentina en un mundo inestable.<\/strong><\/em><\/h4>\n\n\n\n<div style=\"height:35px\" aria-hidden=\"true\" class=\"wp-block-spacer\"><\/div>\n\n\n\n\n\n<div style=\"height:45px\" aria-hidden=\"true\" class=\"wp-block-spacer\"><\/div>\n\n\n\n<p>En la tercera edici\u00f3n de el Foro \u00abEl Futro del Vino Argentino\u00bb -organizado por el<strong>&nbsp;Fondo Vitivin\u00edcola<\/strong>, con el apoyo de la<strong>&nbsp;Corporaci\u00f3n Vitivin\u00edcola<\/strong> <strong>Argentina<\/strong>&nbsp;y el patrocinio de la <strong>Organizaci\u00f3n Internacional de la Vid y el Vino<\/strong>&#8211; los oradores expondr\u00e1n estudios de mercado, tendencias y el an\u00e1lisis de las tensiones y las relaciones de fuerza que desde la geopol\u00edtica y las pol\u00edticas comerciales dejan su impronta en el negocio mundial del vino. La cita es en el <strong>Sal\u00f3n de Grado de la Facultad de Ciencias Econ\u00f3micas de la Universidad Nacional de Cuyo,<\/strong> el <strong>8 de noviembre de 8.30 a 13.30 hs. <\/strong><\/p>\n\n\n\n<p class=\"has-black-color has-text-color has-background has-link-color wp-elements-9226f2c0b894b0976c6213757b264099\" style=\"background-color:#abb7c247\"><strong>La preventa de entradas, con un valor de $20.000, finaliza el 10 de octubre y pueden adquirirse <a href=\"https:\/\/stelladottavio.us9.list-manage.com\/track\/click?u=e8379169ef67a32079b0b1776&amp;id=11ea3bc106&amp;e=3b61811da3\">AQU\u00cd <\/a><\/strong><\/p>\n\n\n\n<div style=\"height:45px\" aria-hidden=\"true\" class=\"wp-block-spacer\"><\/div>\n\n\n\n<p class=\"has-medium-font-size\"><strong>Andr\u00e9s Malamud, una mirada al mundo en tensi\u00f3n<\/strong><\/p>\n\n\n<div class=\"wp-block-image\">\n<figure class=\"alignleft size-full is-resized\"><a href=\"https:\/\/enolife.com.ar\/es\/wp-content\/uploads\/2025\/10\/unnamed8.jpg\" data-rel=\"penci-gallery-image-content\" ><img loading=\"lazy\" decoding=\"async\" width=\"331\" height=\"400\" src=\"https:\/\/enolife.com.ar\/es\/wp-content\/uploads\/2025\/10\/unnamed8.jpg\" alt=\"\" class=\"wp-image-165540\" style=\"width:209px;height:auto\" srcset=\"https:\/\/enolife.com.ar\/es\/wp-content\/uploads\/2025\/10\/unnamed8.jpg 331w, https:\/\/enolife.com.ar\/es\/wp-content\/uploads\/2025\/10\/unnamed8-248x300.jpg 248w\" sizes=\"auto, (max-width: 331px) 100vw, 331px\" \/><\/a><\/figure><\/div>\n\n\n<p><strong>\u00abEstabilizando Argentina en un mundo inestable\u00bb&nbsp;<\/strong>ser\u00e1 el t\u00edtulo de la conferencia de Andr\u00e9s Malamud, polilt\u00f3logo argentino experto en relaciones internacionales y con una mirada profunda hacia los cambios y las tensiones mundiales.<\/p>\n\n\n\n<p>En su presentaci\u00f3n Malamud describir\u00e1 las tres disrupciones mundiales en curso: demogr\u00e1fica, geogr\u00e1fica y tecnol\u00f3gica. <em>\u00abCon ese trasfondo, las reglas multilaterales son remplazadas por la ley del m\u00e1s fuerte y Argentina busca subirse al carro del vencedor. Saldr\u00e1 bien la apuesta \u00abtodo al naranja\u00bb (Trump) o habr\u00eda que ponerle unas fichas al rojo (China)\u00bb,<\/em> plantea el polit\u00f3logo argentino radicado en Portugal, investigador de la Universidad de Lisboa y referente internacional en el mundo acad\u00e9mico y del an\u00e1lisis de los cambios y las tensiones que modelan el mundo actual.<\/p>\n\n\n\n<div style=\"height:45px\" aria-hidden=\"true\" class=\"wp-block-spacer\"><\/div>\n\n\n\n<p class=\"has-medium-font-size\"><strong>Disertantes de lujo<\/strong><\/p>\n\n\n\n<p>Junto a Andr\u00e9s Malamud, la grilla de expositores se completa con los siguientes oradores:&nbsp;<strong>Yvette Van Der Merwe<\/strong>, presidenta de la Organizaci\u00f3n Internacional de la Vid y el Vino;&nbsp;<strong>Guillermo Oliveto<\/strong>, consultor y experto en consumo y negocios; y&nbsp;<strong>Carolina Nu\u00f1ez<\/strong>&nbsp;de la consultora World panel By Numerator quien presentar\u00e1 un estudio sobre las oportunidades de mercado para los vinos de baja graduaci\u00f3n alcoh\u00f3lica.<\/p>\n\n\n\n<div style=\"height:35px\" aria-hidden=\"true\" class=\"wp-block-spacer\"><\/div>\n\n\n<div class=\"wp-block-image\">\n<figure class=\"aligncenter size-large is-resized\"><a href=\"https:\/\/enolife.com.ar\/es\/wp-content\/uploads\/2025\/10\/Imagen1.jpg\" data-rel=\"penci-gallery-image-content\" ><img loading=\"lazy\" decoding=\"async\" width=\"1024\" height=\"374\" src=\"https:\/\/enolife.com.ar\/es\/wp-content\/uploads\/2025\/10\/Imagen1-1024x374.jpg\" alt=\"\" class=\"wp-image-165538\" style=\"width:768px;height:auto\" srcset=\"https:\/\/enolife.com.ar\/es\/wp-content\/uploads\/2025\/10\/Imagen1-1024x374.jpg 1024w, https:\/\/enolife.com.ar\/es\/wp-content\/uploads\/2025\/10\/Imagen1-300x110.jpg 300w, https:\/\/enolife.com.ar\/es\/wp-content\/uploads\/2025\/10\/Imagen1-768x281.jpg 768w, https:\/\/enolife.com.ar\/es\/wp-content\/uploads\/2025\/10\/Imagen1-1170x428.jpg 1170w, https:\/\/enolife.com.ar\/es\/wp-content\/uploads\/2025\/10\/Imagen1-585x214.jpg 585w, https:\/\/enolife.com.ar\/es\/wp-content\/uploads\/2025\/10\/Imagen1.jpg 1368w\" sizes=\"auto, (max-width: 1024px) 100vw, 1024px\" \/><\/a><\/figure><\/div>\n\n\n<div style=\"height:45px\" aria-hidden=\"true\" class=\"wp-block-spacer\"><\/div>\n\n\n\n<p class=\"has-medium-font-size\"><strong>Programa de la jornada<\/strong><\/p>\n\n\n\n<ul class=\"wp-block-list\">\n<li><strong>8.30: <\/strong>Recepci\u00f3n y acreditaciones<\/li>\n\n\n\n<li><strong>8.50:<\/strong>&nbsp;Palabras de bienvenida<\/li>\n\n\n\n<li><strong>9.00:<\/strong>&nbsp;Conferencia de&nbsp;<strong>Andr\u00e9s Malamud<\/strong>.&nbsp;<em>\u00abEstabilizando Argentina en un mundo inestable\u00bb<\/em>.<\/li>\n\n\n\n<li><strong>9.50:<\/strong>&nbsp;Conferencia de&nbsp;<strong>Yvette Van der Merwe<\/strong>, presidenta de la OIV(Organizaci\u00f3n Internacional de la Vid y el Vino):&nbsp;<em>\u00abEconom\u00eda del vino.Tendencias en la oferta y la demanda en el contexto de sustentabilidad e innovaci\u00f3n\u00bb<\/em>.<\/li>\n\n\n\n<li><strong>10.45:<\/strong>&nbsp;Break<\/li>\n\n\n\n<li><strong>11.15:<\/strong>&nbsp;<strong>Carolina Nu\u00f1ez<\/strong>, consultora World panel by Numerator presentar\u00e1 el&nbsp;<em>\u00abEstudio sobre las oportunidades de mercado para los vinos debaja graduaci\u00f3n alcoh\u00f3lica en Argentina\u00bb.<\/em><\/li>\n\n\n\n<li><strong>12.00:<\/strong>&nbsp;Conferencia de&nbsp;<strong>Guillermo Oliveto<\/strong>. \u00abEntre el alcohol y el no alcohol. Percepciones, oportunidades y barreras en el consumo del vinos\u00bb.<\/li>\n\n\n\n<li><strong>12.50:<\/strong>&nbsp;Preguntas del auditorio<\/li>\n\n\n\n<li><strong>13.30:<\/strong>&nbsp;Coctel y networking<\/li>\n<\/ul>\n\n\n\n<p class=\"has-background\" style=\"background-color:#abb7c24a\"><strong>M\u00e1s informaci\u00f3n en&nbsp;<a href=\"https:\/\/stelladottavio.us9.list-manage.com\/track\/click?u=e8379169ef67a32079b0b1776&amp;id=8b3239dd15&amp;e=3b61811da3\" target=\"_blank\" rel=\"noreferrer noopener\">www.elfuturodelvinoargentino.ar<\/a><\/strong><\/p>\n\n\n\n<p><\/p>\n","protected":false},"excerpt":{"rendered":"<p>El\u00a08 de noviembre de 2025, en la provincia de\u00a0Mendoza,\u00a0expertos en distintas \u00e1reas de la vitivinicultura&hellip;<\/p>\n","protected":false},"author":2,"featured_media":165543,"comment_status":"closed","ping_status":"open","sticky":false,"template":"","format":"standard","meta":{"footnotes":""},"categories":[47],"tags":[],"class_list":["post-165515","post","type-post","status-publish","format-standard","has-post-thumbnail","hentry","category-agenda"],"_links":{"self":[{"href":"https:\/\/enolife.com.ar\/es\/wp-json\/wp\/v2\/posts\/165515","targetHints":{"allow":["GET"]}}],"collection":[{"href":"https:\/\/enolife.com.ar\/es\/wp-json\/wp\/v2\/posts"}],"about":[{"href":"https:\/\/enolife.com.ar\/es\/wp-json\/wp\/v2\/types\/post"}],"author":[{"embeddable":true,"href":"https:\/\/enolife.com.ar\/es\/wp-json\/wp\/v2\/users\/2"}],"replies":[{"embeddable":true,"href":"https:\/\/enolife.com.ar\/es\/wp-json\/wp\/v2\/comments?post=165515"}],"version-history":[{"count":0,"href":"https:\/\/enolife.com.ar\/es\/wp-json\/wp\/v2\/posts\/165515\/revisions"}],"wp:featuredmedia":[{"embeddable":true,"href":"https:\/\/enolife.com.ar\/es\/wp-json\/wp\/v2\/media\/165543"}],"wp:attachment":[{"href":"https:\/\/enolife.com.ar\/es\/wp-json\/wp\/v2\/media?parent=165515"}],"wp:term":[{"taxonomy":"category","embeddable":true,"href":"https:\/\/enolife.com.ar\/es\/wp-json\/wp\/v2\/categories?post=165515"},{"taxonomy":"post_tag","embeddable":true,"href":"https:\/\/enolife.com.ar\/es\/wp-json\/wp\/v2\/tags?post=165515"}],"curies":[{"name":"wp","href":"https:\/\/api.w.org\/{rel}","templated":true}]}}