{"id":165217,"date":"2025-09-30T00:52:44","date_gmt":"2025-09-30T00:52:44","guid":{"rendered":"https:\/\/enolife.com.ar\/es\/?p=165217"},"modified":"2025-10-01T22:18:41","modified_gmt":"2025-10-01T22:18:41","slug":"encuentro-iberoamericano-de-levaduras-fermentis-convoco-a-pensar-el-futuro-de-la-fermentacion","status":"publish","type":"post","link":"https:\/\/enolife.com.ar\/es\/encuentro-iberoamericano-de-levaduras-fermentis-convoco-a-pensar-el-futuro-de-la-fermentacion\/","title":{"rendered":"Encuentro Iberoamericano de Levaduras: Fermentis convoc\u00f3 a pensar el futuro de la fermentaci\u00f3n"},"content":{"rendered":"\n<h4 class=\"wp-block-heading\"><em><strong>M\u00e1s de 50 cerveceros de Am\u00e9rica Latina y Espa\u00f1a se reunieron en el Primer Encuentro Iberoamericano de Levaduras, organizado por la empresa Fermentis, unidad de negocios del grupo Lessafre. La reuni\u00f3n constituy\u00f3 un espacio gratuito in\u00e9dito para compartir experiencias, aprender de los principales expertos en fermentaci\u00f3n y explorar las \u00faltimas tendencias del sector<\/strong><\/em><strong><em>.<\/em><\/strong><\/h4>\n\n\n\n<div style=\"height:35px\" aria-hidden=\"true\" class=\"wp-block-spacer\"><\/div>\n\n\n<a href=\"https:\/\/fermentis.com\/es\/\" aria-label=\"FERMENTIS 1700X500\"><img loading=\"lazy\" decoding=\"async\" src=\"https:\/\/enolife.com.ar\/es\/wp-content\/uploads\/2025\/05\/FERMENTIS-1700X500.gif\" alt=\"\"  width=\"1700\" height=\"500\"   \/><\/a>\n\n\n<div style=\"height:45px\" aria-hidden=\"true\" class=\"wp-block-spacer\"><\/div>\n\n\n\n<p>Organizado por <strong>Fermentis<\/strong>, unidad de negocios de <strong>Lessaffre <\/strong>-lider mundial en fermentaci\u00f3n &#8211; el encuentro se llev\u00f3 a cabo durante dos jornadas intensas en el campus de la empresa en <strong>Lille, Francia.<\/strong> Con un programa acad\u00e9mico de primer nivel, el congreso combin\u00f3 ciencia, t\u00e9cnica y comunidad.<\/p>\n\n\n\n<p>A lo largo de las sesiones del primer d\u00eda, se abordaron innovaciones en fermentaci\u00f3n y biotransformaci\u00f3n, a cargo de <strong>Eduardo Liza D\u00edaz (Fermentis R+D)<\/strong>, y se profundiz\u00f3 en el mundo de las maltas con la participaci\u00f3n de <strong>Caldic on Weyermann Malts. <\/strong>Los talleres sensoriales, dirigidos por <strong>Coline Leriche<\/strong>, permitieron explorar la ciencia del sabor en catas guiadas que estimularon la percepci\u00f3n de aromas y matices.<\/p>\n\n\n\n<div style=\"height:35px\" aria-hidden=\"true\" class=\"wp-block-spacer\"><\/div>\n\n\n\n<figure class=\"wp-block-gallery aligncenter has-nested-images columns-default is-cropped wp-block-gallery-1 is-layout-flex wp-block-gallery-is-layout-flex\">\n<figure class=\"wp-block-image size-full\"><a href=\"https:\/\/enolife.com.ar\/es\/wp-content\/uploads\/2025\/09\/fermentis-levaduras3.jpeg\" data-rel=\"penci-gallery-image-content\" ><img loading=\"lazy\" decoding=\"async\" width=\"478\" height=\"266\" data-id=\"165223\" src=\"https:\/\/enolife.com.ar\/es\/wp-content\/uploads\/2025\/09\/fermentis-levaduras3.jpeg\" alt=\"\" class=\"wp-image-165223\" srcset=\"https:\/\/enolife.com.ar\/es\/wp-content\/uploads\/2025\/09\/fermentis-levaduras3.jpeg 478w, https:\/\/enolife.com.ar\/es\/wp-content\/uploads\/2025\/09\/fermentis-levaduras3-300x167.jpeg 300w\" sizes=\"auto, (max-width: 478px) 100vw, 478px\" \/><\/a><\/figure>\n\n\n\n<figure class=\"wp-block-image size-full\"><a href=\"https:\/\/enolife.com.ar\/es\/wp-content\/uploads\/2025\/09\/fermentis-levaduras2.jpeg\" data-rel=\"penci-gallery-image-content\" ><img loading=\"lazy\" decoding=\"async\" width=\"477\" height=\"261\" data-id=\"165224\" src=\"https:\/\/enolife.com.ar\/es\/wp-content\/uploads\/2025\/09\/fermentis-levaduras2.jpeg\" alt=\"\" class=\"wp-image-165224\" srcset=\"https:\/\/enolife.com.ar\/es\/wp-content\/uploads\/2025\/09\/fermentis-levaduras2.jpeg 477w, https:\/\/enolife.com.ar\/es\/wp-content\/uploads\/2025\/09\/fermentis-levaduras2-300x164.jpeg 300w\" sizes=\"auto, (max-width: 477px) 100vw, 477px\" \/><\/a><\/figure>\n<\/figure>\n\n\n\n<div style=\"height:35px\" aria-hidden=\"true\" class=\"wp-block-spacer\"><\/div>\n\n\n\n<p>Se destacaron las presentaciones de <strong>Luis Almeida (Euforia Brewery)<\/strong> sobre experiencias con cervezas sin alcohol y bajas en alcohol <strong>(Nablab)<\/strong>, tendencia en crecimiento global; la ponencia de <strong>Ricardo Sol\u00eds <\/strong>sobre la calidad de la espuma; y la exposici\u00f3n de <strong>Hern\u00e1n Castellani<\/strong> acerca de la fermentaci\u00f3n y biotransformaci\u00f3n en IPAs modernas. <strong>Diego Perrota<\/strong> profundiz\u00f3 en la desmitificaci\u00f3n de las <strong>NEIPAs<\/strong> con un enfoque pr\u00e1ctico, mientras que la mesa redonda, integrada por <strong>Marcelo Cerd\u00e1n<\/strong>, <strong>Hern\u00e1n Castellani,<\/strong> <strong>Eduardo Liza D\u00edaz<\/strong> y <strong>Ramiro Etchellet<\/strong>, gener\u00f3 un intercambio enriquecedor sobre la interacci\u00f3n entre l\u00fapulo y levadura.<\/p>\n\n\n\n<p>Adem\u00e1s, no pod\u00eda faltar una experiencia de networking inolvidable: una cena-crucero que recorri\u00f3 Lille, fomentando la conexi\u00f3n entre colegas de distintos pa\u00edses.<\/p>\n\n\n\n<p>Durante la segunda jornada, la programaci\u00f3n incluy\u00f3 la ponencia de <strong>Juan Ignacio Eizaguirre (Weihenstephan R+D)<\/strong> sobre el origen y evoluci\u00f3n de las levaduras lager, seguida de la cata<strong> SafLager<\/strong> conducida por <strong>Napole\u00f3n Bonyouchoa (Fermentis). <\/strong>Tambi\u00e9n se present\u00f3 la conferencia de <strong>Marcelo Cerd\u00e1n<\/strong> acerca de la nutrici\u00f3n de levaduras, uno de los puntos clave para la calidad de fermentaci\u00f3n. El encuentro culmin\u00f3 con una visita a la hist\u00f3rica cervecer\u00eda <strong>Rodenbach<\/strong>, en <strong>B\u00e9lgica,<\/strong> donde los asistentes conocieron de cerca procesos tradicionales que marcaron la identidad cervecera europea.<\/p>\n\n\n\n<div style=\"height:35px\" aria-hidden=\"true\" class=\"wp-block-spacer\"><\/div>\n\n\n\n<figure class=\"wp-block-gallery has-nested-images columns-default is-cropped wp-block-gallery-2 is-layout-flex wp-block-gallery-is-layout-flex\">\n<figure class=\"wp-block-image size-large\"><a href=\"https:\/\/enolife.com.ar\/es\/wp-content\/uploads\/2025\/09\/image-82.png\" data-rel=\"penci-gallery-image-content\" ><img loading=\"lazy\" decoding=\"async\" width=\"1024\" height=\"768\" data-id=\"165230\" src=\"https:\/\/enolife.com.ar\/es\/wp-content\/uploads\/2025\/09\/image-82-1024x768.png\" alt=\"\" class=\"wp-image-165230\" srcset=\"https:\/\/enolife.com.ar\/es\/wp-content\/uploads\/2025\/09\/image-82-1024x768.png 1024w, https:\/\/enolife.com.ar\/es\/wp-content\/uploads\/2025\/09\/image-82-300x225.png 300w, https:\/\/enolife.com.ar\/es\/wp-content\/uploads\/2025\/09\/image-82-768x576.png 768w, https:\/\/enolife.com.ar\/es\/wp-content\/uploads\/2025\/09\/image-82-1170x878.png 1170w, https:\/\/enolife.com.ar\/es\/wp-content\/uploads\/2025\/09\/image-82-585x439.png 585w, https:\/\/enolife.com.ar\/es\/wp-content\/uploads\/2025\/09\/image-82.png 1500w\" sizes=\"auto, (max-width: 1024px) 100vw, 1024px\" \/><\/a><\/figure>\n\n\n\n<figure class=\"wp-block-image size-large\"><a href=\"https:\/\/enolife.com.ar\/es\/wp-content\/uploads\/2025\/09\/image-83.png\" data-rel=\"penci-gallery-image-content\" ><img loading=\"lazy\" decoding=\"async\" width=\"1024\" height=\"768\" data-id=\"165231\" src=\"https:\/\/enolife.com.ar\/es\/wp-content\/uploads\/2025\/09\/image-83-1024x768.png\" alt=\"\" class=\"wp-image-165231\" srcset=\"https:\/\/enolife.com.ar\/es\/wp-content\/uploads\/2025\/09\/image-83-1024x768.png 1024w, https:\/\/enolife.com.ar\/es\/wp-content\/uploads\/2025\/09\/image-83-300x225.png 300w, https:\/\/enolife.com.ar\/es\/wp-content\/uploads\/2025\/09\/image-83-768x576.png 768w, https:\/\/enolife.com.ar\/es\/wp-content\/uploads\/2025\/09\/image-83-1170x878.png 1170w, https:\/\/enolife.com.ar\/es\/wp-content\/uploads\/2025\/09\/image-83-585x439.png 585w, https:\/\/enolife.com.ar\/es\/wp-content\/uploads\/2025\/09\/image-83.png 1500w\" sizes=\"auto, (max-width: 1024px) 100vw, 1024px\" \/><\/a><\/figure>\n<\/figure>\n\n\n\n<div style=\"height:35px\" aria-hidden=\"true\" class=\"wp-block-spacer\"><\/div>\n\n\n\n<p><em>\u00abEn Fermentis creemos que las mejores cervezas no nacen solo de ingredientes de calidad, sino tambi\u00e9n de conexiones humanas aut\u00e9nticas. Este encuentro nos permiti\u00f3 acercar a cerveceros iberoamericanos, fortalecer la comunidad y abrir el di\u00e1logo sobre el futuro de la fermentaci\u00f3n\u00bb<\/em>, expres\u00f3 <strong>Napole\u00f3n Bonyouchoa, <\/strong>representante de Fermentis del mercado Latam Norte.<\/p>\n\n\n\n<p>La primera edici\u00f3n del congreso super\u00f3 todas las expectativas: los cupos se agotaron en pocas semanas y la convocatoria tuvo una respuesta entusiasta de toda la regi\u00f3n. Por ese motivo, Fermentis ya confirm\u00f3 que el Encuentro Iberoamericano de Levaduras tendr\u00e1 continuidad en 2026.<\/p>\n\n\n\n<div style=\"height:35px\" aria-hidden=\"true\" class=\"wp-block-spacer\"><\/div>\n\n\n\n<figure class=\"wp-block-gallery has-nested-images columns-default is-cropped wp-block-gallery-3 is-layout-flex wp-block-gallery-is-layout-flex\">\n<figure class=\"wp-block-image size-large\"><a href=\"https:\/\/enolife.com.ar\/es\/wp-content\/uploads\/2025\/09\/image-81.png\" data-rel=\"penci-gallery-image-content\" ><img loading=\"lazy\" decoding=\"async\" width=\"1024\" height=\"768\" data-id=\"165226\" src=\"https:\/\/enolife.com.ar\/es\/wp-content\/uploads\/2025\/09\/image-81-1024x768.png\" alt=\"\" class=\"wp-image-165226\" srcset=\"https:\/\/enolife.com.ar\/es\/wp-content\/uploads\/2025\/09\/image-81-1024x768.png 1024w, https:\/\/enolife.com.ar\/es\/wp-content\/uploads\/2025\/09\/image-81-300x225.png 300w, https:\/\/enolife.com.ar\/es\/wp-content\/uploads\/2025\/09\/image-81-768x576.png 768w, https:\/\/enolife.com.ar\/es\/wp-content\/uploads\/2025\/09\/image-81-1170x878.png 1170w, https:\/\/enolife.com.ar\/es\/wp-content\/uploads\/2025\/09\/image-81-585x439.png 585w, https:\/\/enolife.com.ar\/es\/wp-content\/uploads\/2025\/09\/image-81.png 1500w\" sizes=\"auto, (max-width: 1024px) 100vw, 1024px\" \/><\/a><\/figure>\n\n\n\n<figure class=\"wp-block-image size-large\"><a href=\"https:\/\/enolife.com.ar\/es\/wp-content\/uploads\/2025\/09\/Imagen1-35.jpg\" data-rel=\"penci-gallery-image-content\" ><img loading=\"lazy\" decoding=\"async\" width=\"536\" height=\"411\" data-id=\"165227\" src=\"https:\/\/enolife.com.ar\/es\/wp-content\/uploads\/2025\/09\/Imagen1-35.jpg\" alt=\"\" class=\"wp-image-165227\" srcset=\"https:\/\/enolife.com.ar\/es\/wp-content\/uploads\/2025\/09\/Imagen1-35.jpg 536w, https:\/\/enolife.com.ar\/es\/wp-content\/uploads\/2025\/09\/Imagen1-35-300x230.jpg 300w\" sizes=\"auto, (max-width: 536px) 100vw, 536px\" \/><\/a><\/figure>\n<\/figure>\n\n\n\n<div style=\"height:35px\" aria-hidden=\"true\" class=\"wp-block-spacer\"><\/div>\n\n\n\n<p><em>\u00abPara los cerveceros argentinos, esta ser\u00e1 una oportunidad \u00fanica de participar en un espacio de formaci\u00f3n internacional, gratuito y exclusivo, donde se abordan las tendencias m\u00e1s relevantes de la industria y se tejen redes con colegas de Iberoam\u00e9rica\u00bb<\/em>, agreg\u00f3 <strong>Diego Perrotta, <\/strong>representante de Fermentis del mercado Latam Sur.<\/p>\n\n\n\n<p>El pr\u00f3ximo a\u00f1o, los profesionales de Argentina y todo Latam tendr\u00e1n nuevamente la posibilidad de postularse y ser parte de una experiencia que trasciende lo acad\u00e9mico para convertirse en un verdadero punto de encuentro de la innovaci\u00f3n cervecera. Los interesados, podr\u00e1n obtener m\u00e1s informaci\u00f3n en las redes sociales de Fermentis a mitad de 2026 en: <strong><a href=\"https:\/\/www.facebook.com\/Fermentis\/\">Facebook <\/a> &#8211; <a href=\"https:\/\/www.instagram.com\/fermentisbylesaffre\/\">Instagram<\/a> &#8211; <a href=\"https:\/\/fr.linkedin.com\/showcase\/fermentis\">LinkedIn<\/a><\/strong><\/p>\n\n\n\n<div style=\"height:37px\" aria-hidden=\"true\" class=\"wp-block-spacer\"><\/div>\n","protected":false},"excerpt":{"rendered":"<p>M\u00e1s de 50 cerveceros de Am\u00e9rica Latina y Espa\u00f1a se reunieron en el Primer Encuentro&hellip;<\/p>\n","protected":false},"author":2,"featured_media":165222,"comment_status":"closed","ping_status":"open","sticky":false,"template":"","format":"standard","meta":{"footnotes":""},"categories":[14],"tags":[],"class_list":["post-165217","post","type-post","status-publish","format-standard","has-post-thumbnail","hentry","category-news"],"_links":{"self":[{"href":"https:\/\/enolife.com.ar\/es\/wp-json\/wp\/v2\/posts\/165217","targetHints":{"allow":["GET"]}}],"collection":[{"href":"https:\/\/enolife.com.ar\/es\/wp-json\/wp\/v2\/posts"}],"about":[{"href":"https:\/\/enolife.com.ar\/es\/wp-json\/wp\/v2\/types\/post"}],"author":[{"embeddable":true,"href":"https:\/\/enolife.com.ar\/es\/wp-json\/wp\/v2\/users\/2"}],"replies":[{"embeddable":true,"href":"https:\/\/enolife.com.ar\/es\/wp-json\/wp\/v2\/comments?post=165217"}],"version-history":[{"count":0,"href":"https:\/\/enolife.com.ar\/es\/wp-json\/wp\/v2\/posts\/165217\/revisions"}],"wp:featuredmedia":[{"embeddable":true,"href":"https:\/\/enolife.com.ar\/es\/wp-json\/wp\/v2\/media\/165222"}],"wp:attachment":[{"href":"https:\/\/enolife.com.ar\/es\/wp-json\/wp\/v2\/media?parent=165217"}],"wp:term":[{"taxonomy":"category","embeddable":true,"href":"https:\/\/enolife.com.ar\/es\/wp-json\/wp\/v2\/categories?post=165217"},{"taxonomy":"post_tag","embeddable":true,"href":"https:\/\/enolife.com.ar\/es\/wp-json\/wp\/v2\/tags?post=165217"}],"curies":[{"name":"wp","href":"https:\/\/api.w.org\/{rel}","templated":true}]}}