{"id":165014,"date":"2025-09-29T16:12:54","date_gmt":"2025-09-29T16:12:54","guid":{"rendered":"https:\/\/enolife.com.ar\/es\/?p=165014"},"modified":"2025-10-01T00:07:11","modified_gmt":"2025-10-01T00:07:11","slug":"expondran-dos-expertos-mendocinos-en-la-cumbre-mundial-de-enoturismo-de-bulgaria-6-y-7-10","status":"publish","type":"post","link":"https:\/\/enolife.com.ar\/es\/expondran-dos-expertos-mendocinos-en-la-cumbre-mundial-de-enoturismo-de-bulgaria-6-y-7-10\/","title":{"rendered":"Expondr\u00e1n dos expertos mendocinos en la cumbre mundial de enoturismo de Bulgaria, 6 y 7\/10"},"content":{"rendered":"\n<h4 class=\"wp-block-heading\"><em><strong>Los d\u00edas 6 y 7 de octubre de 2025 se realizar\u00e1 en <\/strong><\/em><em><strong>Bulgaria la 9\u00aa Conferencia Mundial de sobre Turismo del Vino, organizada en conjunto por el Ministerio de Turismo b\u00falgaro y la Organizaci\u00f3n Mundial del Turismo (OMT), bajo el lema \u00abEl arte del turismo del vino\u00bb. La ciudad anfitriona ser\u00e1 Plovdiv, con 5.000 a\u00f1os de tradici\u00f3n vitivin\u00edcola, designada recientemente como la capital europea del vino. Entre los 21 conferencistas internacionales, Argentina estar\u00e1 representada por Francisco Bragoni -gerente de Hospitalidad y Enoturismo de Bodega Salentein de Mendoza- y por Vanina Manini -gerente de Experiencia en la Finca El Para\u00edso, de la Bodega Luigi Bosca, tambi\u00e9n de Mendoza.<\/strong><\/em><\/h4>\n\n\n\n<div style=\"height:35px\" aria-hidden=\"true\" class=\"wp-block-spacer\"><\/div>\n\n\n\n\n\n<div style=\"height:45px\" aria-hidden=\"true\" class=\"wp-block-spacer\"><\/div>\n\n\n<div class=\"wp-block-image\">\n<figure class=\"alignleft size-full is-resized\"><a href=\"https:\/\/enolife.com.ar\/es\/wp-content\/uploads\/2025\/09\/image-58.png\" data-rel=\"penci-gallery-image-content\" ><img loading=\"lazy\" decoding=\"async\" width=\"850\" height=\"581\" src=\"https:\/\/enolife.com.ar\/es\/wp-content\/uploads\/2025\/09\/image-58.png\" alt=\"\" class=\"wp-image-165075\" style=\"width:264px;height:auto\" srcset=\"https:\/\/enolife.com.ar\/es\/wp-content\/uploads\/2025\/09\/image-58.png 850w, https:\/\/enolife.com.ar\/es\/wp-content\/uploads\/2025\/09\/image-58-300x205.png 300w, https:\/\/enolife.com.ar\/es\/wp-content\/uploads\/2025\/09\/image-58-768x525.png 768w, https:\/\/enolife.com.ar\/es\/wp-content\/uploads\/2025\/09\/image-58-585x400.png 585w\" sizes=\"auto, (max-width: 850px) 100vw, 850px\" \/><\/a><\/figure><\/div>\n\n\n<p>La denominada <strong>\u00ab9\u00aa Conferencia Mundial de Naciones Unidas sobre Turismo del Vino\u00bb<\/strong> es una iniciativa conjunta de la <strong>Organizaci\u00f3n Mundial del Turismo (OMT)<\/strong> y del <strong>Ministerio de Turismo<\/strong> b\u00falgaro. Este encuentro global representa una oportunidad para que los expertos del creciente campo del enoturismo trabajen juntos para encontrar soluciones concretas que hagan del turismo un facilitador del camino hacia un futuro m\u00e1s sostenible, inclusivo y resiliente para las comunidades. La edici\u00f3n 2025 se realizar\u00e1 en <strong>Plovdiv, Bulgaria<\/strong>, los d\u00edas 6 y 7 de octubre de 2025, bajo el lema <strong><em>\u00abEl arte del turismo del vino\u00bb.<\/em><\/strong><\/p>\n\n\n\n<p>Las conferencias ser\u00e1n dictadas por oradores y expertos internacionales de renombre, provenientes de <strong>Bulgaria, Chile, Espa\u00f1a, Turqu\u00eda, Grecia, Giorgia, Portugal, Alemania, Italia, Francia, Australia, Sud\u00e1frica y Argentina<\/strong>; nuestro pa\u00eds representado por <strong>Francisco Bragoni,<\/strong> gerente de Hospitalidad y Enoturismo de <strong>Bodega Salentein<\/strong> de <strong>Mendoza<\/strong>; y <strong>Vanina Manini,<\/strong> gerente de Experiencia en la Finca El Para\u00edso de la <strong>Bodega Luigi Bosca, <\/strong>tambi\u00e9n de<strong> Mendoza.<\/strong><\/p>\n\n\n\n<div style=\"height:35px\" aria-hidden=\"true\" class=\"wp-block-spacer\"><\/div>\n\n\n\n<figure class=\"wp-block-gallery has-nested-images columns-default is-cropped wp-block-gallery-1 is-layout-flex wp-block-gallery-is-layout-flex\">\n<figure class=\"wp-block-image size-full\"><a href=\"https:\/\/enolife.com.ar\/es\/wp-content\/uploads\/2025\/09\/image-78.png\" data-rel=\"penci-gallery-image-content\" ><img loading=\"lazy\" decoding=\"async\" width=\"1024\" height=\"576\" data-id=\"165135\" src=\"https:\/\/enolife.com.ar\/es\/wp-content\/uploads\/2025\/09\/image-78.png\" alt=\"\" class=\"wp-image-165135\" srcset=\"https:\/\/enolife.com.ar\/es\/wp-content\/uploads\/2025\/09\/image-78.png 1024w, https:\/\/enolife.com.ar\/es\/wp-content\/uploads\/2025\/09\/image-78-300x169.png 300w, https:\/\/enolife.com.ar\/es\/wp-content\/uploads\/2025\/09\/image-78-768x432.png 768w, https:\/\/enolife.com.ar\/es\/wp-content\/uploads\/2025\/09\/image-78-585x329.png 585w\" sizes=\"auto, (max-width: 1024px) 100vw, 1024px\" \/><\/a><figcaption class=\"wp-element-caption\"><strong><em> Francisco Bragoni &#8211; Bodega Salentein<\/em><\/strong><\/figcaption><\/figure>\n\n\n\n<figure class=\"wp-block-image size-full\"><a href=\"https:\/\/enolife.com.ar\/es\/wp-content\/uploads\/2025\/09\/image-77.png\" data-rel=\"penci-gallery-image-content\" ><img loading=\"lazy\" decoding=\"async\" width=\"876\" height=\"770\" data-id=\"165134\" src=\"https:\/\/enolife.com.ar\/es\/wp-content\/uploads\/2025\/09\/image-77.png\" alt=\"\" class=\"wp-image-165134\" srcset=\"https:\/\/enolife.com.ar\/es\/wp-content\/uploads\/2025\/09\/image-77.png 876w, https:\/\/enolife.com.ar\/es\/wp-content\/uploads\/2025\/09\/image-77-300x264.png 300w, https:\/\/enolife.com.ar\/es\/wp-content\/uploads\/2025\/09\/image-77-768x675.png 768w, https:\/\/enolife.com.ar\/es\/wp-content\/uploads\/2025\/09\/image-77-585x514.png 585w\" sizes=\"auto, (max-width: 876px) 100vw, 876px\" \/><\/a><figcaption class=\"wp-element-caption\"><strong><em>Vanina Manini &#8211; Bodega Luigi Bosca.<\/em><\/strong><\/figcaption><\/figure>\n<\/figure>\n\n\n\n<div style=\"height:45px\" aria-hidden=\"true\" class=\"wp-block-spacer\"><\/div>\n\n\n\n<p class=\"has-medium-font-size\"><strong>La ciudad anfitriona<\/strong><\/p>\n\n\n\n<p><strong>Plovdiv<\/strong> es una ciudad donde la historia, la cultura y el vino se unen; es la <strong>Capital Europea del Vino 2025<\/strong>, donde 5.000 a\u00f1os de historia se entrelazan con vinos de clase mundial, una cultura vibrante y un impactante atractivo tur\u00edstico . En 2019, Plovdiv se convirti\u00f3 en la primera ciudad b\u00falgara en ostentar el t\u00edtulo de <strong>Capital Europea de la Cultura<\/strong>, una distinci\u00f3n que impuls\u00f3 un renacimiento cultural y mostr\u00f3 al mundo el esp\u00edritu art\u00edstico de la ciudad.<\/p>\n\n\n\n<p>Ubicada en el coraz\u00f3n del<strong> Valle de Tracia<\/strong>, bajo la sombra de siete colinas ic\u00f3nicas y atravesada con elegancia por el <strong>r\u00edo Maritsa<\/strong>, Plovdiv es la <strong>segunda ciudad m\u00e1s grande de Bulgaria<\/strong> y uno de los destinos m\u00e1s cautivadores de Europa. Con su teatro romano, calles antiguas y arquitectura del Renacimiento b\u00falgaro, esta ciudad cuenta la historia de civilizaciones -desde tracios hasta romanos, bizantinos y b\u00falgaros- que siguen vivas en cada piedra, melod\u00eda y copa de vino.<\/p>\n\n\n\n<div style=\"height:35px\" aria-hidden=\"true\" class=\"wp-block-spacer\"><\/div>\n\n\n\n<figure class=\"wp-block-gallery has-nested-images columns-default is-cropped wp-block-gallery-2 is-layout-flex wp-block-gallery-is-layout-flex\">\n<figure class=\"wp-block-image size-large\"><a href=\"https:\/\/enolife.com.ar\/es\/wp-content\/uploads\/2025\/09\/image-61.png\" data-rel=\"penci-gallery-image-content\" ><img loading=\"lazy\" decoding=\"async\" width=\"1024\" height=\"576\" data-id=\"165079\" src=\"https:\/\/enolife.com.ar\/es\/wp-content\/uploads\/2025\/09\/image-61-1024x576.png\" alt=\"\" class=\"wp-image-165079\" srcset=\"https:\/\/enolife.com.ar\/es\/wp-content\/uploads\/2025\/09\/image-61-1024x576.png 1024w, https:\/\/enolife.com.ar\/es\/wp-content\/uploads\/2025\/09\/image-61-300x169.png 300w, https:\/\/enolife.com.ar\/es\/wp-content\/uploads\/2025\/09\/image-61-768x432.png 768w, https:\/\/enolife.com.ar\/es\/wp-content\/uploads\/2025\/09\/image-61-1536x864.png 1536w, https:\/\/enolife.com.ar\/es\/wp-content\/uploads\/2025\/09\/image-61-1170x658.png 1170w, https:\/\/enolife.com.ar\/es\/wp-content\/uploads\/2025\/09\/image-61-585x329.png 585w, https:\/\/enolife.com.ar\/es\/wp-content\/uploads\/2025\/09\/image-61.png 1960w\" sizes=\"auto, (max-width: 1024px) 100vw, 1024px\" \/><\/a><\/figure>\n\n\n\n<figure class=\"wp-block-image size-large\"><a href=\"https:\/\/enolife.com.ar\/es\/wp-content\/uploads\/2025\/09\/image-62.png\" data-rel=\"penci-gallery-image-content\" ><img loading=\"lazy\" decoding=\"async\" width=\"669\" height=\"446\" data-id=\"165080\" src=\"https:\/\/enolife.com.ar\/es\/wp-content\/uploads\/2025\/09\/image-62.png\" alt=\"\" class=\"wp-image-165080\" srcset=\"https:\/\/enolife.com.ar\/es\/wp-content\/uploads\/2025\/09\/image-62.png 669w, https:\/\/enolife.com.ar\/es\/wp-content\/uploads\/2025\/09\/image-62-300x200.png 300w, https:\/\/enolife.com.ar\/es\/wp-content\/uploads\/2025\/09\/image-62-585x390.png 585w\" sizes=\"auto, (max-width: 669px) 100vw, 669px\" \/><\/a><\/figure>\n<\/figure>\n\n\n\n<div style=\"height:35px\" aria-hidden=\"true\" class=\"wp-block-spacer\"><\/div>\n\n\n\n<p>Su <strong>Casco Antiguo<\/strong> tiene una reserva arquitect\u00f3nica e hist\u00f3rica y un museo viviente de la arquitectura b\u00falgara de los siglos XVIII y XIX, con ruinas romanas y el romanticismo de sus calles empedradas. Tambi\u00e9n se puede visitar el <strong>Distrito Creativo Kapana<\/strong>, un oasis urbano lleno de innovaci\u00f3n, con talleres artesanales, galer\u00edas independientes, caf\u00e9s acogedores y bares de vino, donde la tradici\u00f3n se encuentra con el esp\u00edritu contempor\u00e1neo. Y su<strong> legado romano<\/strong>, con los escalones de m\u00e1rmol de uno de los teatros romanos antiguos mejor conservados del mundo, un anfiteatro resguardado de la vida moderna de la ciudad. Se destacan tambi\u00e9n monumentos hist\u00f3ricos como la <strong>Puerta Oriental de Filip\u00f3polis<\/strong> y <strong>Nebet Tepe<\/strong>, s\u00edmbolos eternos del patrimonio ancestral de la ciudad, que se remontan al<strong> siglo II d.C.<\/strong><\/p>\n\n\n\n<div style=\"height:45px\" aria-hidden=\"true\" class=\"wp-block-spacer\"><\/div>\n\n\n\n<p class=\"has-medium-font-size\"><strong>El para\u00edso del vino en Europa<\/strong><\/p>\n\n\n\n<p>En 2025, Plovdiv super\u00f3 a <strong>Burdeos<\/strong>, La <strong>Rioja<\/strong> y la <strong>Toscana<\/strong> para ser coronada como <strong>Capital Europea del Vino<\/strong> por la publicaci\u00f3n <strong>European Best Destinations<\/strong>, tras una votaci\u00f3n de 284.000 amantes del vino de 82 pa\u00edses, por las siguientes razones:<\/p>\n\n\n\n<ul class=\"wp-block-list\">\n<li><strong>5.000 a\u00f1os de tradici\u00f3n vin\u00edcola<\/strong>, enraizada en las costumbres tracias.<\/li>\n\n\n\n<li><strong>Cuna de la uva tinta m\u00e1s reconocida de Bulgaria, Mavrud<\/strong>, junto con joyas locales como Rubin, Pamid y Cherven Misket.<\/li>\n\n\n\n<li><strong>M\u00e1s de 17 bodegas boutique en la regi\u00f3n de Plovdiv<\/strong>, de las cuales 9 ofrecen experiencias de enoturismo que incluyen catas, picnics en vi\u00f1edos, maridajes gastron\u00f3micos e incluso bodas entre vi\u00f1edos.<\/li>\n\n\n\n<li><strong>Enoturismo urbano<\/strong>: Seis espacios vin\u00edcolas seleccionados, con catas disponibles en los ic\u00f3nicos distritos Kapana y Central de Plovdiv.<\/li>\n\n\n\n<li><strong>Anfitriona de eventos vin\u00edcolas de talla mundial <\/strong>como Vinaria Expo, el Festival Vino &amp; Gourmet (mayo) y el Desfile del Vino Joven (noviembre).<\/li>\n<\/ul>\n\n\n\n<div style=\"height:35px\" aria-hidden=\"true\" class=\"wp-block-spacer\"><\/div>\n\n\n\n<figure class=\"wp-block-gallery has-nested-images columns-default is-cropped wp-block-gallery-3 is-layout-flex wp-block-gallery-is-layout-flex\">\n<figure class=\"wp-block-image size-full\"><a href=\"https:\/\/enolife.com.ar\/es\/wp-content\/uploads\/2025\/09\/borovitza-winery.jpg\" data-rel=\"penci-gallery-image-content\" ><img loading=\"lazy\" decoding=\"async\" width=\"616\" height=\"386\" data-id=\"165088\" src=\"https:\/\/enolife.com.ar\/es\/wp-content\/uploads\/2025\/09\/borovitza-winery.jpg\" alt=\"\" class=\"wp-image-165088\" srcset=\"https:\/\/enolife.com.ar\/es\/wp-content\/uploads\/2025\/09\/borovitza-winery.jpg 616w, https:\/\/enolife.com.ar\/es\/wp-content\/uploads\/2025\/09\/borovitza-winery-300x188.jpg 300w, https:\/\/enolife.com.ar\/es\/wp-content\/uploads\/2025\/09\/borovitza-winery-585x367.jpg 585w\" sizes=\"auto, (max-width: 616px) 100vw, 616px\" \/><\/a><\/figure>\n\n\n\n<figure class=\"wp-block-image size-full\"><a href=\"https:\/\/enolife.com.ar\/es\/wp-content\/uploads\/2025\/09\/villa-vinifera-winery.jpg\" data-rel=\"penci-gallery-image-content\" ><img loading=\"lazy\" decoding=\"async\" width=\"586\" height=\"364\" data-id=\"165089\" src=\"https:\/\/enolife.com.ar\/es\/wp-content\/uploads\/2025\/09\/villa-vinifera-winery.jpg\" alt=\"\" class=\"wp-image-165089\" srcset=\"https:\/\/enolife.com.ar\/es\/wp-content\/uploads\/2025\/09\/villa-vinifera-winery.jpg 586w, https:\/\/enolife.com.ar\/es\/wp-content\/uploads\/2025\/09\/villa-vinifera-winery-300x186.jpg 300w\" sizes=\"auto, (max-width: 586px) 100vw, 586px\" \/><\/a><\/figure>\n<\/figure>\n\n\n\n<div style=\"height:45px\" aria-hidden=\"true\" class=\"wp-block-spacer\"><\/div>\n\n\n\n<p class=\"has-medium-font-size\"><strong>Programa del encuentro mundial de enoturismo <\/strong><\/p>\n\n\n\n<p><strong>Conferencias<\/strong>: Se desarrollar\u00e1n los d\u00edas <strong>6 y 7 de octubre de 2025<\/strong>, con sesiones t\u00e9cnicas, presentaciones tem\u00e1ticas, masterclasses y visitas t\u00e9cnicas. Los idiomas de la conferencia ser\u00e1n ingl\u00e9s, espa\u00f1ol, franc\u00e9s y b\u00falgaro. Se ofrecer\u00e1 interpretaci\u00f3n simult\u00e1nea en estos idiomas. <\/p>\n\n\n\n<p><strong>Masterclasses<\/strong>: Ser\u00e1n cuatro y se llevar\u00e1n a cabo en lugares emblem\u00e1ticos de Plovdiv:<\/p>\n\n\n\n<ul class=\"wp-block-list\">\n<li>Museo Etnogr\u00e1fico Regional<\/li>\n\n\n\n<li>Casa de la Cultura \u201cBoris Hristov\u201d<\/li>\n\n\n\n<li>Galer\u00eda de Arte de la Ciudad<\/li>\n\n\n\n<li>Bas\u00edlica Episcopal de Filip\u00f3polis<\/li>\n<\/ul>\n\n\n\n<p><strong>Programa social y visitas t\u00e9cnicas:<\/strong> La conferencia contar\u00e1 con un programa social especial dirigido a los participantes internacionales:<\/p>\n\n\n\n<ul class=\"wp-block-list\">\n<li><strong>Visita organizada a la Bas\u00edlica Episcopal de Filip\u00f3polis<\/strong>, seguida de tiempo libre en el Urban Wine Fest Plovdiv, que tendr\u00e1 lugar en el centro de la ciudad del 3 al 5 de octubre.<\/li>\n\n\n\n<li><strong>C\u00f3ctel de Bienvenida<\/strong>: 5 de octubre de 2025, 19.30 &#8211; Lugar: Teatro Dram\u00e1tico de Plovdiv &#8211; Abierto a todos los participantes<\/li>\n\n\n\n<li><strong>\u00d3pera y Recepci\u00f3n<\/strong>: 6 de octubre de 2025, 19.30 &#8211; Lugar: Teatro Romano de Filip\u00f3polis &#8211; Abierto a todos los participantes<\/li>\n\n\n\n<li><strong>Cena de Gala<\/strong>:  6 de octubre de 2025, 20.30 &#8211; Lugar: Grand Hotel Plovdiv &#8211; Abierto a todos los participantes internacionales y por invitaci\u00f3n para los participantes nacionales<\/li>\n\n\n\n<li><strong>Visitas T\u00e9cnicas<\/strong>:  7 de octubre de 2025, 13.30 &#8211;  Exclusivamente para participantes internacionales<\/li>\n\n\n\n<li><strong>Cena de Despedida<\/strong>: 7 de octubre de 2025, 20.00 &#8211; Exclusivamente para participantes internacionales<\/li>\n<\/ul>\n\n\n\n<div style=\"height:45px\" aria-hidden=\"true\" class=\"wp-block-spacer\"><\/div>\n\n\n\n<p class=\"has-medium-font-size\"><strong>Urban Wine Fest Plovdiv: celebraci\u00f3n de la cultura vitivin\u00edcola local<\/strong><\/p>\n\n\n\n<p>Octubre en Bulgaria es sin\u00f3nimo de celebrar el vino local y las variedades de uva aut\u00f3ctonas. Desde hace seis a\u00f1os, el 26 de octubre marca el D\u00eda Internacional del <strong>Mavrud<\/strong>, en honor a una de las uvas m\u00e1s emblem\u00e1ticas de Bulgaria. Durante este mes se ofrecen oportunidades para participar en catas en bares y tiendas de vino, cenas tem\u00e1ticas en todo el pa\u00eds, promociones en l\u00ednea y masterclasses.<\/p>\n\n\n\n<div style=\"height:35px\" aria-hidden=\"true\" class=\"wp-block-spacer\"><\/div>\n\n\n\n<figure class=\"wp-block-gallery has-nested-images columns-default is-cropped wp-block-gallery-4 is-layout-flex wp-block-gallery-is-layout-flex\">\n<figure class=\"wp-block-image size-full\"><a href=\"https:\/\/enolife.com.ar\/es\/wp-content\/uploads\/2025\/09\/image-63.png\" data-rel=\"penci-gallery-image-content\" ><img loading=\"lazy\" decoding=\"async\" width=\"1000\" height=\"525\" data-id=\"165082\" src=\"https:\/\/enolife.com.ar\/es\/wp-content\/uploads\/2025\/09\/image-63.png\" alt=\"\" class=\"wp-image-165082\" srcset=\"https:\/\/enolife.com.ar\/es\/wp-content\/uploads\/2025\/09\/image-63.png 1000w, https:\/\/enolife.com.ar\/es\/wp-content\/uploads\/2025\/09\/image-63-300x158.png 300w, https:\/\/enolife.com.ar\/es\/wp-content\/uploads\/2025\/09\/image-63-768x403.png 768w, https:\/\/enolife.com.ar\/es\/wp-content\/uploads\/2025\/09\/image-63-585x307.png 585w\" sizes=\"auto, (max-width: 1000px) 100vw, 1000px\" \/><\/a><\/figure>\n\n\n\n<figure class=\"wp-block-image size-full\"><a href=\"https:\/\/enolife.com.ar\/es\/wp-content\/uploads\/2025\/09\/5-8.jpg\" data-rel=\"penci-gallery-image-content\" ><img loading=\"lazy\" decoding=\"async\" width=\"857\" height=\"500\" data-id=\"165083\" src=\"https:\/\/enolife.com.ar\/es\/wp-content\/uploads\/2025\/09\/5-8.jpg\" alt=\"\" class=\"wp-image-165083\" srcset=\"https:\/\/enolife.com.ar\/es\/wp-content\/uploads\/2025\/09\/5-8.jpg 857w, https:\/\/enolife.com.ar\/es\/wp-content\/uploads\/2025\/09\/5-8-300x175.jpg 300w, https:\/\/enolife.com.ar\/es\/wp-content\/uploads\/2025\/09\/5-8-768x448.jpg 768w, https:\/\/enolife.com.ar\/es\/wp-content\/uploads\/2025\/09\/5-8-585x341.jpg 585w\" sizes=\"auto, (max-width: 857px) 100vw, 857px\" \/><\/a><\/figure>\n<\/figure>\n\n\n\n<div style=\"height:35px\" aria-hidden=\"true\" class=\"wp-block-spacer\"><\/div>\n\n\n\n<p>Por cuarto a\u00f1o consecutivo, la <strong>Asociaci\u00f3n B\u00falgara de Profesionales del Vino (BAWP)<\/strong> lidera las celebraciones con cinco festivales urbanos del vino en las principales ciudades. Entre ellos se encuentra el <strong>Urban Wine Fest Plovdiv<\/strong>, que tendr\u00e1 lugar <strong>del 3 al 5 de octubre de 2025<\/strong>, justo antes de la 9.\u00aa Conferencia Mundial de Turismo Enol\u00f3gico de la OMT.<\/p>\n\n\n\n<p>Ubicado en el centro de Plovdiv, el festival contar\u00e1 con bares de vino, puestos de comida, caravanas y una vibrante programaci\u00f3n musical. Los visitantes est\u00e1n invitados a degustar unos 40 vinos elaborados con 15 variedades de uva locales, disponibles por copa, botella o para llevar. El festival se centra en vinos elaborados con variedades aut\u00f3ctonas y desarrolladas en Bulgaria, como Mavrud, Shiroka Melnik Vine, Red Misket, as\u00ed como variedades h\u00edbridas como Rubin, Gergana, Kaylashki Misket, Melnik 55 y Sandanski Misket.<\/p>\n\n\n\n<div style=\"height:45px\" aria-hidden=\"true\" class=\"wp-block-spacer\"><\/div>\n\n\n\n<p class=\"has-medium-font-size\"><strong>Conferencistas invitados<\/strong><\/p>\n\n\n<div class=\"wp-block-image\">\n<figure class=\"alignleft size-full is-resized\"><a href=\"https:\/\/enolife.com.ar\/es\/wp-content\/uploads\/2025\/09\/Salentein-39-scaled-1-1024x576-1.jpg\" data-rel=\"penci-gallery-image-content\" ><img loading=\"lazy\" decoding=\"async\" width=\"480\" height=\"434\" src=\"https:\/\/enolife.com.ar\/es\/wp-content\/uploads\/2025\/09\/Salentein-39-scaled-1-1024x576-1.jpg\" alt=\"\" class=\"wp-image-165130\" style=\"width:139px;height:auto\" srcset=\"https:\/\/enolife.com.ar\/es\/wp-content\/uploads\/2025\/09\/Salentein-39-scaled-1-1024x576-1.jpg 480w, https:\/\/enolife.com.ar\/es\/wp-content\/uploads\/2025\/09\/Salentein-39-scaled-1-1024x576-1-300x271.jpg 300w\" sizes=\"auto, (max-width: 480px) 100vw, 480px\" \/><\/a><\/figure><\/div>\n\n\n<p><strong>Francisco Bragoni<\/strong> &#8211; <strong>gerente de Hospitalidad y Enoturismo, Bodega Salentein, Mendoza, Argentina<\/strong>: Chef, sommelier y licenciado en Administraci\u00f3n de Empresas, cuenta con m\u00e1s de 16 a\u00f1os de trayectoria en la industria del vino en Argentina. Posee una amplia experiencia en el sector tur\u00edstico y, durante los \u00faltimos 3 a\u00f1os, ha estado a cargo del \u00e1rea de hospitalidad y enoturismo de la Bodega Salentein, ubicada en el Valle de Uco mendocino y fundada en 1998. Salentein recibe a m\u00e1s de 50.000 visitantes de todo el mundo, quienes pueden disfrutar de la galer\u00eda de arte Killka, con unas 100 obras de reconocidos artistas visuales argentinos, un restaurante de nivel mundial y un lodge con 14 habitaciones en las primeras estribaciones de la cordillera de los Andes.<\/p>\n\n\n<div class=\"wp-block-image\">\n<figure class=\"alignleft size-full is-resized\"><a href=\"https:\/\/enolife.com.ar\/es\/wp-content\/uploads\/2025\/09\/Imagen4-5.jpg\" data-rel=\"penci-gallery-image-content\" ><img loading=\"lazy\" decoding=\"async\" width=\"272\" height=\"265\" src=\"https:\/\/enolife.com.ar\/es\/wp-content\/uploads\/2025\/09\/Imagen4-5.jpg\" alt=\"\" class=\"wp-image-165132\" style=\"width:141px;height:auto\"\/><\/a><\/figure><\/div>\n\n\n<p><strong>Vanina Manini<\/strong> &#8211; <strong>gerente de Experiencias, Finca El Para\u00edso de la Bodega Luigi Bosca, Mendoza, Argentina<\/strong>: Tras cursar estudios en Ciencias, se sinti\u00f3 atra\u00edda por la industria del vino y descubri\u00f3 su vocaci\u00f3n en la hospitalidad en la Bodega Ruca Malen. Posteriormente, tuvo la oportunidad de establecer el \u00e1rea de turismo en Vi\u00f1a Las Perdices desde sus inicios. Hoy lidera el equipo de Hospitalidad en la Finca El Para\u00edso de Luigi Bosca, una hacienda hist\u00f3rica que ofrece una experiencia de lujo en estrecha conexi\u00f3n con la naturaleza. Durante diez a\u00f1os fue miembro activa de la Asociaci\u00f3n de Mujeres del Vino de Argentina (Amuva), formando parte de su directiva y colaborando con mujeres inspiradoras que comparten la pasi\u00f3n por la cultura del vino.<\/p>\n\n\n<div class=\"wp-block-image\">\n<figure class=\"alignleft size-full is-resized\"><a href=\"https:\/\/enolife.com.ar\/es\/wp-content\/uploads\/2025\/09\/image-64.png\" data-rel=\"penci-gallery-image-content\" ><img loading=\"lazy\" decoding=\"async\" width=\"480\" height=\"500\" src=\"https:\/\/enolife.com.ar\/es\/wp-content\/uploads\/2025\/09\/image-64.png\" alt=\"\" class=\"wp-image-165091\" style=\"width:145px;height:auto\" srcset=\"https:\/\/enolife.com.ar\/es\/wp-content\/uploads\/2025\/09\/image-64.png 480w, https:\/\/enolife.com.ar\/es\/wp-content\/uploads\/2025\/09\/image-64-288x300.png 288w\" sizes=\"auto, (max-width: 480px) 100vw, 480px\" \/><\/a><\/figure><\/div>\n\n\n<p><strong>Zurab Pololikashvili<\/strong> &#8211; <strong>secretario general, OMT (Georgia)<\/strong>: Fue Embajador Extraordinario y Plenipotenciario de Georgia ante Espa\u00f1a, Andorra, Argelia y Marruecos, as\u00ed como Representante Permanente ante la Organizaci\u00f3n Mundial del Turismo (OMT) hasta diciembre de 2017. De 2009 a 2010, como Ministro de Desarrollo Econ\u00f3mico de Georgia, lider\u00f3 estrategias fiscales a largo plazo, promovi\u00f3 el comercio exterior y la inversi\u00f3n, y foment\u00f3 los sectores de turismo, infraestructura y transporte. De 2006 a 2009, fue Embajador de Georgia en Espa\u00f1a, y entre 2005 y 2006 desempe\u00f1\u00f3 el cargo de Viceministro de Asuntos Exteriores, donde mejor\u00f3 los procesos administrativos, promovi\u00f3 reg\u00edmenes de visado m\u00e1s flexibles y profundiz\u00f3 las relaciones con organizaciones internacionales, incluida la OMT.<\/p>\n\n\n<div class=\"wp-block-image\">\n<figure class=\"alignleft size-full is-resized\"><a href=\"https:\/\/enolife.com.ar\/es\/wp-content\/uploads\/2025\/09\/image-65.png\" data-rel=\"penci-gallery-image-content\" ><img loading=\"lazy\" decoding=\"async\" width=\"512\" height=\"512\" src=\"https:\/\/enolife.com.ar\/es\/wp-content\/uploads\/2025\/09\/image-65.png\" alt=\"\" class=\"wp-image-165093\" style=\"width:146px;height:auto\" srcset=\"https:\/\/enolife.com.ar\/es\/wp-content\/uploads\/2025\/09\/image-65.png 512w, https:\/\/enolife.com.ar\/es\/wp-content\/uploads\/2025\/09\/image-65-300x300.png 300w, https:\/\/enolife.com.ar\/es\/wp-content\/uploads\/2025\/09\/image-65-150x150.png 150w\" sizes=\"auto, (max-width: 512px) 100vw, 512px\" \/><\/a><\/figure><\/div>\n\n\n<p><strong>Miroslav Laslo Borshosh<\/strong> &#8211; <strong>Ministro de Turismo (Bulgaria<\/strong>): Es un empresario y pol\u00edtico b\u00falgaro con amplia experiencia en el \u00e1mbito cultural y en gesti\u00f3n. Se gradu\u00f3 en \u201cEstudios Culturales\u201d en la Universidad de Sof\u00eda \u201cSt. Kliment Ohridski\u201d. De 2000 a 2001, se desempe\u00f1\u00f3 como Secretario Parlamentario en el Ministerio de Asuntos Exteriores de Bulgaria. Fue Director del Palacio Nacional de Cultura entre 2014 y 2017. En 2021, se convirti\u00f3 en Vicealcalde del Municipio de Sof\u00eda en la direcci\u00f3n de \u201cCultura, Educaci\u00f3n, Deportes y Actividades Juveniles\u201d, desempe\u00f1ando un papel importante en el desarrollo de las pol\u00edticas culturales y juveniles de la ciudad. Desde las elecciones locales de 2023, es concejal municipal en el Ayuntamiento de Sof\u00eda y Presidente del Comit\u00e9 de Educaci\u00f3n, Cultura, Ciencia y Diversidad Cultural. <\/p>\n\n\n<div class=\"wp-block-image\">\n<figure class=\"alignleft size-full is-resized\"><a href=\"https:\/\/enolife.com.ar\/es\/wp-content\/uploads\/2025\/09\/image-66.png\" data-rel=\"penci-gallery-image-content\" ><img loading=\"lazy\" decoding=\"async\" width=\"225\" height=\"225\" src=\"https:\/\/enolife.com.ar\/es\/wp-content\/uploads\/2025\/09\/image-66.png\" alt=\"\" class=\"wp-image-165095\" style=\"width:143px;height:auto\" srcset=\"https:\/\/enolife.com.ar\/es\/wp-content\/uploads\/2025\/09\/image-66.png 225w, https:\/\/enolife.com.ar\/es\/wp-content\/uploads\/2025\/09\/image-66-150x150.png 150w\" sizes=\"auto, (max-width: 225px) 100vw, 225px\" \/><\/a><\/figure><\/div>\n\n\n<p><strong>Georgi Tahov<\/strong> &#8211; <strong>Ministro de Agricultura y Alimentaci\u00f3n (Bulgaria<\/strong>): Posee un doctorado en econom\u00eda, con especializaci\u00f3n en finanzas, circulaci\u00f3n monetaria, cr\u00e9dito y seguros. Tambi\u00e9n cuenta con un M\u00e1ster en Contabilidad y Control por la Academia de Econom\u00eda \u201cD. A. Tsenov\u201d en Svishtov, una Licenciatura en Derecho por la Universidad St. St. Kiril y Metodio en Veliko Tarnovo, y estudios en Liderazgo Estrat\u00e9gico y Gesti\u00f3n de Seguridad y Orden P\u00fablico en la Academia del Ministerio del Interior. Se especializ\u00f3 en econom\u00eda y gesti\u00f3n industrial en Alemania. Tiene una larga trayectoria en gesti\u00f3n en la Agencia Nacional de Ingresos. Desde 2022 ocup\u00f3 el cargo de Director Ejecutivo del Fondo Estatal de Agricultura. <\/p>\n\n\n<div class=\"wp-block-image\">\n<figure class=\"alignleft size-full is-resized\"><a href=\"https:\/\/enolife.com.ar\/es\/wp-content\/uploads\/2025\/09\/image-67.png\" data-rel=\"penci-gallery-image-content\" ><img loading=\"lazy\" decoding=\"async\" width=\"200\" height=\"200\" src=\"https:\/\/enolife.com.ar\/es\/wp-content\/uploads\/2025\/09\/image-67.png\" alt=\"\" class=\"wp-image-165097\" style=\"width:144px;height:auto\" srcset=\"https:\/\/enolife.com.ar\/es\/wp-content\/uploads\/2025\/09\/image-67.png 200w, https:\/\/enolife.com.ar\/es\/wp-content\/uploads\/2025\/09\/image-67-150x150.png 150w\" sizes=\"auto, (max-width: 200px) 100vw, 200px\" \/><\/a><\/figure><\/div>\n\n\n<p><strong>Lili Barzeva<\/strong> &#8211; <strong>anfitriona, organizadora de eventos culturales<\/strong> <strong>(Bulgaria)<\/strong>: Presentadora de televisi\u00f3n y teatro, profesional de relaciones p\u00fablicas y organizadora de eventos culturales. Cuenta con 15 a\u00f1os de experiencia en televisi\u00f3n, trabajando como autora y presentadora de diversos programas en National Television Eurocom \u2013 Bulgaria y BG Radio. Fue la Maestra de Ceremonias en el Evento de Apertura de Plovdiv \u2013 Capital Europea de la Cultura 2019, transmitido a nivel mundial en numerosas plataformas de streaming. Ha sido la anfitriona de prestigiosas ceremonias de premios, como los Plovdiv Awards. Desde 2014, es Gerente de Relaciones P\u00fablicas de la \u00d3pera de Plovdiv y forma parte del comit\u00e9 organizador del Festival Opera Open.<\/p>\n\n\n<div class=\"wp-block-image\">\n<figure class=\"alignleft size-full is-resized\"><a href=\"https:\/\/enolife.com.ar\/es\/wp-content\/uploads\/2025\/09\/gergana-todorova-winetours.bg_-1.jpg\" data-rel=\"penci-gallery-image-content\" ><img loading=\"lazy\" decoding=\"async\" width=\"300\" height=\"323\" src=\"https:\/\/enolife.com.ar\/es\/wp-content\/uploads\/2025\/09\/gergana-todorova-winetours.bg_-1.jpg\" alt=\"\" class=\"wp-image-165099\" style=\"width:141px;height:auto\" srcset=\"https:\/\/enolife.com.ar\/es\/wp-content\/uploads\/2025\/09\/gergana-todorova-winetours.bg_-1.jpg 300w, https:\/\/enolife.com.ar\/es\/wp-content\/uploads\/2025\/09\/gergana-todorova-winetours.bg_-1-279x300.jpg 279w\" sizes=\"auto, (max-width: 300px) 100vw, 300px\" \/><\/a><\/figure><\/div>\n\n\n<p><strong>Gergana Todorova<\/strong> &#8211; <strong>copropietaria de WineTours.bg (Bulgaria)<\/strong>: Fundadora de WineTours.bg, la principal plataforma digital dedicada a promocionar el enoturismo y la cultura del vino en Bulgaria. Con formaci\u00f3n en marketing y comunicaciones, ha dedicado la \u00faltima d\u00e9cada a desarrollar formas innovadoras de conectar a viajeros, bodegas y experiencias culturales. A trav\u00e9s de WineTours.bg, Gergana ha creado una gu\u00eda online integral que muestra las diversas regiones vin\u00edcolas de Bulgaria, bodegas boutique y experiencias locales aut\u00e9nticas. Colabora con bodegas, organismos de turismo e instituciones culturales para dise\u00f1ar campa\u00f1as, eventos e iniciativas educativas que promuevan a Bulgaria como destino de enoturismo de calidad. Posee un Diploma WSET en vinos de la WSET School de Londres.<\/p>\n\n\n<div class=\"wp-block-image\">\n<figure class=\"alignleft size-full is-resized\"><a href=\"https:\/\/enolife.com.ar\/es\/wp-content\/uploads\/2025\/09\/image-68.png\" data-rel=\"penci-gallery-image-content\" ><img loading=\"lazy\" decoding=\"async\" width=\"200\" height=\"200\" src=\"https:\/\/enolife.com.ar\/es\/wp-content\/uploads\/2025\/09\/image-68.png\" alt=\"\" class=\"wp-image-165101\" style=\"width:142px;height:auto\" srcset=\"https:\/\/enolife.com.ar\/es\/wp-content\/uploads\/2025\/09\/image-68.png 200w, https:\/\/enolife.com.ar\/es\/wp-content\/uploads\/2025\/09\/image-68-150x150.png 150w\" sizes=\"auto, (max-width: 200px) 100vw, 200px\" \/><\/a><\/figure><\/div>\n\n\n<p><strong>Georgi Toskov<\/strong> &#8211; <strong>profesor Asociado en la Universidad de Tecnolog\u00edas Alimentarias de Plovdiv (Bulgaria)<\/strong>: Su experiencia se centra en gesti\u00f3n estrat\u00e9gica, emprendimiento, marketing del vino y comportamiento del consumidor, con el objetivo de dotar a los estudiantes del pensamiento cr\u00edtico. Tiene conocimiento profesional en ventas B2B, principios de manufactura y su aplicaci\u00f3n en la optimizaci\u00f3n de procesos operativos. Su investigaci\u00f3n y colaboraci\u00f3n con la industria se centran en m\u00e9todos de mejora continua y reducci\u00f3n de desperdicios, inspirando a sus estudiantes a adoptar esta mentalidad para mejorar la eficiencia y la productividad. Participa activamente en diversas iniciativas educativas internacionales, invitado en Croacia (2025), Turqu\u00eda (2024) y Rep\u00fablica Checa (2022). Ha sido aprobado para una beca Fulbright en Texas Tech University para el a\u00f1o 2026. Su compromiso con la colaboraci\u00f3n internacional se ejemplifica en su trabajo en el primer programa de Maestr\u00eda en Gesti\u00f3n del Vino certificado por la OIV en Bulgaria, lanzado en 2023. comercializaci\u00f3n de resultados de investigaci\u00f3n y asistir a start-ups tecnol\u00f3gicas del sector.<\/p>\n\n\n<div class=\"wp-block-image\">\n<figure class=\"alignleft size-full is-resized\"><a href=\"https:\/\/enolife.com.ar\/es\/wp-content\/uploads\/2025\/09\/7495041632_d63d2f0f8b_z.jpg\" data-rel=\"penci-gallery-image-content\" ><img loading=\"lazy\" decoding=\"async\" width=\"424\" height=\"430\" src=\"https:\/\/enolife.com.ar\/es\/wp-content\/uploads\/2025\/09\/7495041632_d63d2f0f8b_z.jpg\" alt=\"\" class=\"wp-image-165103\" style=\"width:147px;height:auto\" srcset=\"https:\/\/enolife.com.ar\/es\/wp-content\/uploads\/2025\/09\/7495041632_d63d2f0f8b_z.jpg 424w, https:\/\/enolife.com.ar\/es\/wp-content\/uploads\/2025\/09\/7495041632_d63d2f0f8b_z-296x300.jpg 296w\" sizes=\"auto, (max-width: 424px) 100vw, 424px\" \/><\/a><\/figure><\/div>\n\n\n<p><strong>Pilar Rodr\u00edguez<\/strong> &#8211; <strong>chef y embajadora de la OMT para el Turismo Gastron\u00f3mico (Chile)<\/strong>: Una de las pocas chefs chilenas que ha alcanzado reconocimiento nacional e internacional. Se form\u00f3 en la reconocida escuela de alta cocina \u201cLe Cordon Bleu\u201d en Par\u00eds, donde se gradu\u00f3 con honores y tuvo la oportunidad de trabajar junto al destacado chef franc\u00e9s Christian Le Squer, del restaurante Ledoyen, distinguido con tres estrellas Michelin. Desde el Valle de Colchagua, su Food&amp;Wine Studio ofrece programas durante todo el a\u00f1o, reflejando su visi\u00f3n de la cocina chilena contempor\u00e1nea. Con la idea de apoyar la industria del vino chileno, comenz\u00f3 a trabajar en promocionar Chile a trav\u00e9s de su gastronom\u00eda. As\u00ed empez\u00f3 a colaborar con importantes instituciones p\u00fablicas como ProChile, as\u00ed como con organizaciones privadas del sector alimentario y de la hospitalidad, como Wines of Chile, Fruits from Chile, entre otras. Es autora del libro \u201cTerru\u00f1o, romance chileno del vino y la comida\u201d. Su Food&amp;Wine Studio ha sido recomendado por The New York Times en la lista \u201cThe 52 Places to Go in 2024\u201d.<\/p>\n\n\n<div class=\"wp-block-image\">\n<figure class=\"alignleft size-full is-resized\"><a href=\"https:\/\/enolife.com.ar\/es\/wp-content\/uploads\/2025\/09\/karamanli.jpg\" data-rel=\"penci-gallery-image-content\" ><img loading=\"lazy\" decoding=\"async\" width=\"300\" height=\"265\" src=\"https:\/\/enolife.com.ar\/es\/wp-content\/uploads\/2025\/09\/karamanli.jpg\" alt=\"\" class=\"wp-image-165105\" style=\"width:151px;height:auto\"\/><\/a><\/figure><\/div>\n\n\n<p><strong>Anna Karamanli<\/strong> &#8211; <strong>viceministra de Turismo (Grecia<\/strong>): Ha trabajado como periodista en televisi\u00f3n y medios impresos. Se gradu\u00f3 en el Departamento de Educaci\u00f3n F\u00edsica y Ciencias del Deporte de la Universidad Arist\u00f3teles de Tesal\u00f3nica y posee un M\u00e1ster en Administraci\u00f3n P\u00fablica (MSc) por la Universidad \u201cNeapolis\u201d en Pafos, Chipre. Actualmente es candidata a doctorado en la Universidad de Esparta, con una investigaci\u00f3n centrada en \u201cEl papel de los medios de comunicaci\u00f3n en la lucha contra la violencia\u201d. Fue elegida por primera vez como miembro del Parlamento por el 2.\u00ba distrito de Atenas con el partido Nueva Democracia en las elecciones del 6 de mayo de 2012. Desde entonces, ha sido reelegida en todas las campa\u00f1as electorales subsecuentes.<\/p>\n\n\n<div class=\"wp-block-image\">\n<figure class=\"alignleft size-full is-resized\"><a href=\"https:\/\/enolife.com.ar\/es\/wp-content\/uploads\/2025\/09\/Imagen1-34.jpg\" data-rel=\"penci-gallery-image-content\" ><img loading=\"lazy\" decoding=\"async\" width=\"268\" height=\"252\" src=\"https:\/\/enolife.com.ar\/es\/wp-content\/uploads\/2025\/09\/Imagen1-34.jpg\" alt=\"\" class=\"wp-image-165107\" style=\"width:154px;height:auto\"\/><\/a><\/figure><\/div>\n\n\n<p><strong>Mark Fowler<\/strong> &#8211; <strong>cantante, actor y director de cine<\/strong> <strong>(Australia)<\/strong>: Cuenta con m\u00e1s de 25 a\u00f1os de experiencia profesional en el escenario, principalmente como cantante de \u00f3pera. Ha interpretado m\u00e1s de cincuenta papeles en \u00f3pera, opereta y teatro musical, participando en producciones en Asia, Australia y Europa. Entre los momentos destacados de su carrera se incluyen invitaciones como solista para interpretar <em>Carmina Burana<\/em> y el <em>R\u00e9quiem de Verdi<\/em> en el Het Concertgebouw de \u00c1msterdam, as\u00ed como colaboraciones con renombrados directores esc\u00e9nicos como Stefano Poda y Mariusz Treli\u0144ski. Incursion\u00f3 en televisi\u00f3n y cine, tanto como actor como presentador. Co-present\u00f3 la ceremonia de clausura de Plovdiv 2019, Capital Europea de la Cultura. Desde 2014, Mark reside en Plovdiv, donde es solista residente en la \u00d3pera de Plovdiv y tambi\u00e9n se desempe\u00f1a como Asistente de Direcci\u00f3n Esc\u00e9nica. En diciembre de 2023, co-dirigi\u00f3 su primera producci\u00f3n oper\u00edstica \u2014<em>La Boh\u00e8me<\/em>\u2014 para la \u00d3pera de Plovdiv.<\/p>\n\n\n<div class=\"wp-block-image\">\n<figure class=\"alignleft size-full is-resized\"><a href=\"https:\/\/enolife.com.ar\/es\/wp-content\/uploads\/2025\/09\/image-70.png\" data-rel=\"penci-gallery-image-content\" ><img loading=\"lazy\" decoding=\"async\" width=\"364\" height=\"297\" src=\"https:\/\/enolife.com.ar\/es\/wp-content\/uploads\/2025\/09\/image-70.png\" alt=\"\" class=\"wp-image-165110\" style=\"width:155px;height:auto\" srcset=\"https:\/\/enolife.com.ar\/es\/wp-content\/uploads\/2025\/09\/image-70.png 364w, https:\/\/enolife.com.ar\/es\/wp-content\/uploads\/2025\/09\/image-70-300x245.png 300w\" sizes=\"auto, (max-width: 364px) 100vw, 364px\" \/><\/a><\/figure><\/div>\n\n\n<p><strong>Sandra Carv\u00e3o<\/strong> &#8211; <strong>directora de Inteligencia de Mercado, Pol\u00edticas y Competitividad, OMT (Portugal)<\/strong>: Directora de Inteligencia de Mercado, Pol\u00edticas y Competitividad en la Organizaci\u00f3n Mundial del Turismo desde junio de 2018. Fue Jefa de Comunicaciones y Publicaciones durante 8 a\u00f1os, hasta mayo de 2018, donde era responsable del posicionamiento estrat\u00e9gico de la Organizaci\u00f3n Mundial del Turismo. Antes de este cargo, fue Subjefa del Departamento de Tendencias del Mercado, Competitividad y Comercio en Servicios Tur\u00edsticos de la Organizaci\u00f3n Mundial del Turismo entre 2007 y 2010. Antes de unirse a la ONU Turismo en 2003, ocup\u00f3 el puesto de gerente de mercado en la Oficina Nacional de Turismo de Portugal en Lisboa. Es licenciada en Relaciones Internacionales, rama Econom\u00eda, por el Instituto de Ciencias Sociales y Pol\u00edticas \/ Universidad T\u00e9cnica de Lisboa y tiene un posgrado en Marketing por la Universidad Complutense de Madrid.<\/p>\n\n\n<div class=\"wp-block-image\">\n<figure class=\"alignleft size-full is-resized\"><a href=\"https:\/\/enolife.com.ar\/es\/wp-content\/uploads\/2025\/09\/Imagen2-18.jpg\" data-rel=\"penci-gallery-image-content\" ><img loading=\"lazy\" decoding=\"async\" width=\"243\" height=\"225\" src=\"https:\/\/enolife.com.ar\/es\/wp-content\/uploads\/2025\/09\/Imagen2-18.jpg\" alt=\"\" class=\"wp-image-165112\" style=\"width:164px;height:auto\"\/><\/a><\/figure><\/div>\n\n\n<p><strong>Madalena Vigital<\/strong> &#8211; <strong>consultora de Enoturismo, Educadora y Comunicadora (Portugal)<\/strong>: Creadora de EntreVinhas\u00ae, el primer sitio web en Portugal dedicado \u00edntegramente al enoturismo. Durante los \u00faltimos 12 a\u00f1os, ha viajado por el mundo en busca de las mejores pr\u00e1cticas en enoturismo. Como educadora en enoturismo, trabaja estrechamente con bodegas y empresas tur\u00edsticas para mejorar las habilidades de sus equipos y convertirlos en mejores anfitriones. Como consultora de enoturismo, colabora con productores y proyectos tur\u00edsticos para crear negocios rentables, sostenibles y personalizados, as\u00ed como para elevar y promover sus marcas. En 2021, lanz\u00f3 el podcast \u201c5 Minutos de Vinho\u201d, donde simplifica el lenguaje del vino, episodio tras episodio.<\/p>\n\n\n<div class=\"wp-block-image\">\n<figure class=\"alignleft size-full is-resized\"><a href=\"https:\/\/enolife.com.ar\/es\/wp-content\/uploads\/2025\/09\/image-71.png\" data-rel=\"penci-gallery-image-content\" ><img loading=\"lazy\" decoding=\"async\" width=\"200\" height=\"200\" src=\"https:\/\/enolife.com.ar\/es\/wp-content\/uploads\/2025\/09\/image-71.png\" alt=\"\" class=\"wp-image-165114\" style=\"width:163px;height:auto\" srcset=\"https:\/\/enolife.com.ar\/es\/wp-content\/uploads\/2025\/09\/image-71.png 200w, https:\/\/enolife.com.ar\/es\/wp-content\/uploads\/2025\/09\/image-71-150x150.png 150w\" sizes=\"auto, (max-width: 200px) 100vw, 200px\" \/><\/a><\/figure><\/div>\n\n\n<p><strong>Nicolas Manfredini<\/strong> &#8211; <strong>experto de la industria, CEO de Winalist (Francia)<\/strong>: Es el fundador y CEO de Winalist.com, la principal plataforma de reservas de enoturismo en Europa, que facilita la gesti\u00f3n de reservas y visitas para bodegas. Con formaci\u00f3n en tecnolog\u00eda, un M\u00e1ster en Negocios Internacionales y Marketing y una pasi\u00f3n por el vino y los viajes, Nicolas se inspir\u00f3 para crear una soluci\u00f3n que ayudara a las bodegas a optimizar sus operaciones y aumentar sus ingresos mediante el enoturismo. Bajo su liderazgo, Winalist se ha convertido r\u00e1pidamente en un actor destacado en la industria, ayudando a m\u00e1s de 1.800 bodegas en todo el mundo a mejorar la experiencia de sus clientes y a agilizar sus operaciones. Tambi\u00e9n es reconocido como conferencista y experto en tecnolog\u00eda aplicada al enoturismo, compartiendo sus conocimientos y mejores pr\u00e1cticas en conferencias y eventos.<\/p>\n\n\n<div class=\"wp-block-image\">\n<figure class=\"alignleft size-full is-resized\"><a href=\"https:\/\/enolife.com.ar\/es\/wp-content\/uploads\/2025\/09\/trono3.png\" data-rel=\"penci-gallery-image-content\" ><img loading=\"lazy\" decoding=\"async\" width=\"300\" height=\"292\" src=\"https:\/\/enolife.com.ar\/es\/wp-content\/uploads\/2025\/09\/trono3.png\" alt=\"\" class=\"wp-image-165118\" style=\"width:161px;height:auto\"\/><\/a><\/figure><\/div>\n\n\n<p><strong>Emanuele Trono<\/strong> &#8211; <strong>presidente de Enodigital (Italia)<\/strong>: Conocido en el mundo del vino como Enoblogger, cuenta con m\u00e1s de 100.000 seguidores en diversas plataformas sociales. Tiene 33 a\u00f1os y se gradu\u00f3 en Negocios y Gesti\u00f3n en la Universidad de Tur\u00edn. Tambi\u00e9n realiz\u00f3 cursos de sommelier AIS y complet\u00f3 un M\u00e1ster en Cultura del Vino Italiano en la Universidad de Ciencias Gastron\u00f3micas de Pollenzo. Comenz\u00f3 a trabajar en el proyecto Enoblogger en noviembre de 2016, con el objetivo de compartir su pasi\u00f3n por el vino, mostrando a sus seguidores las botellas que prueba, las bodegas que visita, los viajes que realiza y los restaurantes que descubre. Aborda el vino de manera simple y atractiva, evitando tecnicismos excesivos que podr\u00edan hacerlo demasiado serio. En 2019, fund\u00f3 Enodigital, la primera agencia de marketing en redes sociales especializada en el mundo del vino, donde \u00e9l y su equipo gu\u00edan a las bodegas en su camino hacia la digitalizaci\u00f3n. En 2022, lanz\u00f3 Enohance, una empresa dedicada al comercio de vinos finos, enviando botellas a nivel mundial para satisfacer las necesidades de coleccionistas. Al a\u00f1o siguiente, en 2023, Emanuele y su socio, Stefano Quaglierini, lanzaron su primer vino, Virtus, bajo la empresa Prima Domus.<\/p>\n\n\n<div class=\"wp-block-image\">\n<figure class=\"alignleft size-full is-resized\"><a href=\"https:\/\/enolife.com.ar\/es\/wp-content\/uploads\/2025\/09\/image-72.png\" data-rel=\"penci-gallery-image-content\" ><img loading=\"lazy\" decoding=\"async\" width=\"200\" height=\"200\" src=\"https:\/\/enolife.com.ar\/es\/wp-content\/uploads\/2025\/09\/image-72.png\" alt=\"\" class=\"wp-image-165120\" style=\"width:151px;height:auto\" srcset=\"https:\/\/enolife.com.ar\/es\/wp-content\/uploads\/2025\/09\/image-72.png 200w, https:\/\/enolife.com.ar\/es\/wp-content\/uploads\/2025\/09\/image-72-150x150.png 150w\" sizes=\"auto, (max-width: 200px) 100vw, 200px\" \/><\/a><\/figure><\/div>\n\n\n<p><strong>Ana Gallego<\/strong> &#8211; <strong>l\u00edder en M\u00e1rketing, Comunicaci\u00f3n y Enoturismo, Bodega Enate (Espa\u00f1a)<\/strong>: Cuenta con m\u00e1s de 30 a\u00f1os de experiencia en el sector del vino y el enoturismo, y ha construido una s\u00f3lida carrera profesional en la Bodega Enate, contribuyendo a su crecimiento y posicionamiento internacional. Comenz\u00f3 en Enoturismo y Relaciones P\u00fablicas, desarrollando programas para visitantes y fortaleciendo las relaciones con los clientes. Con el tiempo, su rol se expandi\u00f3 a Marketing y Comunicaci\u00f3n, liderando con \u00e9xito iniciativas estrat\u00e9gicas para consolidar la identidad de marca de Enate. Actualmente, es responsable de los departamentos de M\u00e1rketing, Comunicaci\u00f3n y Enoturismo, impulsando proyectos que integran innovaci\u00f3n, sostenibilidad y experiencia del cliente como palancas clave para la competitividad y diferenciaci\u00f3n en la industria del vino.<\/p>\n\n\n<div class=\"wp-block-image\">\n<figure class=\"alignleft size-full is-resized\"><a href=\"https:\/\/enolife.com.ar\/es\/wp-content\/uploads\/2025\/09\/image-73.png\" data-rel=\"penci-gallery-image-content\" ><img loading=\"lazy\" decoding=\"async\" width=\"200\" height=\"200\" src=\"https:\/\/enolife.com.ar\/es\/wp-content\/uploads\/2025\/09\/image-73.png\" alt=\"\" class=\"wp-image-165122\" style=\"width:156px;height:auto\" srcset=\"https:\/\/enolife.com.ar\/es\/wp-content\/uploads\/2025\/09\/image-73.png 200w, https:\/\/enolife.com.ar\/es\/wp-content\/uploads\/2025\/09\/image-73-150x150.png 150w\" sizes=\"auto, (max-width: 200px) 100vw, 200px\" \/><\/a><\/figure><\/div>\n\n\n<p><strong>Elisa Ucar<\/strong> &#8211; <strong>directora, EDA Drinks and Wine Campus (Espa\u00f1a)<\/strong>: Posee una Licenciatura en Econom\u00eda y Administraci\u00f3n de Empresas por la Universidad de Navarra y un MBA Internacional por el IESE Business School. Ha ocupado con \u00e9xito puestos en Direcci\u00f3n General, Internacionalizaci\u00f3n y Marketing en diversas bodegas de renombre en Espa\u00f1a, incluyendo Rioja Alavesa, Ribera del Duero, Navarra, Somontano y Rueda. Tambi\u00e9n es emprendedora, habiendo fundado y desarrollado con \u00e9xito su propia bodega, Domaines Lupier, que ha alcanzado una s\u00f3lida reputaci\u00f3n internacional. Asimismo, ha trabajado con fundaciones, como la Fundaci\u00f3n Empresa Universidad, y cre\u00f3 y dirigi\u00f3 la primera Fundaci\u00f3n Logro\u00f1o-Rioja Convention Bureau para promocionar el turismo de congresos en la regi\u00f3n de Rioja.<\/p>\n\n\n<div class=\"wp-block-image\">\n<figure class=\"alignleft size-full is-resized\"><a href=\"https:\/\/enolife.com.ar\/es\/wp-content\/uploads\/2025\/09\/image-74.png\" data-rel=\"penci-gallery-image-content\" ><img loading=\"lazy\" decoding=\"async\" width=\"600\" height=\"600\" src=\"https:\/\/enolife.com.ar\/es\/wp-content\/uploads\/2025\/09\/image-74.png\" alt=\"\" class=\"wp-image-165124\" style=\"width:154px;height:auto\" srcset=\"https:\/\/enolife.com.ar\/es\/wp-content\/uploads\/2025\/09\/image-74.png 600w, https:\/\/enolife.com.ar\/es\/wp-content\/uploads\/2025\/09\/image-74-300x300.png 300w, https:\/\/enolife.com.ar\/es\/wp-content\/uploads\/2025\/09\/image-74-150x150.png 150w, https:\/\/enolife.com.ar\/es\/wp-content\/uploads\/2025\/09\/image-74-585x585.png 585w\" sizes=\"auto, (max-width: 600px) 100vw, 600px\" \/><\/a><\/figure><\/div>\n\n\n<p><strong>Juan Jes\u00fas Valdelana<\/strong> &#8211; <strong>propietario y en\u00f3logo, Bodegas Valdelana (Espa\u00f1a)<\/strong>: Es la decimotercera generaci\u00f3n de una familia de viticultores descendientes del Valle de Lana. Estudi\u00f3 en el monasterio de San Mill\u00e1n de la Cogolla, donde se crearon los primeros textos escritos en espa\u00f1ol y euskera. En 1991 complet\u00f3 sus estudios en enolog\u00eda en Laguardia y en 1992 lanz\u00f3 su primer vino al mercado. Sus vinos emblem\u00e1ticos se encuentran actualmente entre los m\u00e1s reconocidos del pa\u00eds. Incansable e innovador, siempre busca la perfecci\u00f3n en sus vinos, tanto dentro como fuera de la botella. Ha logrado posicionar sus vinos en casi todos los rincones del mundo y elevar su bodega a una de las m\u00e1s premiadas de Espa\u00f1a, con tres premios Best Of en su haber.En 2017 recibi\u00f3 el premio del Gobierno Vasco a la Mejor Carrera Profesional, en reconocimiento a su perseverancia y labor en el enoturismo en Rioja Alavesa.<\/p>\n\n\n<div class=\"wp-block-image\">\n<figure class=\"alignleft size-full is-resized\"><a href=\"https:\/\/enolife.com.ar\/es\/wp-content\/uploads\/2025\/09\/image-75.png\" data-rel=\"penci-gallery-image-content\" ><img loading=\"lazy\" decoding=\"async\" width=\"400\" height=\"400\" src=\"https:\/\/enolife.com.ar\/es\/wp-content\/uploads\/2025\/09\/image-75.png\" alt=\"\" class=\"wp-image-165126\" style=\"width:160px;height:auto\" srcset=\"https:\/\/enolife.com.ar\/es\/wp-content\/uploads\/2025\/09\/image-75.png 400w, https:\/\/enolife.com.ar\/es\/wp-content\/uploads\/2025\/09\/image-75-300x300.png 300w, https:\/\/enolife.com.ar\/es\/wp-content\/uploads\/2025\/09\/image-75-150x150.png 150w\" sizes=\"auto, (max-width: 400px) 100vw, 400px\" \/><\/a><\/figure><\/div>\n\n\n<p><strong>Gergely Szolnoki<\/strong> &#8211; <strong>profesor de Investigaci\u00f3n de Mercados, Hochschule Geisenheim University (Alemania)<\/strong>: Es tambi\u00e9n Profesor Honorario de Gesti\u00f3n y Marketing de Vinos y Bebidas en la Universidad de West Attica (Atenas, Grecia). Sus principales \u00e1reas de investigaci\u00f3n son sostenibilidad, enoturismo y comportamiento del consumidor. Nacido en Hungr\u00eda, ha vivido en Alemania m\u00e1s de 20 a\u00f1os. Ha realizado m\u00e1s de 200 presentaciones en conferencias y seminarios, y es autor de varios libros y cap\u00edtulos de libros, art\u00edculos cient\u00edficos revisados por pares y m\u00e1s de 150 art\u00edculos de la industria publicados en ingl\u00e9s, alem\u00e1n y h\u00fangaro. Adem\u00e1s de sus actividades acad\u00e9micas, es experto delegado en la Organizaci\u00f3n Internacional de la Vi\u00f1a y el Vino (OIV) en los campos de econom\u00eda del vino y estad\u00edsticas.<\/p>\n\n\n<div class=\"wp-block-image\">\n<figure class=\"alignleft size-full is-resized\"><a href=\"https:\/\/enolife.com.ar\/es\/wp-content\/uploads\/2025\/09\/image-76.png\" data-rel=\"penci-gallery-image-content\" ><img loading=\"lazy\" decoding=\"async\" width=\"200\" height=\"200\" src=\"https:\/\/enolife.com.ar\/es\/wp-content\/uploads\/2025\/09\/image-76.png\" alt=\"\" class=\"wp-image-165128\" style=\"width:149px;height:auto\" srcset=\"https:\/\/enolife.com.ar\/es\/wp-content\/uploads\/2025\/09\/image-76.png 200w, https:\/\/enolife.com.ar\/es\/wp-content\/uploads\/2025\/09\/image-76-150x150.png 150w\" sizes=\"auto, (max-width: 200px) 100vw, 200px\" \/><\/a><\/figure><\/div>\n\n\n<p><strong>Sabiha Apayd\u0131n G\u00f6nenli<\/strong> &#8211; <strong>consultora de Vinos y Fundadora de \u00abRoot Origin Soil\u00bb (Turqu\u00eda)<\/strong>: Consultora de gesti\u00f3n en la industria de alimentos y bebidas y una figura pionera en el sector de la gastronom\u00eda de Turqu\u00eda. Es educadora certificada WSET y miembro fundadora de la iniciativa Heritage Vines of T\u00fcrkiye. Como fundadora de la Conferencia de Vino \u201cRoot Origin Soil\u201d y l\u00edder de la Slow Wine Coalition en Turqu\u00eda, promueve activamente las variedades de uva locales, los vi\u00f1edos antiguos y los vinos naturales, adem\u00e1s de desempe\u00f1arse como representante de la Old Vine Conference.<\/p>\n\n\n\n<div style=\"height:5px\" aria-hidden=\"true\" class=\"wp-block-spacer\"><\/div>\n\n\n<div class=\"wp-block-image\">\n<figure class=\"alignleft size-full is-resized\"><a href=\"https:\/\/enolife.com.ar\/es\/wp-content\/uploads\/2025\/09\/Close-up-red-wine-Annareth-Bolton-Jumbo.jpg\" data-rel=\"penci-gallery-image-content\" ><img loading=\"lazy\" decoding=\"async\" width=\"300\" height=\"286\" src=\"https:\/\/enolife.com.ar\/es\/wp-content\/uploads\/2025\/09\/Close-up-red-wine-Annareth-Bolton-Jumbo.jpg\" alt=\"\" class=\"wp-image-165115\" style=\"width:149px;height:auto\"\/><\/a><\/figure><\/div>\n\n\n<p><strong>Annareth Bolton<\/strong> &#8211; <strong>especialista en M\u00e1rketing Estrat\u00e9gico, Destinate (Sud\u00e1frica)<\/strong>: Gerente de proyectos independiente con base en Stellenbosch, Sud\u00e1frica. <br>Cuenta con m\u00e1s de 25 a\u00f1os de experiencia en enoturismo, hospitalidad, eventos, marketing estrat\u00e9gico, experiencias personalizadas y comunicaci\u00f3n.<\/p>\n\n\n\n<div style=\"height:43px\" aria-hidden=\"true\" class=\"wp-block-spacer\"><\/div>\n","protected":false},"excerpt":{"rendered":"<p>Los d\u00edas 6 y 7 de octubre de 2025 se realizar\u00e1 en Bulgaria la 9\u00aa&hellip;<\/p>\n","protected":false},"author":2,"featured_media":165143,"comment_status":"closed","ping_status":"open","sticky":false,"template":"","format":"standard","meta":{"footnotes":""},"categories":[11],"tags":[],"class_list":["post-165014","post","type-post","status-publish","format-standard","has-post-thumbnail","hentry","category-enoturismo"],"_links":{"self":[{"href":"https:\/\/enolife.com.ar\/es\/wp-json\/wp\/v2\/posts\/165014","targetHints":{"allow":["GET"]}}],"collection":[{"href":"https:\/\/enolife.com.ar\/es\/wp-json\/wp\/v2\/posts"}],"about":[{"href":"https:\/\/enolife.com.ar\/es\/wp-json\/wp\/v2\/types\/post"}],"author":[{"embeddable":true,"href":"https:\/\/enolife.com.ar\/es\/wp-json\/wp\/v2\/users\/2"}],"replies":[{"embeddable":true,"href":"https:\/\/enolife.com.ar\/es\/wp-json\/wp\/v2\/comments?post=165014"}],"version-history":[{"count":0,"href":"https:\/\/enolife.com.ar\/es\/wp-json\/wp\/v2\/posts\/165014\/revisions"}],"wp:featuredmedia":[{"embeddable":true,"href":"https:\/\/enolife.com.ar\/es\/wp-json\/wp\/v2\/media\/165143"}],"wp:attachment":[{"href":"https:\/\/enolife.com.ar\/es\/wp-json\/wp\/v2\/media?parent=165014"}],"wp:term":[{"taxonomy":"category","embeddable":true,"href":"https:\/\/enolife.com.ar\/es\/wp-json\/wp\/v2\/categories?post=165014"},{"taxonomy":"post_tag","embeddable":true,"href":"https:\/\/enolife.com.ar\/es\/wp-json\/wp\/v2\/tags?post=165014"}],"curies":[{"name":"wp","href":"https:\/\/api.w.org\/{rel}","templated":true}]}}