{"id":164904,"date":"2025-09-26T14:52:40","date_gmt":"2025-09-26T14:52:40","guid":{"rendered":"https:\/\/enolife.com.ar\/es\/?p=164904"},"modified":"2025-09-30T12:45:36","modified_gmt":"2025-09-30T12:45:36","slug":"mansa-bodega-un-planazo-para-conocer-y-degustar-el-vino-donde-lo-hacen-por-15-000","status":"publish","type":"post","link":"https:\/\/enolife.com.ar\/es\/mansa-bodega-un-planazo-para-conocer-y-degustar-el-vino-donde-lo-hacen-por-15-000\/","title":{"rendered":"Mansa Bodega: un \u00abplanazo\u00bb para conocer y degustar el vino donde lo hacen, por $15.000"},"content":{"rendered":"\n<h4 class=\"wp-block-heading\"><em><strong>Tras el \u00e9xito de la promoci\u00f3n \u00abManso Men\u00fa\u00bb, impulsada por el Gobierno de Mendoza en coordinaci\u00f3n con empresas privadas, que ofrece men\u00fas en restaurantes de toda la provincia por hasta $30.000 por persona\u00bb, ahora lanzaron \u00abMansa Bodega\u00bb, que ofrece la posibilidad de recorrer las bodegas asociadas en Mendoza, realizando visitas guiadas y catando los vinos de cada establecimiento, a un costo de $15.000. La promo estar\u00e1 vigente todo el mes de octubre de 2025, y los establecimientos que quieran adherirse tienen tiempo hasta el 5\/10.<\/strong><\/em><\/h4>\n\n\n\n<div style=\"height:35px\" aria-hidden=\"true\" class=\"wp-block-spacer\"><\/div>\n\n\n<a href=\"https:\/\/altieri.com.ar\/\" aria-label=\"ALTIERI-1700X500\"><img loading=\"lazy\" decoding=\"async\" src=\"https:\/\/enolife.com.ar\/es\/wp-content\/uploads\/2025\/02\/ALTIERI-1700X500.jpg\" alt=\"\"  srcset=\"https:\/\/enolife.com.ar\/es\/wp-content\/uploads\/2025\/02\/ALTIERI-1700X500.jpg 1700w, https:\/\/enolife.com.ar\/es\/wp-content\/uploads\/2025\/02\/ALTIERI-1700X500-300x88.jpg 300w, https:\/\/enolife.com.ar\/es\/wp-content\/uploads\/2025\/02\/ALTIERI-1700X500-1024x301.jpg 1024w, https:\/\/enolife.com.ar\/es\/wp-content\/uploads\/2025\/02\/ALTIERI-1700X500-768x226.jpg 768w, https:\/\/enolife.com.ar\/es\/wp-content\/uploads\/2025\/02\/ALTIERI-1700X500-1536x452.jpg 1536w, https:\/\/enolife.com.ar\/es\/wp-content\/uploads\/2025\/02\/ALTIERI-1700X500-1170x344.jpg 1170w, https:\/\/enolife.com.ar\/es\/wp-content\/uploads\/2025\/02\/ALTIERI-1700X500-585x172.jpg 585w\" sizes=\"auto, (max-width: 1700px) 100vw, 1700px\" width=\"1700\" height=\"500\"   \/><\/a>\n\n\n<div style=\"height:45px\" aria-hidden=\"true\" class=\"wp-block-spacer\"><\/div>\n\n\n\n<p>Ante el \u00e9xito de la promoci\u00f3n <strong>\u00abManso men\u00fa\u00bb<\/strong> que permite acceder a men\u00fas completos <strong>por hasta $30.000<\/strong>, se anunci\u00f3 la extensi\u00f3n de esta campa\u00f1a hasta el 31 de octubre, agreg\u00e1ndose una nueva promo, denominada <strong>\u00abMansa Bodega\u00bb<\/strong>, que permitir\u00e1 recorrer estos establecimientos y disfrutar de una degustaci\u00f3n <strong>por hasta $15.000.<\/strong><\/p>\n\n\n\n<p>Desde el viernes 15 de agosto, mendocinos y turistas disfrutan de men\u00fas que no superan los $30.000. Se sumaron a esta propuesta del <strong>Ente Mendoza Turismo (Emetur)<\/strong> 120 establecimientos gastron\u00f3micos de toda la provincia. El objetivo de la acci\u00f3n es difundir men\u00fas cerrados, dise\u00f1ados especialmente para esta campa\u00f1a.<\/p>\n\n\n\n<p><strong>Gabriela Testa, presidenta del Emetur<\/strong>, coment\u00f3 al respecto: <em>\u201cEn Mendoza hay muchos restaurantes que tienen ofertas maravillosas a precios muy accesibles. De ah\u00ed surge esta idea. Es muy importante el porcentaje de personas que llegan a conocer un restaurante a trav\u00e9s de esta promoci\u00f3n, porque en todas las propuestas del Manso Men\u00fa hay una relaci\u00f3n precio-calidad maravillosa, la gente lo ha notado y por eso la ha elegido<\/em>.<\/p>\n\n\n\n<p><em>\u201cLas bodegas tambi\u00e9n han entendido que este tipo de campa\u00f1as pueden ser una herramienta para motorizar m\u00e1s ventas y visitas. Hay muchas bodegas que adem\u00e1s est\u00e1n sumadas a Manso Men\u00fa, as\u00ed que ahora pueden hacer un combo atractivo con &#8216;Mansa bodega<\/em>&#8216;\u00bb, agreg\u00f3 la funcionaria.<\/p>\n\n\n\n<p><em>\u201cNos alegramos de poder estar colaborando en un momento dif\u00edcil de la macroeconom\u00eda argentina, de motivar a la venta y tambi\u00e9n contribuir positivamente con esta acci\u00f3n que es articulada p\u00fablico-privada para que se entienda que Mendoza no es cara\u201d<\/em>, finaliz\u00f3 Testa.<\/p>\n\n\n\n<div style=\"height:45px\" aria-hidden=\"true\" class=\"wp-block-spacer\"><\/div>\n\n\n\n<p class=\"has-medium-font-size\"><strong>Manso Men\u00fa<\/strong><\/p>\n\n\n\n<p>En el micrositio de Manso Men\u00fa <strong>(<a href=\"https:\/\/mendoza.tur.ar\/manso-menu\/\" target=\"_blank\" rel=\"noreferrer noopener\">https:\/\/mendoza.tur.ar\/manso-menu\/<\/a>) <\/strong>se pueden encontrar los restaurantes, bodegas, cantinas, bodegones y hoteles adheridos de todas las zonas de Mendoza.<\/p>\n\n\n\n<p>Si bien originalmente se hab\u00eda establecido que la campa\u00f1a finalizar\u00eda el 30 de setiembre, desde el Emetur anunciaron que, ante la buena aceptaci\u00f3n del sector gastron\u00f3mico y del p\u00fablico, se extender\u00e1 hasta el 31 de octubre.<\/p>\n\n\n\n<div style=\"height:20px\" aria-hidden=\"true\" class=\"wp-block-spacer\"><\/div>\n\n\n\n<p class=\"has-background\" style=\"background-color:#abb7c24a\">Aquellos establecimientos gastron\u00f3micos que deseen sumarse, todav\u00eda est\u00e1n a tiempo. Deben ingresar <strong><a href=\"https:\/\/docs.google.com\/forms\/d\/1jN5EeRihe3Kte-PmtpbUek8_6VirJbJ-9XIOFcZ9PzE\/edit\">AQU\u00cd<\/a> <\/strong><\/p>\n\n\n\n<div style=\"height:20px\" aria-hidden=\"true\" class=\"wp-block-spacer\"><\/div>\n\n\n\n<p><strong>Manso men\u00fa en n\u00fameros<\/strong><\/p>\n\n\n\n<ul class=\"wp-block-list\">\n<li>Algunos locales vendieron m\u00e1s de 500 men\u00fas<\/li>\n\n\n\n<li>Pauta en redes sociales con un alcance de +20.000 personas<\/li>\n\n\n\n<li>En Instagram: 517.000 vistas<\/li>\n\n\n\n<li>Contenido en medios offline: notas de prensa en medios locales y nacionales<\/li>\n\n\n\n<li>Contenido en medios online: estrategia de influencers, publicaciones colaborativas, historias destacadas y presencia en p\u00e1gina web<\/li>\n\n\n\n<li>Vistas a la web de Manso Men\u00fa: +53.000<\/li>\n\n\n\n<li>+1359 visitas diarias a la web de Manso Men\u00fa<\/li>\n\n\n\n<li>La interacci\u00f3n promedio por usuario: 2 minutos 45 segundos<\/li>\n<\/ul>\n\n\n\n<div style=\"height:45px\" aria-hidden=\"true\" class=\"wp-block-spacer\"><\/div>\n\n\n\n<p class=\"has-medium-font-size\"><strong>Mansa Bodega<\/strong><\/p>\n\n\n\n<p>Paralelamente, el Emetur lanza esta nueva campa\u00f1a, que permitir\u00e1 a mendocinos y a turistas hacer una visita guiada a una bodega y una degustaci\u00f3n por hasta $15.000. La promoci\u00f3n se extender\u00e1 del 9 al 31 de octubre.<\/p>\n\n\n\n<div style=\"height:13px\" aria-hidden=\"true\" class=\"wp-block-spacer\"><\/div>\n\n\n\n<p class=\"has-background\" style=\"background-color:#abb7c24a\">Los establecimientos vitivin\u00edcolas que deseen sumarse deber\u00e1n inscribirse a trav\u00e9s del link que aparece en las redes de Turismo, a trav\u00e9s del sitio&nbsp;<strong><a href=\"http:\/\/www.mendoza.tur.ar\/\" target=\"_blank\" rel=\"noreferrer noopener\">www.mendoza.tur.ar<\/a>&nbsp;<\/strong>o clikeando <strong><a href=\"https:\/\/docs.google.com\/forms\/d\/1PuK7oRf0_wxs2GmJoOJmO66YtTsEAVMEHRxWhX5NiiY\/edit\">AQU\u00cd <\/a>,<\/strong> hay tiempo hasta el domingo 5 de octubre.<\/p>\n\n\n\n<div style=\"height:35px\" aria-hidden=\"true\" class=\"wp-block-spacer\"><\/div>\n","protected":false},"excerpt":{"rendered":"<p>Tras el \u00e9xito de la promoci\u00f3n \u00abManso Men\u00fa\u00bb, impulsada por el Gobierno de Mendoza en&hellip;<\/p>\n","protected":false},"author":2,"featured_media":164908,"comment_status":"closed","ping_status":"open","sticky":false,"template":"","format":"standard","meta":{"footnotes":""},"categories":[11],"tags":[],"class_list":["post-164904","post","type-post","status-publish","format-standard","has-post-thumbnail","hentry","category-enoturismo"],"_links":{"self":[{"href":"https:\/\/enolife.com.ar\/es\/wp-json\/wp\/v2\/posts\/164904","targetHints":{"allow":["GET"]}}],"collection":[{"href":"https:\/\/enolife.com.ar\/es\/wp-json\/wp\/v2\/posts"}],"about":[{"href":"https:\/\/enolife.com.ar\/es\/wp-json\/wp\/v2\/types\/post"}],"author":[{"embeddable":true,"href":"https:\/\/enolife.com.ar\/es\/wp-json\/wp\/v2\/users\/2"}],"replies":[{"embeddable":true,"href":"https:\/\/enolife.com.ar\/es\/wp-json\/wp\/v2\/comments?post=164904"}],"version-history":[{"count":0,"href":"https:\/\/enolife.com.ar\/es\/wp-json\/wp\/v2\/posts\/164904\/revisions"}],"wp:featuredmedia":[{"embeddable":true,"href":"https:\/\/enolife.com.ar\/es\/wp-json\/wp\/v2\/media\/164908"}],"wp:attachment":[{"href":"https:\/\/enolife.com.ar\/es\/wp-json\/wp\/v2\/media?parent=164904"}],"wp:term":[{"taxonomy":"category","embeddable":true,"href":"https:\/\/enolife.com.ar\/es\/wp-json\/wp\/v2\/categories?post=164904"},{"taxonomy":"post_tag","embeddable":true,"href":"https:\/\/enolife.com.ar\/es\/wp-json\/wp\/v2\/tags?post=164904"}],"curies":[{"name":"wp","href":"https:\/\/api.w.org\/{rel}","templated":true}]}}