{"id":164899,"date":"2025-09-27T15:11:50","date_gmt":"2025-09-27T15:11:50","guid":{"rendered":"https:\/\/enolife.com.ar\/es\/?p=164899"},"modified":"2025-09-30T00:52:35","modified_gmt":"2025-09-30T00:52:35","slug":"seguro-agricola-hasta-el-3-10-toman-denuncias-de-danos-por-el-granizo-en-el-suroeste-de-mendoza","status":"publish","type":"post","link":"https:\/\/enolife.com.ar\/es\/seguro-agricola-hasta-el-3-10-toman-denuncias-de-danos-por-el-granizo-en-el-suroeste-de-mendoza\/","title":{"rendered":"Seguro agr\u00edcola: hasta el 3\/10 toman denuncias de da\u00f1os por el granizo en el suroeste de Mendoza"},"content":{"rendered":"\n<h4 class=\"wp-block-heading\"><em><strong>Tras la fuerte tormenta granizera en varias zonas vitivin\u00edcolas y frutihort\u00edcolas de los departamentos de San Rafael, General Alvear y San Carlos, la Direcci\u00f3n de Contingencias Clim\u00e1ticas (DCC) del Gobierno de Mendoza comunic\u00f3 que el plazo l\u00edmite para presentar denuncias y documentaci\u00f3n es el viernes 3 de octubre. Se trata de un requisito obligatorio para acceder a las compensaciones econ\u00f3micas y financieras que otorga el Estado local.<\/strong><\/em><\/h4>\n\n\n\n<div style=\"height:35px\" aria-hidden=\"true\" class=\"wp-block-spacer\"><\/div>\n\n\n<a href=\"https:\/\/www.linkedin.com\/company\/agrinet-sa\/?originalSubdomain=ar\" aria-label=\"1700X500\"><img loading=\"lazy\" decoding=\"async\" src=\"https:\/\/enolife.com.ar\/es\/wp-content\/uploads\/2021\/11\/1700X500.gif\" alt=\"\"  width=\"1700\" height=\"500\"   \/><\/a>\n\n\n<div style=\"height:45px\" aria-hidden=\"true\" class=\"wp-block-spacer\"><\/div>\n\n\n\n<p>La <strong>Direcci\u00f3n de Contingencias Clim\u00e1ticas (DCC)<\/strong> del <strong>Gobierno de Mendoza<\/strong> habilit\u00f3 la toma de denuncias para productores afectados por la tormenta del 21 de setiembre. El plazo para presentar la documentaci\u00f3n vence el 3 de octubre. Ya se encuentra habilitado el registro de denuncias para los productores agr\u00edcolas de los distritos de <strong>La Consulta<\/strong> y <strong>Eugenio Bustos<\/strong> (San Carlos), <strong>General Alvear <\/strong>(General Alvear) y <strong>Las Malvinas<\/strong>, San Rafael, <strong>Jaime Prats<\/strong> y <strong>Las Paredes<\/strong> (San Rafael), tras los da\u00f1os provocados por la tormenta de granizo ocurrida el pasado domingo 21 de setiembre.<\/p>\n\n\n\n<p>Los titulares de explotaciones agr\u00edcolas que hayan sufrido da\u00f1os podr\u00e1n presentar la denuncia hasta el mi\u00e9rcoles 3 de octubre. El tr\u00e1mite puede realizarse de manera virtual a trav\u00e9s del <strong>RUT\u2013SIA (<a href=\"http:\/\/www.sia.mendoza.gov.ar\/\" target=\"_blank\" rel=\"noreferrer noopener\">www.sia.mendoza.gov.ar<\/a><\/strong>) o presencial en las delegaciones y centros receptores de la DCC.<\/p>\n\n\n\n<div style=\"height:35px\" aria-hidden=\"true\" class=\"wp-block-spacer\"><\/div>\n\n\n\n<p class=\"has-medium-font-size\"><strong>Heladas<\/strong><\/p>\n\n\n\n<p>En paralelo, los equipos t\u00e9cnicos de la DCC recorrieron las zonas donde se registraron <strong>heladas <\/strong>durante el <strong>lunes 22\/9<\/strong>, que podr\u00edan haber impactado en los cultivos. Si bien se observaron indicios de posibles da\u00f1os, se record\u00f3 que el protocolo establece un plazo de 20 d\u00edas de observaci\u00f3n desde la ocurrencia del evento para determinar la magnitud real de las p\u00e9rdidas. Una vez cumplido ese per\u00edodo, se habilitar\u00e1 la toma de denuncias correspondiente.<\/p>\n\n\n\n<div style=\"height:31px\" aria-hidden=\"true\" class=\"wp-block-spacer\"><\/div>\n\n\n\n<p class=\"has-small-font-size\"><em><strong>Fuente: Gobierno de Mendoza<\/strong><\/em><\/p>\n\n\n\n<div style=\"height:35px\" aria-hidden=\"true\" class=\"wp-block-spacer\"><\/div>\n","protected":false},"excerpt":{"rendered":"<p>Tras la fuerte tormenta granizera en varias zonas vitivin\u00edcolas y frutihort\u00edcolas de los departamentos de&hellip;<\/p>\n","protected":false},"author":2,"featured_media":164903,"comment_status":"closed","ping_status":"open","sticky":false,"template":"","format":"standard","meta":{"footnotes":""},"categories":[14],"tags":[],"class_list":["post-164899","post","type-post","status-publish","format-standard","has-post-thumbnail","hentry","category-news"],"_links":{"self":[{"href":"https:\/\/enolife.com.ar\/es\/wp-json\/wp\/v2\/posts\/164899","targetHints":{"allow":["GET"]}}],"collection":[{"href":"https:\/\/enolife.com.ar\/es\/wp-json\/wp\/v2\/posts"}],"about":[{"href":"https:\/\/enolife.com.ar\/es\/wp-json\/wp\/v2\/types\/post"}],"author":[{"embeddable":true,"href":"https:\/\/enolife.com.ar\/es\/wp-json\/wp\/v2\/users\/2"}],"replies":[{"embeddable":true,"href":"https:\/\/enolife.com.ar\/es\/wp-json\/wp\/v2\/comments?post=164899"}],"version-history":[{"count":0,"href":"https:\/\/enolife.com.ar\/es\/wp-json\/wp\/v2\/posts\/164899\/revisions"}],"wp:featuredmedia":[{"embeddable":true,"href":"https:\/\/enolife.com.ar\/es\/wp-json\/wp\/v2\/media\/164903"}],"wp:attachment":[{"href":"https:\/\/enolife.com.ar\/es\/wp-json\/wp\/v2\/media?parent=164899"}],"wp:term":[{"taxonomy":"category","embeddable":true,"href":"https:\/\/enolife.com.ar\/es\/wp-json\/wp\/v2\/categories?post=164899"},{"taxonomy":"post_tag","embeddable":true,"href":"https:\/\/enolife.com.ar\/es\/wp-json\/wp\/v2\/tags?post=164899"}],"curies":[{"name":"wp","href":"https:\/\/api.w.org\/{rel}","templated":true}]}}