{"id":164838,"date":"2025-09-24T13:22:24","date_gmt":"2025-09-24T13:22:24","guid":{"rendered":"https:\/\/enolife.com.ar\/es\/?p=164838"},"modified":"2025-09-26T14:52:26","modified_gmt":"2025-09-26T14:52:26","slug":"cierra-el-3-10-25-la-inscripcion-al-congreso-latinoamericano-de-viticultura-y-enologia-de-chile","status":"publish","type":"post","link":"https:\/\/enolife.com.ar\/es\/cierra-el-3-10-25-la-inscripcion-al-congreso-latinoamericano-de-viticultura-y-enologia-de-chile\/","title":{"rendered":"Cierra el 3\/10\/25 la inscripci\u00f3n al Congreso Latinoamericano de Viticultura y Enolog\u00eda de Chile"},"content":{"rendered":"\n<h4 class=\"wp-block-heading\"><em><strong>El encuentro en Santiago de Chile, del 4 al 7 de noviembre de 2025, reunir\u00e1 a unos 400 profesionales y acad\u00e9micos de todo el continente, con reuniones de negocios, presentaci\u00f3n de trabajos cient\u00edficos, mesas redondas y salidas al campo. Aqu\u00ed el link de inscripci\u00f3n.<\/strong><\/em><\/h4>\n\n\n\n<div style=\"height:31px\" aria-hidden=\"true\" class=\"wp-block-spacer\"><\/div>\n\n\n<a href=\"https:\/\/www.dellatoffola.com.ar\/es\/home\" aria-label=\"Banner Filtro Omnia_1700x500\"><img loading=\"lazy\" decoding=\"async\" src=\"https:\/\/enolife.com.ar\/es\/wp-content\/uploads\/2023\/10\/Banner-Filtro-Omnia_1700x500.png\" alt=\"\"  srcset=\"https:\/\/enolife.com.ar\/es\/wp-content\/uploads\/2023\/10\/Banner-Filtro-Omnia_1700x500.png 1699w, https:\/\/enolife.com.ar\/es\/wp-content\/uploads\/2023\/10\/Banner-Filtro-Omnia_1700x500-300x88.png 300w, https:\/\/enolife.com.ar\/es\/wp-content\/uploads\/2023\/10\/Banner-Filtro-Omnia_1700x500-1024x301.png 1024w, https:\/\/enolife.com.ar\/es\/wp-content\/uploads\/2023\/10\/Banner-Filtro-Omnia_1700x500-768x226.png 768w, https:\/\/enolife.com.ar\/es\/wp-content\/uploads\/2023\/10\/Banner-Filtro-Omnia_1700x500-1536x452.png 1536w, https:\/\/enolife.com.ar\/es\/wp-content\/uploads\/2023\/10\/Banner-Filtro-Omnia_1700x500-1170x344.png 1170w, https:\/\/enolife.com.ar\/es\/wp-content\/uploads\/2023\/10\/Banner-Filtro-Omnia_1700x500-585x172.png 585w\" sizes=\"auto, (max-width: 1699px) 100vw, 1699px\" width=\"1699\" height=\"500\"   \/><\/a>\n\n\n<div style=\"height:45px\" aria-hidden=\"true\" class=\"wp-block-spacer\"><\/div>\n\n\n\n<p>La comisi\u00f3n organizadora del <strong>Congreso Latinoamericano de Viticultura y Enolog\u00eda 2025<\/strong>, que se llevar\u00e1 a cabo en Santiago de Chile del 4 al 7 de noviembre pr\u00f3ximo, extendi\u00f3 el plazo de inscripciones hasta el viernes 3 de octubre pr\u00f3ximo.<\/p>\n\n\n<div class=\"wp-block-image\">\n<figure class=\"alignleft size-large is-resized\"><a href=\"https:\/\/enolife.com.ar\/es\/wp-content\/uploads\/2025\/09\/image-47.png\" data-rel=\"penci-gallery-image-content\" ><img loading=\"lazy\" decoding=\"async\" width=\"1024\" height=\"1024\" src=\"https:\/\/enolife.com.ar\/es\/wp-content\/uploads\/2025\/09\/image-47-1024x1024.png\" alt=\"\" class=\"wp-image-164841\" style=\"width:310px;height:auto\" srcset=\"https:\/\/enolife.com.ar\/es\/wp-content\/uploads\/2025\/09\/image-47-1024x1024.png 1024w, https:\/\/enolife.com.ar\/es\/wp-content\/uploads\/2025\/09\/image-47-300x300.png 300w, https:\/\/enolife.com.ar\/es\/wp-content\/uploads\/2025\/09\/image-47-150x150.png 150w, https:\/\/enolife.com.ar\/es\/wp-content\/uploads\/2025\/09\/image-47-768x768.png 768w, https:\/\/enolife.com.ar\/es\/wp-content\/uploads\/2025\/09\/image-47-585x585.png 585w, https:\/\/enolife.com.ar\/es\/wp-content\/uploads\/2025\/09\/image-47.png 1080w\" sizes=\"auto, (max-width: 1024px) 100vw, 1024px\" \/><\/a><\/figure><\/div>\n\n\n<p>El encuentro ser\u00e1 una oportunidad para participar en esta importante instancia de actualizaci\u00f3n t\u00e9cnica, junto a expositores internacionales de primer nivel, y ampliar la red de contactos con profesionales de distintas regiones productoras. Se espera la concurrencia de alrededor de 400 profesionales y acad\u00e9micos de toda Am\u00e9rica Latina, que aportar\u00e1n para construir el futuro del patrimonio vitivin\u00edcola del continente.<\/p>\n\n\n\n<p>El valor de la inscripci\u00f3n incluye el acceso a las charlas, catas t\u00e9cnicas, foro y mesas redondas sobre la actualidad de este rubro, salidas t\u00e9cnicas a terreno, adem\u00e1s de los almuerzos y <em>coffee breaks.<\/em><\/p>\n\n\n\n<p>El XVII Congreso Latinoamericano de Viticultura y Enolog\u00eda se realizar\u00e1 los d\u00edas 4 y 7 de noviembre de 2025, en el Hotel Plaza San Francisco Santiago de Chile, Av. Libertador Bernardo O\u00b4higgins 816, regi\u00f3n Metropolitana.<\/p>\n\n\n\n<div style=\"height:26px\" aria-hidden=\"true\" class=\"wp-block-spacer\"><\/div>\n\n\n\n<p class=\"has-background\" style=\"background-color:#abb7c269\"><strong>Inscripci\u00f3n <a href=\"https:\/\/congresoenologia.com\/product\/inscripcion-congreso\/\">AQU\u00cd<\/a><\/strong><\/p>\n\n\n\n<div style=\"height:35px\" aria-hidden=\"true\" class=\"wp-block-spacer\"><\/div>\n","protected":false},"excerpt":{"rendered":"<p>El encuentro en Santiago de Chile, del 4 al 7 de noviembre de 2025, reunir\u00e1&hellip;<\/p>\n","protected":false},"author":2,"featured_media":164845,"comment_status":"closed","ping_status":"open","sticky":false,"template":"","format":"standard","meta":{"footnotes":""},"categories":[47],"tags":[],"class_list":["post-164838","post","type-post","status-publish","format-standard","has-post-thumbnail","hentry","category-agenda"],"_links":{"self":[{"href":"https:\/\/enolife.com.ar\/es\/wp-json\/wp\/v2\/posts\/164838","targetHints":{"allow":["GET"]}}],"collection":[{"href":"https:\/\/enolife.com.ar\/es\/wp-json\/wp\/v2\/posts"}],"about":[{"href":"https:\/\/enolife.com.ar\/es\/wp-json\/wp\/v2\/types\/post"}],"author":[{"embeddable":true,"href":"https:\/\/enolife.com.ar\/es\/wp-json\/wp\/v2\/users\/2"}],"replies":[{"embeddable":true,"href":"https:\/\/enolife.com.ar\/es\/wp-json\/wp\/v2\/comments?post=164838"}],"version-history":[{"count":0,"href":"https:\/\/enolife.com.ar\/es\/wp-json\/wp\/v2\/posts\/164838\/revisions"}],"wp:featuredmedia":[{"embeddable":true,"href":"https:\/\/enolife.com.ar\/es\/wp-json\/wp\/v2\/media\/164845"}],"wp:attachment":[{"href":"https:\/\/enolife.com.ar\/es\/wp-json\/wp\/v2\/media?parent=164838"}],"wp:term":[{"taxonomy":"category","embeddable":true,"href":"https:\/\/enolife.com.ar\/es\/wp-json\/wp\/v2\/categories?post=164838"},{"taxonomy":"post_tag","embeddable":true,"href":"https:\/\/enolife.com.ar\/es\/wp-json\/wp\/v2\/tags?post=164838"}],"curies":[{"name":"wp","href":"https:\/\/api.w.org\/{rel}","templated":true}]}}