{"id":164742,"date":"2025-09-26T11:18:00","date_gmt":"2025-09-26T11:18:00","guid":{"rendered":"https:\/\/enolife.com.ar\/es\/?p=164742"},"modified":"2025-09-29T16:12:30","modified_gmt":"2025-09-29T16:12:30","slug":"ciclo-de-cine-sobre-el-vino-y-su-mundo-en-octubre-en-la-enoteca-con-desgustaciones-y-debates","status":"publish","type":"post","link":"https:\/\/enolife.com.ar\/es\/ciclo-de-cine-sobre-el-vino-y-su-mundo-en-octubre-en-la-enoteca-con-desgustaciones-y-debates\/","title":{"rendered":"Ciclo de cine sobre el vino y su mundo en octubre en La Enoteca, con degustaciones y debates"},"content":{"rendered":"\n<h4 class=\"wp-block-heading\"><em><strong>La Enoteca -centro tem\u00e1tico del vino de la Ciudad de Mendoza- lanz\u00f3 una nueva edici\u00f3n del ciclo\u00a0de cine Most al Sur, que exhibe pel\u00edculas que ponen en valor la riqueza de la cultura vitivin\u00edcola, en Argentina y el mundo. Las entradas -a un precio de $2.500- ya pueden adquirirse en Evenbrite y ser\u00e1n a beneficio del Banco de Alimentos de Mendoza. En tres sesiones -1, 8 y 15\/10- se podr\u00e1n disfrutar cortos y largometrajes, documentales y los buenos vinos de la provincia.<\/strong><\/em><\/h4>\n\n\n\n<div style=\"height:35px\" aria-hidden=\"true\" class=\"wp-block-spacer\"><\/div>\n\n\n<a href=\"https:\/\/durox.com.ar\/\" aria-label=\"1700x500px\"><img loading=\"lazy\" decoding=\"async\" src=\"https:\/\/enolife.com.ar\/es\/wp-content\/uploads\/2025\/01\/1700x500px.jpg\" alt=\"\"  srcset=\"https:\/\/enolife.com.ar\/es\/wp-content\/uploads\/2025\/01\/1700x500px.jpg 1700w, https:\/\/enolife.com.ar\/es\/wp-content\/uploads\/2025\/01\/1700x500px-300x88.jpg 300w, https:\/\/enolife.com.ar\/es\/wp-content\/uploads\/2025\/01\/1700x500px-1024x301.jpg 1024w, https:\/\/enolife.com.ar\/es\/wp-content\/uploads\/2025\/01\/1700x500px-768x226.jpg 768w, https:\/\/enolife.com.ar\/es\/wp-content\/uploads\/2025\/01\/1700x500px-1536x452.jpg 1536w, https:\/\/enolife.com.ar\/es\/wp-content\/uploads\/2025\/01\/1700x500px-1170x344.jpg 1170w, https:\/\/enolife.com.ar\/es\/wp-content\/uploads\/2025\/01\/1700x500px-585x172.jpg 585w\" sizes=\"auto, (max-width: 1700px) 100vw, 1700px\" width=\"1700\" height=\"500\"   \/><\/a>\n\n\n<div style=\"height:45px\" aria-hidden=\"true\" class=\"wp-block-spacer\"><\/div>\n\n\n\n<p>La <strong>Enoteca de Mendoza<\/strong> ser\u00e1 el escenario para una nueva edici\u00f3n del ciclo&nbsp;de cine <strong>Most al Sur<\/strong>, con realizaciones audiovisuales que ponen en valor y exploran la riqueza de la cultura vitivin\u00edcola alrededor del mundo. Las entradas -a un precio de $2.500- ya pueden adquirirse en Evenbrite, a beneficio de la organizaci\u00f3n solidaria Banco de Alimentos de Mendoza. En su primer encuentro, Most al Sur estrenar\u00e1 en Argentina la pel\u00edcula <strong>\u201cEl camino de la uva\u201d<\/strong> sobre&nbsp;el en\u00f3logo y productor local <strong>Mat\u00edas Michelini<\/strong>&nbsp;y sus hermanos, protagonistas indiscutibles de una de las revoluciones m\u00e1s interesantes en la vitivinicultura argentina.<\/p>\n\n\n<div class=\"wp-block-image\">\n<figure class=\"alignleft size-full\"><a href=\"https:\/\/enolife.com.ar\/es\/wp-content\/uploads\/2025\/09\/image.jpg\" data-rel=\"penci-gallery-image-content\" ><img loading=\"lazy\" decoding=\"async\" width=\"430\" height=\"215\" src=\"https:\/\/enolife.com.ar\/es\/wp-content\/uploads\/2025\/09\/image.jpg\" alt=\"\" class=\"wp-image-164748\" srcset=\"https:\/\/enolife.com.ar\/es\/wp-content\/uploads\/2025\/09\/image.jpg 430w, https:\/\/enolife.com.ar\/es\/wp-content\/uploads\/2025\/09\/image-300x150.jpg 300w\" sizes=\"auto, (max-width: 430px) 100vw, 430px\" \/><\/a><\/figure><\/div>\n\n\n<p>El cine ofrece la posibilidad de conocer el mundo. Y cuando se trata de vinos, abre una ventana para apreciar otras maneras de hacer vino y de entender c\u00f3mo la vitivinicultura modela la forma de ser de otras sociedades. Esa es la propuesta del ciclo Most al Sur, una exhibici\u00f3n de trabajos que en su mayor\u00eda han pasado por el <strong>Festival MOST de Cine del Vino que se desarrolla en Catalu\u00f1a (Espa\u00f1a) <\/strong>y otros filmados en Argentina y otros pa\u00edses.<\/p>\n\n\n\n<p><em>\u201cApreciar el cine como expresi\u00f3n cultural tiene todo que ver con el vino, el cine y el vino son productos que llevan la impronta del paisaje y sobre todo de las personas que protagonizan un proceso rico donde cultura, trabajo y miradas singulares se unen para el disfrute, la reflexi\u00f3n y el placer<\/em>\u201d, reflexionaron desde el <strong>Fondo Vitivin\u00edcola<\/strong>, organizador de la propuesta. <\/p>\n\n\n\n<p>Se exhibir\u00e1n cortos de <strong>Italia, Francia y Espa\u00f1a<\/strong> y el trabajo ganador del Concurso PODA Cortos del Vino 2024: <strong>\u201cTierra Malbec\u201d<\/strong>, certamen desarrollado conjuntamente entre el <strong>Gobierno de Mendoza<\/strong>, la <strong>Mendoza Film Commission<\/strong> y el <strong>Fondo Vitivin\u00edcola.<\/strong><\/p>\n\n\n\n<p>Los mi\u00e9rcoles 1, 8 y 15 de octubre, a las 20 en La Enoteca (Peltier 611, Mendoza, Capital) se encender\u00e1 el proyector para disfrutar de la programaci\u00f3n.<\/p>\n\n\n\n<div style=\"height:28px\" aria-hidden=\"true\" class=\"wp-block-spacer\"><\/div>\n\n\n\n<p class=\"has-background\" style=\"background-color:#abb7c245\"><strong>Las entradas, disponibles en&nbsp;<a href=\"https:\/\/www.eventbrite.com.ar\/e\/ciclo-most-al-sur-cine-del-vino-2025-tickets-1708135271579?aff=oddtdtcreator\">Eventbrite<\/a>, tienen un precio muy accesible y todo lo recaudado se donar\u00e1 al Banco de Alimentos.<\/strong><\/p>\n\n\n\n<div style=\"height:45px\" aria-hidden=\"true\" class=\"wp-block-spacer\"><\/div>\n\n\n\n<p class=\"has-medium-font-size\"><strong>Agenda de los encuentros<\/strong><\/p>\n\n\n\n<p class=\"has-background\" style=\"background-color:#abb7c247\"><strong>1 de octubre<\/strong><\/p>\n\n\n\n<p><strong>\u201cEl camino de la uva: Los Michelini\u201d<\/strong>. Argentina, 2024. Documental de Santos Lanusse y Tom\u00e1s Frezza que refleja la determinaci\u00f3n, el entusiasmo y la pasi\u00f3n de Mat\u00edas Michelini y sus hermanos para crear Super Uco, un proyecto que, adem\u00e1s de sorprender por la singularidad de sus vinos, define una forma de vida donde la familia y el respeto por la naturaleza son los motores fundamentales.<\/p>\n\n\n\n<p><strong>\u201cAbatt\u00e9\u201d (Abatida)<\/strong>. Francia, 2023. Ficci\u00f3n. Para Cassandre, una madre soltera que recientemente se hizo cargo de un vi\u00f1edo, cada d\u00eda es una batalla para mantenerse a flote, pero encuentra en la uni\u00f3n la clave para salir adelante.<\/p>\n\n\n\n<p><strong>Selecci\u00f3n de cortos:<\/strong><\/p>\n\n\n\n<ul class=\"wp-block-list\">\n<li><strong>\u201cEl secreto del vino argentino. Cap\u00edtulo 1 y 2<\/strong>\u201d, Mendoza, 2021. El Prof. Hans M\u00fcller ha realizado un asombroso descubrimiento y viaja a la Argentina para confirmar su hip\u00f3tesis: el vino argentino \u00bfargentiniza?<\/li>\n\n\n\n<li><strong>\u201cLa vuelta al vino en 2 minutos. Vinos biodin\u00e1micos y org\u00e1nicos\u201d.&nbsp;<\/strong>Microdocumentales que abordan temas de inter\u00e9s para consumidores a trav\u00e9s de entrevistas con especialistas.<\/li>\n<\/ul>\n\n\n\n<div style=\"height:35px\" aria-hidden=\"true\" class=\"wp-block-spacer\"><\/div>\n\n\n\n<p class=\"has-background\" style=\"background-color:#abb7c247\"><strong>8 de octubre:<\/strong><\/p>\n\n\n\n<p><strong>\u201cEl sue\u00f1o del vino\u201d<\/strong><em>.<\/em> Argentina, 2025. Este documental busca amplificar la resistencia y el patrimonio cultural de los viticultores artesanales de Cafayate, Salta, cuyo oficio encarna una profunda conexi\u00f3n con la tierra. Dirigido por Juan Pablo Domenech y producido por Revista Anchoa, este trabajo es parte de una&nbsp;<a href=\"https:\/\/www.anchoamagazine.com\/es\/cultivando-resistencia\">investigaci\u00f3n multiformato<\/a>&nbsp;de Natalie Alcoba con fotograf\u00edas de Sebasti\u00e1n L\u00f3pez Brach.<\/p>\n\n\n\n<p><strong>\u201cBarolo is dead\u201d.&nbsp;<\/strong>Italia, 2023. Directores: Anna Cordioli, Francesco Moroni Spidalieri, Simone Dipietro. En Castiglione Falletto, un temible hongo proveniente de lugares lejanos ha sido erradicado: la Micelliosa HT-21, el principal enemigo de las vides de Barolo. Los habitantes de este peque\u00f1o pueblo piamont\u00e9s se han dado cuenta de que la \u00fanica soluci\u00f3n a los desastres causados \u200b\u200bpor el cambio clim\u00e1tico es trabajar juntos.<\/p>\n\n\n\n<p><strong>Selecci\u00f3n de cortos:<\/strong><\/p>\n\n\n\n<ul class=\"wp-block-list\">\n<li><strong>\u201cEl secreto del vino argentino. Cap\u00edtulo 3 y 4<\/strong>\u201d.<\/li>\n\n\n\n<li><strong>\u201cLa vuelta al vino en 2 minutos\u201d. Uvas Criollas y Nuevos envases.<\/strong><\/li>\n\n\n\n<li><em>\u201c<strong>Alcornoques\u201d<\/strong><\/em><strong><em>,&nbsp;<\/em><\/strong>Espa\u00f1a, 2023. Animaci\u00f3n dirigida por Dani Segu\u00ed. En un mundo donde todos son tapones de vino, abundan muchos alcornoques. &nbsp;&nbsp;<\/li>\n<\/ul>\n\n\n\n<div style=\"height:35px\" aria-hidden=\"true\" class=\"wp-block-spacer\"><\/div>\n\n\n\n<p class=\"has-background\" style=\"background-color:#abb7c247\"><strong>15 de octubre:<\/strong><\/p>\n\n\n\n<p><strong>\u00abEl duelo del vino\u00bb<\/strong>. Argentina, 2015. Dirigida por Nicol\u00e1s Carrera, es la historia de un experto en vinos que cae en desgracia y se transforma en \u201csommelier fantasma\u201d entrenando a un ignoto personaje para que tome su lugar. Pero las cosas no salen como esperaba.<\/p>\n\n\n\n<p><strong>\u00abTierra Malbec<\/strong>\u00ab<strong>.&nbsp;<\/strong>Argentina, 2025.El Malbec, una cepa originaria de Francia que estuvo al borde de la extinci\u00f3n en su tierra natal, encontr\u00f3 en Argentina su segunda oportunidad y logr\u00f3 transformarse en el emblema vitivin\u00edcola de un pa\u00eds entero. Este cortometraje documental, dirigido por Mercedes C\u00f3rdova y Sergio S\u00e1nchez y ganador del concurso PODA Cortos del Vino 2024, narra la \u00e9pica traves\u00eda de una uva que tuvo que cruzar un oc\u00e9ano para encontrar su verdadera identidad.<\/p>\n\n\n\n<p><strong>\u00abCorto de bajo presupuesto\u00bb<\/strong>. Espa\u00f1a, 2024. Ficci\u00f3n dirigida por Mart\u00edn De Benedetti. Mientras beben una botella de vino, una pareja descubre que est\u00e1n viviendo dentro de una de las situaciones m\u00e1s inc\u00f3modas y tragic\u00f3mica: un corto de bajo presupuesto.<\/p>\n\n\n\n<div style=\"height:35px\" aria-hidden=\"true\" class=\"wp-block-spacer\"><\/div>\n","protected":false},"excerpt":{"rendered":"<p>La Enoteca -centro tem\u00e1tico del vino de la Ciudad de Mendoza- lanz\u00f3 una nueva edici\u00f3n&hellip;<\/p>\n","protected":false},"author":2,"featured_media":164750,"comment_status":"closed","ping_status":"open","sticky":false,"template":"","format":"standard","meta":{"footnotes":""},"categories":[47],"tags":[],"class_list":["post-164742","post","type-post","status-publish","format-standard","has-post-thumbnail","hentry","category-agenda"],"_links":{"self":[{"href":"https:\/\/enolife.com.ar\/es\/wp-json\/wp\/v2\/posts\/164742","targetHints":{"allow":["GET"]}}],"collection":[{"href":"https:\/\/enolife.com.ar\/es\/wp-json\/wp\/v2\/posts"}],"about":[{"href":"https:\/\/enolife.com.ar\/es\/wp-json\/wp\/v2\/types\/post"}],"author":[{"embeddable":true,"href":"https:\/\/enolife.com.ar\/es\/wp-json\/wp\/v2\/users\/2"}],"replies":[{"embeddable":true,"href":"https:\/\/enolife.com.ar\/es\/wp-json\/wp\/v2\/comments?post=164742"}],"version-history":[{"count":0,"href":"https:\/\/enolife.com.ar\/es\/wp-json\/wp\/v2\/posts\/164742\/revisions"}],"wp:featuredmedia":[{"embeddable":true,"href":"https:\/\/enolife.com.ar\/es\/wp-json\/wp\/v2\/media\/164750"}],"wp:attachment":[{"href":"https:\/\/enolife.com.ar\/es\/wp-json\/wp\/v2\/media?parent=164742"}],"wp:term":[{"taxonomy":"category","embeddable":true,"href":"https:\/\/enolife.com.ar\/es\/wp-json\/wp\/v2\/categories?post=164742"},{"taxonomy":"post_tag","embeddable":true,"href":"https:\/\/enolife.com.ar\/es\/wp-json\/wp\/v2\/tags?post=164742"}],"curies":[{"name":"wp","href":"https:\/\/api.w.org\/{rel}","templated":true}]}}