{"id":164694,"date":"2025-09-25T15:09:29","date_gmt":"2025-09-25T15:09:29","guid":{"rendered":"https:\/\/enolife.com.ar\/es\/?p=164694"},"modified":"2025-09-27T17:39:41","modified_gmt":"2025-09-27T17:39:41","slug":"entre-vinos-esculturas-y-dibujos-bodega-santa-abre-la-muestra-de-octavio-joaquin-y-juan-castillo","status":"publish","type":"post","link":"https:\/\/enolife.com.ar\/es\/entre-vinos-esculturas-y-dibujos-bodega-santa-abre-la-muestra-de-octavio-joaquin-y-juan-castillo\/","title":{"rendered":"Entre vinos, esculturas y dibujos, Bodega Santa abre la muestra de Octavio Joaqu\u00edn y Juan Castillo"},"content":{"rendered":"\n<h4 class=\"wp-block-heading\"><em><strong>Del 28\/9 al 28\/11, la Cava de Arte de Bodega Santa Julia, tendr\u00e1 abierta al p\u00fablico la muestra de artes visuales \u201cIntersticios entre piel y pl\u00e1stico\u201d, con esculturas textiles de Octavio Joaqu\u00edn y dibujos de Juan Castillo. La entrada es libre y gratuita, todos los d\u00edas de 9 a 17 hs.<\/strong><\/em><\/h4>\n\n\n\n<div style=\"height:35px\" aria-hidden=\"true\" class=\"wp-block-spacer\"><\/div>\n\n\n<a href=\"https:\/\/www.instagram.com\/agroconciencia_\" aria-label=\"BANNER AGROCONCIENCIA 1700X500\"><img loading=\"lazy\" decoding=\"async\" src=\"https:\/\/enolife.com.ar\/es\/wp-content\/uploads\/2019\/07\/BANNER-AGROCONCIENCIA-1700X500-1.jpg\" alt=\"\"  srcset=\"https:\/\/enolife.com.ar\/es\/wp-content\/uploads\/2019\/07\/BANNER-AGROCONCIENCIA-1700X500-1.jpg 1700w, https:\/\/enolife.com.ar\/es\/wp-content\/uploads\/2019\/07\/BANNER-AGROCONCIENCIA-1700X500-1-300x88.jpg 300w, https:\/\/enolife.com.ar\/es\/wp-content\/uploads\/2019\/07\/BANNER-AGROCONCIENCIA-1700X500-1-1024x301.jpg 1024w, https:\/\/enolife.com.ar\/es\/wp-content\/uploads\/2019\/07\/BANNER-AGROCONCIENCIA-1700X500-1-768x226.jpg 768w, https:\/\/enolife.com.ar\/es\/wp-content\/uploads\/2019\/07\/BANNER-AGROCONCIENCIA-1700X500-1-1536x452.jpg 1536w, https:\/\/enolife.com.ar\/es\/wp-content\/uploads\/2019\/07\/BANNER-AGROCONCIENCIA-1700X500-1-1170x344.jpg 1170w, https:\/\/enolife.com.ar\/es\/wp-content\/uploads\/2019\/07\/BANNER-AGROCONCIENCIA-1700X500-1-585x172.jpg 585w\" sizes=\"auto, (max-width: 1700px) 100vw, 1700px\" width=\"1700\" height=\"500\"   \/><\/a>\n\n\n<div style=\"height:45px\" aria-hidden=\"true\" class=\"wp-block-spacer\"><\/div>\n\n\n\n<p>El domingo 28 de setiembre pr\u00f3ximo comienza la muestra de arte visual <strong>\u201cIntersticios entre piel y pl\u00e1stico\u201d <\/strong>en la <strong>Cava de Arte de Bodega Santa Julia<\/strong>, ubicada en Ruta 33 km 7,5 del departamento de Maip\u00fa, Mendoza. La exposici\u00f3n permanecer\u00e1 abierta hasta el 28 de noviembre, y se podr\u00e1 visitar de lunes a lunes de 9 a 17 hs con entrada libre y gratuita.<\/p>\n\n\n\n<p>Los asistentes tambi\u00e9n ver\u00e1n expuestos los precios de las obras, y los interesados podr\u00e1n adquirirlas comunic\u00e1ndose directamente con los artistas. Tambi\u00e9n, tendr\u00e1n la posibilidad de comprar los buenos vinos de la casa en la tienda de vinos junto a la Cava, o tomarse unas copas all\u00ed mismo. La muestra es una de las habituales en la Cava de Arte creada hace m\u00e1s de 20 a\u00f1os por la pionera y mecenas <strong>Emma Zuccardi,<\/strong> y hoy es administrada por la directora de la bodega, su nieta<strong> Julia Zuccardi<\/strong>, con la curador\u00eda art\u00edstica de la periodista especializada en arte y cultura <strong>Pupi Ag\u00fcero.<\/strong><\/p>\n\n\n\n<p>Esta muestra de esculturas de <strong>Octavio Joaqu\u00edn <\/strong>y de dibujos de<strong> Juan Castillo<\/strong> toma como eje rector la idea de intersticio, como el espacio o distancia simb\u00f3lica entre los dos artistas, sus v\u00ednculos afectivos, formativos e influyentes y el di\u00e1logo que se genera al yuxtaponer ambas producciones.<\/p>\n\n\n\n<p>La idea de intersticio tambi\u00e9n aparece como un elemento articulador del dise\u00f1o expositivo a trav\u00e9s de diferentes elementos del espacio, como son las circulaciones, las permanencias y los vac\u00edos, generando nichos de interacci\u00f3n entre las dos propuestas. Adem\u00e1s, este concepto es propio de los procedimientos t\u00e9cnicos\u00a0 de cada artista, donde el intervalo juega un papel crucial.<\/p>\n\n\n\n<div style=\"height:35px\" aria-hidden=\"true\" class=\"wp-block-spacer\"><\/div>\n\n\n\n<figure class=\"wp-block-gallery has-nested-images columns-default is-cropped wp-block-gallery-1 is-layout-flex wp-block-gallery-is-layout-flex\">\n<figure class=\"wp-block-image size-full\"><a href=\"https:\/\/enolife.com.ar\/es\/wp-content\/uploads\/2025\/09\/la-Vision-de-Benito.-tinta-sobre-papel.-75x55-cm.jpg\" data-rel=\"penci-gallery-image-content\" ><img loading=\"lazy\" decoding=\"async\" width=\"400\" height=\"542\" data-id=\"164701\" src=\"https:\/\/enolife.com.ar\/es\/wp-content\/uploads\/2025\/09\/la-Vision-de-Benito.-tinta-sobre-papel.-75x55-cm.jpg\" alt=\"\" class=\"wp-image-164701\" srcset=\"https:\/\/enolife.com.ar\/es\/wp-content\/uploads\/2025\/09\/la-Vision-de-Benito.-tinta-sobre-papel.-75x55-cm.jpg 400w, https:\/\/enolife.com.ar\/es\/wp-content\/uploads\/2025\/09\/la-Vision-de-Benito.-tinta-sobre-papel.-75x55-cm-221x300.jpg 221w\" sizes=\"auto, (max-width: 400px) 100vw, 400px\" \/><\/a><figcaption class=\"wp-element-caption\"><strong><em>Dibujo de Juan Castillo<\/em><\/strong><\/figcaption><\/figure>\n\n\n\n<figure class=\"wp-block-image size-full\"><a href=\"https:\/\/enolife.com.ar\/es\/wp-content\/uploads\/2025\/09\/prensa-Joaquin.jpg\" data-rel=\"penci-gallery-image-content\" ><img loading=\"lazy\" decoding=\"async\" width=\"400\" height=\"557\" data-id=\"164702\" src=\"https:\/\/enolife.com.ar\/es\/wp-content\/uploads\/2025\/09\/prensa-Joaquin.jpg\" alt=\"\" class=\"wp-image-164702\" srcset=\"https:\/\/enolife.com.ar\/es\/wp-content\/uploads\/2025\/09\/prensa-Joaquin.jpg 400w, https:\/\/enolife.com.ar\/es\/wp-content\/uploads\/2025\/09\/prensa-Joaquin-215x300.jpg 215w\" sizes=\"auto, (max-width: 400px) 100vw, 400px\" \/><\/a><figcaption class=\"wp-element-caption\"><strong><em>Escultura textil de Octavio Joaqu\u00edn<\/em><\/strong><\/figcaption><\/figure>\n<\/figure>\n\n\n\n<div style=\"height:35px\" aria-hidden=\"true\" class=\"wp-block-spacer\"><\/div>\n\n\n\n<p>Joaqu\u00edn presenta un conjunto de esculturas textiles de la serie <strong>\u201cLo que mata embellece\u201d<\/strong>, desarrolladas a partir del tejido con nudos de fibras pl\u00e1sticas recicladas. A trav\u00e9s de operaciones como la reutilizaci\u00f3n de desechos y la resignificaci\u00f3n\u00a0 de esos materiales, el artista busca crear belleza al tiempo que propone reflexionar sobre el comportamiento humano\u00a0 y su conciencia como cohabitante de este planeta.<\/p>\n\n\n\n<p>Por su parte, Castillo confronta dibujos figurativos de tinta sobre papel de las series <strong>\u201cH\u00edbridos\u201d<\/strong> y <strong>\u201cBestiario\u201d<\/strong>, con dibujos digitales abstractos de la serie <strong>\u201cLa imagen devorada\u201d<\/strong> y sus posibles formas de materializaci\u00f3n. En ellos se contraponen criaturas combinadas y simb\u00f3licas con abstracciones que dejan entrever restos de animales que se han vuelto et\u00e9reos.<\/p>\n\n\n\n<div style=\"height:35px\" aria-hidden=\"true\" class=\"wp-block-spacer\"><\/div>\n\n\n\n<p class=\"has-medium-font-size\"><strong>Octavio Joaqu\u00edn<\/strong><\/p>\n\n\n\n<p>Nacido en Mendoza en 1958, vive y trabaja en la provincia.<\/p>\n\n\n\n<p>Estudi\u00f3 Artes Visuales en la Escuela Superior de Bellas Artes de Mendoza. Expone desde 1978 hasta la fecha en forma colectiva e individual en el pa\u00eds y en el exterior tanto en espacios estatales como privados. Sus obras integran la Colecci\u00f3n del Museo de Arte Moderno de Mendoza\u00a0 y la colecci\u00f3n del Museo Fader entre otras de Argentina y el mundo.<\/p>\n\n\n\n<div style=\"height:35px\" aria-hidden=\"true\" class=\"wp-block-spacer\"><\/div>\n\n\n<div class=\"wp-block-image\">\n<figure class=\"aligncenter size-full is-resized\"><a href=\"https:\/\/enolife.com.ar\/es\/wp-content\/uploads\/2025\/09\/MGL6171-1024x576-1.jpg\" data-rel=\"penci-gallery-image-content\" ><img loading=\"lazy\" decoding=\"async\" width=\"747\" height=\"467\" src=\"https:\/\/enolife.com.ar\/es\/wp-content\/uploads\/2025\/09\/MGL6171-1024x576-1.jpg\" alt=\"\" class=\"wp-image-164697\" style=\"width:589px;height:auto\" srcset=\"https:\/\/enolife.com.ar\/es\/wp-content\/uploads\/2025\/09\/MGL6171-1024x576-1.jpg 747w, https:\/\/enolife.com.ar\/es\/wp-content\/uploads\/2025\/09\/MGL6171-1024x576-1-300x188.jpg 300w, https:\/\/enolife.com.ar\/es\/wp-content\/uploads\/2025\/09\/MGL6171-1024x576-1-585x366.jpg 585w\" sizes=\"auto, (max-width: 747px) 100vw, 747px\" \/><\/a><\/figure><\/div>\n\n\n<div style=\"height:35px\" aria-hidden=\"true\" class=\"wp-block-spacer\"><\/div>\n\n\n\n<p>Desde el 2000 hasta el 2024 desarroll\u00f3, desde las Artes Visuales, la formaci\u00f3n en <strong>Arteterapia en la Escuela del Hospital Psiqui\u00e1trico Dr. Carlos Pereyra de Mendoza,<\/strong> trabajando en lo asistencial, en docencia y orientaci\u00f3n. Tambi\u00e9n en otras Instituciones del Estado pertenecientes al Ministerio de Salud de Mendoza, a la Direcci\u00f3n General de Escuelas de Mendoza y a la Universidad Nacional de Cuyo. Participa en Congresos en Mendoza, Buenos Aires, Chile y Brasil, en mesas expositivas y talleres sobre el abordaje asistencial.<\/p>\n\n\n\n<div style=\"height:35px\" aria-hidden=\"true\" class=\"wp-block-spacer\"><\/div>\n\n\n\n<p class=\"has-medium-font-size\"><strong>Juan Castillo<\/strong><\/p>\n\n\n\n<p>Nacido en 1979 en Mendoza, vive y trabaja en la provincia.<\/p>\n\n\n\n<p>Licenciado en Artes Pl\u00e1sticas de la Universidad Nacional de Cuyo, desde 2003 expone en forma individual y colectiva. Es gestor y docente. Su producci\u00f3n gira en torno al dibujo, la pintura, lo gr\u00e1fico-digital y lo textil, con po\u00e9ticas surrealistas y animalistas\u00a0 atravesadas por lo popular y el gusto por el oficio. Desde 2017 conforma el colectivo \u201cHada Rosa\u201d junto a Ayel\u00e9n Villalba. Recibi\u00f3 la Beca Yungas Arte Contempor\u00e1neo (2013) y las Becas del Fondo Nacional de las Artes en 2010 y 2011.<\/p>\n\n\n\n<div style=\"height:35px\" aria-hidden=\"true\" class=\"wp-block-spacer\"><\/div>\n\n\n<div class=\"wp-block-image\">\n<figure class=\"aligncenter size-large is-resized\"><a href=\"https:\/\/enolife.com.ar\/es\/wp-content\/uploads\/2025\/09\/juan-castillo.webp\"><img loading=\"lazy\" decoding=\"async\" width=\"1024\" height=\"576\" src=\"https:\/\/enolife.com.ar\/es\/wp-content\/uploads\/2025\/09\/juan-castillo-1024x576.webp\" alt=\"\" class=\"wp-image-164698\" style=\"width:616px;height:auto\" srcset=\"https:\/\/enolife.com.ar\/es\/wp-content\/uploads\/2025\/09\/juan-castillo-1024x576.webp 1024w, https:\/\/enolife.com.ar\/es\/wp-content\/uploads\/2025\/09\/juan-castillo-300x169.webp 300w, https:\/\/enolife.com.ar\/es\/wp-content\/uploads\/2025\/09\/juan-castillo-768x432.webp 768w, https:\/\/enolife.com.ar\/es\/wp-content\/uploads\/2025\/09\/juan-castillo-1170x658.webp 1170w, https:\/\/enolife.com.ar\/es\/wp-content\/uploads\/2025\/09\/juan-castillo-585x329.webp 585w, https:\/\/enolife.com.ar\/es\/wp-content\/uploads\/2025\/09\/juan-castillo.webp 1200w\" sizes=\"auto, (max-width: 1024px) 100vw, 1024px\" \/><\/a><\/figure><\/div>\n\n\n<div style=\"height:35px\" aria-hidden=\"true\" class=\"wp-block-spacer\"><\/div>\n\n\n\n<p>Participa de salones nacionales entre los que se destacan, en 2025, el Sal\u00f3n Nacional de Artes Visuales; en 2023 Premio Ita\u00fa Artes visuales (Colectivo Hada Rosa; en 2019, Premio Fundaci\u00f3n Fortab y tambi\u00e9n en 2019, con Menci\u00f3n, en el Concurso Nacional J\u00f3venes Grabadores.<\/p>\n\n\n\n<p>Sus obras integran las colecciones del Museo de Arte Moderno de Mendoza, Museo Fader, Museo Regional Americanista de Lujan de Cuyo y otros museos y galer\u00edas de Argentina, Uruguay, Alemania, Estados Unidos, Espa\u00f1a, M\u00e9xico y Nueva Zelanda.<\/p>\n\n\n\n<div style=\"height:35px\" aria-hidden=\"true\" class=\"wp-block-spacer\"><\/div>\n","protected":false},"excerpt":{"rendered":"<p>Del 28\/9 al 28\/11, la Cava de Arte de Bodega Santa Julia, tendr\u00e1 abierta al&hellip;<\/p>\n","protected":false},"author":2,"featured_media":164705,"comment_status":"closed","ping_status":"open","sticky":false,"template":"","format":"standard","meta":{"footnotes":""},"categories":[47],"tags":[],"class_list":["post-164694","post","type-post","status-publish","format-standard","has-post-thumbnail","hentry","category-agenda"],"_links":{"self":[{"href":"https:\/\/enolife.com.ar\/es\/wp-json\/wp\/v2\/posts\/164694","targetHints":{"allow":["GET"]}}],"collection":[{"href":"https:\/\/enolife.com.ar\/es\/wp-json\/wp\/v2\/posts"}],"about":[{"href":"https:\/\/enolife.com.ar\/es\/wp-json\/wp\/v2\/types\/post"}],"author":[{"embeddable":true,"href":"https:\/\/enolife.com.ar\/es\/wp-json\/wp\/v2\/users\/2"}],"replies":[{"embeddable":true,"href":"https:\/\/enolife.com.ar\/es\/wp-json\/wp\/v2\/comments?post=164694"}],"version-history":[{"count":0,"href":"https:\/\/enolife.com.ar\/es\/wp-json\/wp\/v2\/posts\/164694\/revisions"}],"wp:featuredmedia":[{"embeddable":true,"href":"https:\/\/enolife.com.ar\/es\/wp-json\/wp\/v2\/media\/164705"}],"wp:attachment":[{"href":"https:\/\/enolife.com.ar\/es\/wp-json\/wp\/v2\/media?parent=164694"}],"wp:term":[{"taxonomy":"category","embeddable":true,"href":"https:\/\/enolife.com.ar\/es\/wp-json\/wp\/v2\/categories?post=164694"},{"taxonomy":"post_tag","embeddable":true,"href":"https:\/\/enolife.com.ar\/es\/wp-json\/wp\/v2\/tags?post=164694"}],"curies":[{"name":"wp","href":"https:\/\/api.w.org\/{rel}","templated":true}]}}