{"id":164560,"date":"2025-09-20T23:16:06","date_gmt":"2025-09-20T23:16:06","guid":{"rendered":"https:\/\/enolife.com.ar\/es\/?p=164560"},"modified":"2025-09-22T23:36:51","modified_gmt":"2025-09-22T23:36:51","slug":"entregan-feromonas-e-insecticidas-para-combatir-la-polilla-de-la-vid-en-50-000-ha-de-4-000-viticultores","status":"publish","type":"post","link":"https:\/\/enolife.com.ar\/es\/entregan-feromonas-e-insecticidas-para-combatir-la-polilla-de-la-vid-en-50-000-ha-de-4-000-viticultores\/","title":{"rendered":"Entregan feromonas e insecticidas para combatir la polilla de la vid en 50.000 ha de 4.000 viticultores"},"content":{"rendered":"\n<h4 class=\"wp-block-heading\"><em><strong>Como parte de la primera etapa del operativo dise\u00f1ado por el gobierno de Mendoza y el Instituto de Sanidad y Calidad Agropecuaria (Iscamen) de esta provincia, contin\u00faan distribuy\u00e9ndose en distintas sedes de los departamentos de Guaymall\u00e9n, San Rafael, San Mart\u00edn, Tunuy\u00e1n y General Alvear los difusores de feromonas para la implementaci\u00f3n de la t\u00e9cnica de confusi\u00f3n sexual, que constituye una de las herramientas de control de la da\u00f1ina plaga lobesia botrana. En los pr\u00f3ximos d\u00edas se continuar\u00e1 con la entrega de insecticidas espec\u00edficos contra el insecto.<\/strong><\/em><\/h4>\n\n\n\n<p>Bajada<\/p>\n\n\n\n<div style=\"height:35px\" aria-hidden=\"true\" class=\"wp-block-spacer\"><\/div>\n\n\n\n\n\n<div style=\"height:45px\" aria-hidden=\"true\" class=\"wp-block-spacer\"><\/div>\n\n\n\n<p>En esta primera etapa del plan solventado con fondos provinciales, se destinaron difusores de feromonas para cubrir<strong> 50.000 hect\u00e1reas de vid<\/strong> distribuidos en todos los oasis productivos, de acuerdo con la presi\u00f3n de la plaga de la <strong>polilla de la vid o lobesia botrana<\/strong> en la provincia. Se prev\u00e9 asistir a m\u00e1s de <strong>4.000 productores,<\/strong> buscando que la colocaci\u00f3n de los difusores se lleve a cabo en los pr\u00f3ximos d\u00edas en los cultivos de vid.<\/p>\n\n\n\n<p>Para interiorizarse de la campa\u00f1a, los intendentes de San Mart\u00edn, <strong>Ra\u00fal Ruifeil<\/strong>, y de Jun\u00edn, <strong>Mario Abed<\/strong>, visitaron en la sede del <strong>Instituto de Sanidad y Calidad Agropecuaria (Iscamen)<\/strong> al presidente de esta instituci\u00f3n, <strong>Jos\u00e9 Orts<\/strong>, quienes en conjunto informaron sobre las nuevas etapas de asistencia.<\/p>\n\n\n\n<p>En este marco, <strong>Mario Abed<\/strong> manifest\u00f3: <em>\u201cNos sentimos muy bien los intendentes del Este mendocino, ya que se comienza con un trabajo que fue un reclamo durante mucho tiempo. Hoy se trata la problem\u00e1tica de la lobesia, de forma conjunta y en colaboraci\u00f3n mutua entre los municipios y el Iscamen, para el tratamiento en esta nueva temporada\u201d.<\/em><\/p>\n\n\n\n<p>Por su parte, <strong>Ra\u00fal Rufeil <\/strong>consider\u00f3 <em>\u201ces un camino donde debemos trabajar, como siempre decimos, junto al Iscamen y todas las entidades intermedias que puedan favorecer el control de todo tipo de plagas, siempre ocasionando el menor da\u00f1o colateral posible\u201d<\/em>.<\/p>\n\n\n\n<div style=\"height:35px\" aria-hidden=\"true\" class=\"wp-block-spacer\"><\/div>\n\n\n<div class=\"wp-block-image\">\n<figure class=\"aligncenter size-full is-resized\"><a href=\"https:\/\/enolife.com.ar\/es\/wp-content\/uploads\/2025\/09\/WhatsApp-Image-2025-09-18-at-08.04.38-1280x640-1.jpeg\" data-rel=\"penci-gallery-image-content\" ><img loading=\"lazy\" decoding=\"async\" width=\"911\" height=\"500\" src=\"https:\/\/enolife.com.ar\/es\/wp-content\/uploads\/2025\/09\/WhatsApp-Image-2025-09-18-at-08.04.38-1280x640-1.jpeg\" alt=\"\" class=\"wp-image-164563\" style=\"width:700px;height:auto\" srcset=\"https:\/\/enolife.com.ar\/es\/wp-content\/uploads\/2025\/09\/WhatsApp-Image-2025-09-18-at-08.04.38-1280x640-1.jpeg 911w, https:\/\/enolife.com.ar\/es\/wp-content\/uploads\/2025\/09\/WhatsApp-Image-2025-09-18-at-08.04.38-1280x640-1-300x165.jpeg 300w, https:\/\/enolife.com.ar\/es\/wp-content\/uploads\/2025\/09\/WhatsApp-Image-2025-09-18-at-08.04.38-1280x640-1-768x422.jpeg 768w, https:\/\/enolife.com.ar\/es\/wp-content\/uploads\/2025\/09\/WhatsApp-Image-2025-09-18-at-08.04.38-1280x640-1-585x321.jpeg 585w\" sizes=\"auto, (max-width: 911px) 100vw, 911px\" \/><\/a><figcaption class=\"wp-element-caption\"><em><strong>Los jefes comunales de San Mart\u00edn, Ra\u00fal Rufeil, y de Jun\u00edn, Mario Abed, acompa\u00f1ados por t\u00e9cnicos del Iscamen.<\/strong><\/em><\/figcaption><\/figure><\/div>\n\n\n<div style=\"height:35px\" aria-hidden=\"true\" class=\"wp-block-spacer\"><\/div>\n\n\n\n<p>En cuanto a la campa\u00f1a, el presidente del Iscamen asegur\u00f3 que se trata <em>\u00abde la m\u00e1s grande a nivel internacional contra la lobesia\u00bb<\/em>, con unas <strong>130.000 hect\u00e1reas productivas, llegando a unos 9.000 productores en toda la provincia<\/strong>.\u00a0 Agradeci\u00f3 la presencia de los intendentes y destac\u00f3 que se trata de un plan integral de control. <em>\u201cTodas las plagas se manejan de manera integral, tanto la mosca del Mediterr\u00e1neo como la lobesia. Lo importante de esta campa\u00f1a es haber comenzado en tiempo y forma, porque la primera etapa es fundamental para poder enfrentarla\u201d,<\/em> dijo Orts.<\/p>\n\n\n\n<p>La semana pr\u00f3xima se iniciar\u00e1 la <strong>segunda etapa<\/strong>, en la cual se entregar\u00e1n a productores <strong>insecticidas espec\u00edficos<\/strong> para el control de la primera generaci\u00f3n del insecto, de acuerdo con criterios t\u00e9cnicos para el manejo en grandes \u00e1reas. <\/p>\n\n\n\n<p>En la <strong>tercera etapa<\/strong> se brindar\u00e1 un servicio de <strong>tratamientos a\u00e9reos<\/strong> sobre determinadas \u00e1reas de los oasis Norte y Este. Se busca un mejor control del insecto al abarcar tanto vi\u00f1edos en plena producci\u00f3n, como en estado de abandono y semiabandono, lo que colabora notablemente con las acciones que realizan los productores para disminuir las poblaciones de lobesia. Algunas superficies complementarias podr\u00e1n ser tratadas con drones, seg\u00fan definiciones t\u00e9cnicas.<\/p>\n\n\n\n<p>La primera etapa de asistencia con estos elementos de control de la plaga se realiza en distintos puntos de entrega, seg\u00fan lo programado por el Iscamen, y la lista de productores alcanzados en esta etapa puede ser <strong>consultada en el sitio&nbsp;<a href=\"https:\/\/www.iscamen.com.ar\/operativo_lobesia.php\" target=\"_blank\" rel=\"noreferrer noopener\">https:\/\/www.iscamen.com.ar\/operativo_lobesia.php<\/a><\/strong><\/p>\n\n\n\n<ul class=\"wp-block-list\">\n<li>Punto de Entrega 1: Delegaci\u00f3n Iscamen San Mart\u00edn. Chubut 130, San Mart\u00edn. Horario de 8 a 13.<br>Punto de Entrega 2: Delegaci\u00f3n Iscamen KM8, Silvano Rodr\u00edguez S\/N, Guaymall\u00e9n. Horario de 8.30 a 12.30.<br>Punto de Entrega 3: Delegaci\u00f3n Iscamen Tunuy\u00e1n, Dalmau E Hip\u00f3lito Yrigoyen. Horario de 8 a 13.<\/li>\n\n\n\n<li>Punto de Entrega 4: Delegaci\u00f3n Iscamen San Rafael, Av. Mitre 5400, Cuadro Nacional. Horario de 8 a 12.30.<br>Punto de Entrega 5: Delegaci\u00f3n Iscamen General Alvear, Diagonal Carlos Pellegrini 2301. Horario de 8.30 a 12.30.<\/li>\n<\/ul>\n\n\n\n<div style=\"height:29px\" aria-hidden=\"true\" class=\"wp-block-spacer\"><\/div>\n\n\n\n<p class=\"has-small-font-size\"><em><strong>Fuente: Gobierno de Mendoza<\/strong><\/em><\/p>\n\n\n\n<div style=\"height:42px\" aria-hidden=\"true\" class=\"wp-block-spacer\"><\/div>\n","protected":false},"excerpt":{"rendered":"<p>Como parte de la primera etapa del operativo dise\u00f1ado por el gobierno de Mendoza y&hellip;<\/p>\n","protected":false},"author":2,"featured_media":164565,"comment_status":"closed","ping_status":"open","sticky":false,"template":"","format":"standard","meta":{"footnotes":""},"categories":[14],"tags":[],"class_list":["post-164560","post","type-post","status-publish","format-standard","has-post-thumbnail","hentry","category-news"],"_links":{"self":[{"href":"https:\/\/enolife.com.ar\/es\/wp-json\/wp\/v2\/posts\/164560","targetHints":{"allow":["GET"]}}],"collection":[{"href":"https:\/\/enolife.com.ar\/es\/wp-json\/wp\/v2\/posts"}],"about":[{"href":"https:\/\/enolife.com.ar\/es\/wp-json\/wp\/v2\/types\/post"}],"author":[{"embeddable":true,"href":"https:\/\/enolife.com.ar\/es\/wp-json\/wp\/v2\/users\/2"}],"replies":[{"embeddable":true,"href":"https:\/\/enolife.com.ar\/es\/wp-json\/wp\/v2\/comments?post=164560"}],"version-history":[{"count":0,"href":"https:\/\/enolife.com.ar\/es\/wp-json\/wp\/v2\/posts\/164560\/revisions"}],"wp:featuredmedia":[{"embeddable":true,"href":"https:\/\/enolife.com.ar\/es\/wp-json\/wp\/v2\/media\/164565"}],"wp:attachment":[{"href":"https:\/\/enolife.com.ar\/es\/wp-json\/wp\/v2\/media?parent=164560"}],"wp:term":[{"taxonomy":"category","embeddable":true,"href":"https:\/\/enolife.com.ar\/es\/wp-json\/wp\/v2\/categories?post=164560"},{"taxonomy":"post_tag","embeddable":true,"href":"https:\/\/enolife.com.ar\/es\/wp-json\/wp\/v2\/tags?post=164560"}],"curies":[{"name":"wp","href":"https:\/\/api.w.org\/{rel}","templated":true}]}}