{"id":164546,"date":"2025-09-19T15:49:39","date_gmt":"2025-09-19T15:49:39","guid":{"rendered":"https:\/\/enolife.com.ar\/es\/?p=164546"},"modified":"2025-09-21T15:05:49","modified_gmt":"2025-09-21T15:05:49","slug":"foeva-se-retira-de-la-paritaria-por-falta-de-acuerdo-y-convoca-a-paro-y-movilizacion-el-22-9","status":"publish","type":"post","link":"https:\/\/enolife.com.ar\/es\/foeva-se-retira-de-la-paritaria-por-falta-de-acuerdo-y-convoca-a-paro-y-movilizacion-el-22-9\/","title":{"rendered":"Foeva se retira de la paritaria por falta de acuerdo y convoca a paro y movilizaci\u00f3n el 22\/9"},"content":{"rendered":"\n<h4 class=\"wp-block-heading\"><em><strong>La Federaci\u00f3n de Obreros y Empleados Vitivin\u00edcolas y Afines (FOEVA) se retir\u00f3 de la mesa de negociaci\u00f3n de paritarias, despu\u00e9s de tres audiencias donde las c\u00e1maras empresarias no presentaron ninguna oferta salarial acorde a las expectativas de la organizaci\u00f3n. De este modo, el gremio se declar\u00f3 en libertad de acci\u00f3n y convoc\u00f3 a un paro de 24 horas con movilizaci\u00f3n para el pr\u00f3ximo lunes 22 de septiembre.<\/strong><\/em><a href=\"https:\/\/mundogremial.com\/author\/mundo-gremial\/\"><\/a><\/h4>\n\n\n\n<div style=\"height:35px\" aria-hidden=\"true\" class=\"wp-block-spacer\"><\/div>\n\n\n<a href=\"https:\/\/www.facebook.com\/SindicatoContratitas\/\" aria-label=\"banner contratistas 1700&#215;500\"><img loading=\"lazy\" decoding=\"async\" src=\"https:\/\/enolife.com.ar\/es\/wp-content\/uploads\/2020\/08\/banner-contratistas-1700x500-1.jpg\" alt=\"\"  srcset=\"https:\/\/enolife.com.ar\/es\/wp-content\/uploads\/2020\/08\/banner-contratistas-1700x500-1.jpg 1700w, https:\/\/enolife.com.ar\/es\/wp-content\/uploads\/2020\/08\/banner-contratistas-1700x500-1-300x88.jpg 300w, https:\/\/enolife.com.ar\/es\/wp-content\/uploads\/2020\/08\/banner-contratistas-1700x500-1-1024x301.jpg 1024w, https:\/\/enolife.com.ar\/es\/wp-content\/uploads\/2020\/08\/banner-contratistas-1700x500-1-768x226.jpg 768w, https:\/\/enolife.com.ar\/es\/wp-content\/uploads\/2020\/08\/banner-contratistas-1700x500-1-1536x452.jpg 1536w, https:\/\/enolife.com.ar\/es\/wp-content\/uploads\/2020\/08\/banner-contratistas-1700x500-1-1170x344.jpg 1170w, https:\/\/enolife.com.ar\/es\/wp-content\/uploads\/2020\/08\/banner-contratistas-1700x500-1-585x172.jpg 585w\" sizes=\"auto, (max-width: 1700px) 100vw, 1700px\" width=\"1700\" height=\"500\"   \/><\/a>\n\n\n<div style=\"height:45px\" aria-hidden=\"true\" class=\"wp-block-spacer\"><\/div>\n\n\n\n<p>Luego de m\u00e1s de un mes de reuniones sin avances, la Federaci\u00f3n de Obreros y Empleados Vitivin\u00edcolas y Afines (Foeva) resolvi\u00f3 retirarse de la mesa de discusi\u00f3n y convocar a un paro sin asistencia al lugar de trabajo y movilizaci\u00f3n el pr\u00f3ximo lunes 22 de septiembre.<\/p>\n\n\n\n<p>El proceso de negociaci\u00f3n se<strong> inici\u00f3 el 13 de agosto<\/strong> pasado en Mendoza, cuando Foeva plante\u00f3 un <strong>pedido <\/strong>de <strong>2% de aumento mensual y una suma no remunerativa de $20.000 durante seis meses.<\/strong> En aquella instancia, las c\u00e1maras empresarias calificaron la propuesta como \u201crazonable\u201d, pero solicitaron tiempo para consultar a sus representados.<\/p>\n\n\n\n<p>La segunda audiencia se celebr\u00f3 el <strong>28 de agosto<\/strong> pasado, <strong>sin <\/strong>que hubiera <strong>definiciones concretas<\/strong> por parte del sector empresario. Desde el gremio remarcaron que <em>\u00ablas c\u00e1maras que nuclean a grandes empresas del sector (como Zuccardi, Fecovita, Pe\u00f1aflor, entre otras), se aprovechan que mantienen la dualidad de la actividad bodega\/vi\u00f1a, para frenar acuerdos al generar dos mesas con realidades productivas distintas y condicionamientos cruzados.<\/em> <em>Es una estrategia que les permite dilatar las negociaciones y trabar cualquier avance\u201d<\/em>, sostuvieron desde Foeva.<\/p>\n\n\n\n<p>Finalmente, este <strong>mi\u00e9rcoles 17\/9 en Buenos Aires<\/strong> se retom\u00f3 la negociaci\u00f3n y, ante la falta de un ofrecimiento acorde a lo solicitado tanto para vi\u00f1a como para bodega, el gremio resolvi\u00f3 retirarse de la mesa, quedando en libertad de acci\u00f3n y <strong>adoptando medidas de fuerza de paro y movilizaci\u00f3n.<\/strong><\/p>\n\n\n\n<p>La federaci\u00f3n advierte que <em>\u00abel conflicto no solo impacta en los trabajadores del sector, sino tambi\u00e9n en toda la cadena vitivin\u00edcola, que enfrenta un escenario de tensi\u00f3n creciente en plena temporada de definiciones.\u00bb<\/em><\/p>\n\n\n\n<div style=\"height:35px\" aria-hidden=\"true\" class=\"wp-block-spacer\"><\/div>\n\n\n\n<p><\/p>\n","protected":false},"excerpt":{"rendered":"<p>La Federaci\u00f3n de Obreros y Empleados Vitivin\u00edcolas y Afines (FOEVA) se retir\u00f3 de la mesa&hellip;<\/p>\n","protected":false},"author":2,"featured_media":164552,"comment_status":"closed","ping_status":"open","sticky":false,"template":"","format":"standard","meta":{"footnotes":""},"categories":[14],"tags":[],"class_list":["post-164546","post","type-post","status-publish","format-standard","has-post-thumbnail","hentry","category-news"],"_links":{"self":[{"href":"https:\/\/enolife.com.ar\/es\/wp-json\/wp\/v2\/posts\/164546","targetHints":{"allow":["GET"]}}],"collection":[{"href":"https:\/\/enolife.com.ar\/es\/wp-json\/wp\/v2\/posts"}],"about":[{"href":"https:\/\/enolife.com.ar\/es\/wp-json\/wp\/v2\/types\/post"}],"author":[{"embeddable":true,"href":"https:\/\/enolife.com.ar\/es\/wp-json\/wp\/v2\/users\/2"}],"replies":[{"embeddable":true,"href":"https:\/\/enolife.com.ar\/es\/wp-json\/wp\/v2\/comments?post=164546"}],"version-history":[{"count":0,"href":"https:\/\/enolife.com.ar\/es\/wp-json\/wp\/v2\/posts\/164546\/revisions"}],"wp:featuredmedia":[{"embeddable":true,"href":"https:\/\/enolife.com.ar\/es\/wp-json\/wp\/v2\/media\/164552"}],"wp:attachment":[{"href":"https:\/\/enolife.com.ar\/es\/wp-json\/wp\/v2\/media?parent=164546"}],"wp:term":[{"taxonomy":"category","embeddable":true,"href":"https:\/\/enolife.com.ar\/es\/wp-json\/wp\/v2\/categories?post=164546"},{"taxonomy":"post_tag","embeddable":true,"href":"https:\/\/enolife.com.ar\/es\/wp-json\/wp\/v2\/tags?post=164546"}],"curies":[{"name":"wp","href":"https:\/\/api.w.org\/{rel}","templated":true}]}}