{"id":164527,"date":"2025-09-19T19:40:24","date_gmt":"2025-09-19T19:40:24","guid":{"rendered":"https:\/\/enolife.com.ar\/es\/?p=164527"},"modified":"2025-09-22T15:43:57","modified_gmt":"2025-09-22T15:43:57","slug":"pasion-por-el-aceite-de-oliva-dos-futuros-agronomos-elaboran-y-venden-su-propia-marca-pasante","status":"publish","type":"post","link":"https:\/\/enolife.com.ar\/es\/pasion-por-el-aceite-de-oliva-dos-futuros-agronomos-elaboran-y-venden-su-propia-marca-pasante\/","title":{"rendered":"Pasi\u00f3n por el aceite de oliva: dos futuros agr\u00f3nomos elaboran y venden su propia marca \u00abPasante\u00bb"},"content":{"rendered":"\n<h4 class=\"wp-block-heading\"><em><strong>Juli\u00e1n Ginart Crede y Santiago Carracedo, estudiantes de 3er. a\u00f1o de la carrera de Ingenier\u00eda Agron\u00f3mica de la Facultad de Ciencias Agrarias UNCuyo de Mendoza, fueron enamor\u00e1ndose de cada paso del arte de hacer aceite de oliva virgen (AOVE), desde cosechar y comprar aceitunas hasta dise\u00f1ar una etiqueta para su jugo de fruta -porque eso es este noble producto natural-, con un nombre que refleja todo ese proceso de aprendizaje. Guiados por sus docentes, ya cumplieron el proceso legal para desarrollar la marca y las estrictas normas de calidad que tiene la almazara de su Facultad para hacer el AOVE. Ahora saldr\u00e1n al mercado con su botella bajo el brazo, tras cumplir el sue\u00f1o del emprendedor: tener un producto propio con \u00abonda\u00bb y proyectar su comercializaci\u00f3n, por qu\u00e9 no como un medio de vida.<\/strong><\/em><\/h4>\n\n\n\n<div style=\"height:35px\" aria-hidden=\"true\" class=\"wp-block-spacer\"><\/div>\n\n\n\n\n\n<div style=\"height:45px\" aria-hidden=\"true\" class=\"wp-block-spacer\"><\/div>\n\n\n<div class=\"wp-block-image\">\n<figure class=\"alignleft size-full is-resized\"><a href=\"https:\/\/enolife.com.ar\/es\/wp-content\/uploads\/2025\/09\/Imagen3-15.jpg\" data-rel=\"penci-gallery-image-content\" ><img loading=\"lazy\" decoding=\"async\" width=\"453\" height=\"497\" src=\"https:\/\/enolife.com.ar\/es\/wp-content\/uploads\/2025\/09\/Imagen3-15.jpg\" alt=\"\" class=\"wp-image-164532\" style=\"width:295px;height:auto\" srcset=\"https:\/\/enolife.com.ar\/es\/wp-content\/uploads\/2025\/09\/Imagen3-15.jpg 453w, https:\/\/enolife.com.ar\/es\/wp-content\/uploads\/2025\/09\/Imagen3-15-273x300.jpg 273w\" sizes=\"auto, (max-width: 453px) 100vw, 453px\" \/><\/a><\/figure><\/div>\n\n\n<p><strong>Juli\u00e1n Ginart Crede<\/strong> y <strong>Santiago Carracedo<\/strong> son dos futuros ingenieros agr\u00f3nomos que, de la mano de la <strong>Facultad de Ciencias Agrarias (FCA) <\/strong>de la Universidad Nacional de Cuyo, en Mendoza, recorrieron cada etapa del emprendimiento: desde la elaboraci\u00f3n del aceite de oliva virgen extra en la almazara universitaria, hasta la creaci\u00f3n de su propia marca y la obtenci\u00f3n del Registro Nacional de la Productos Alimenticios (RNPA). Fue as\u00ed que durante el mes de setiembre de este a\u00f1o 2025 envasaron el primer lote de su aceite marca \u201cPasante\u201d, coronando un a\u00f1o de aprendizaje, esfuerzo y esp\u00edritu emprendedor. <\/p>\n\n\n\n<p>Todo comenz\u00f3 como una inquietud mientras cursaban 3er. a\u00f1o de la carrera de<strong> Ingenier\u00eda Agron\u00f3mica, <\/strong>cuando, interesados en el fascinante mundo del aceite de oliva,&nbsp;<strong>Ginart Crede<\/strong>&nbsp;y&nbsp;<strong>Carracedo<\/strong>&nbsp;dieron el primer paso hacia la creaci\u00f3n de su marca. En un principio, se acercaron a la&nbsp;Secretar\u00eda de Asuntos Estudiantiles y Bienestar de la Comunidad de la FCA,<strong>&nbsp;<\/strong>donde&nbsp;el ingeniero agr\u00f3nomo Mat\u00edas Venier reconoci\u00f3 su potencial y los deriv\u00f3 con la coordinadora de la Producci\u00f3n Agroindustrial, la licenciada&nbsp;M\u00f3nica Mir\u00e1bile.<\/p>\n\n\n\n<p>Esa primera reuni\u00f3n fue el punto de partida de un viaje que los mantendr\u00eda ocupados durante toda la&nbsp;temporada 2024. Se sumergieron de lleno en el turno tarde de la&nbsp;almazara de la Facultad, participando activamente en la elaboraci\u00f3n del \u00aboro verde\u00bb. Esta experiencia se formaliz\u00f3 en una&nbsp;Concurrencia de Pr\u00e1ctica Pre-Profesional, un espacio que no s\u00f3lo afianz\u00f3 sus conocimientos t\u00e9cnicos, sino que tambi\u00e9n encendi\u00f3 la chispa del emprendedurismo.<\/p>\n\n\n\n<div style=\"height:35px\" aria-hidden=\"true\" class=\"wp-block-spacer\"><\/div>\n\n\n\n<blockquote class=\"wp-block-quote is-layout-flow wp-block-quote-is-layout-flow\">\n<p>\u00abPasante<strong>&nbsp;<\/strong>es un blend de excelente calidad, elaborado con distintas variedades de olivo (arbequina, arauco, empeltre, frantoio). Su sabor aut\u00e9ntico y natural lo&nbsp;convierte en un producto perfecto para una cocina saludable\u00bb.<br><strong>SANTIAGO CARRACEDO y&nbsp;JULI\u00c1N GINART CREDE, los estudiantes emprendedores.<\/strong><\/p>\n<\/blockquote>\n\n\n\n<div style=\"height:35px\" aria-hidden=\"true\" class=\"wp-block-spacer\"><\/div>\n\n\n<div class=\"wp-block-image\">\n<figure class=\"aligncenter size-full is-resized\"><a href=\"https:\/\/enolife.com.ar\/es\/wp-content\/uploads\/2025\/09\/Imagen2-13.jpg\" data-rel=\"penci-gallery-image-content\" ><img loading=\"lazy\" decoding=\"async\" width=\"456\" height=\"513\" src=\"https:\/\/enolife.com.ar\/es\/wp-content\/uploads\/2025\/09\/Imagen2-13.jpg\" alt=\"\" class=\"wp-image-164534\" style=\"width:420px;height:auto\" srcset=\"https:\/\/enolife.com.ar\/es\/wp-content\/uploads\/2025\/09\/Imagen2-13.jpg 456w, https:\/\/enolife.com.ar\/es\/wp-content\/uploads\/2025\/09\/Imagen2-13-267x300.jpg 267w\" sizes=\"auto, (max-width: 456px) 100vw, 456px\" \/><\/a><\/figure><\/div>\n\n\n<div style=\"height:35px\" aria-hidden=\"true\" class=\"wp-block-spacer\"><\/div>\n\n\n\n<p>El arduo trabajo y el aprendizaje continuo los llevaron a querer m\u00e1s. As\u00ed, decidieron poner a prueba la experiencia adquirida, dise\u00f1ando una propuesta de creaci\u00f3n de marca que la licenciada Mir\u00e1bile estimul\u00f3, convirti\u00e9ndose en su gu\u00eda y mentora, acompa\u00f1\u00e1ndolos y asesor\u00e1ndolos en el desafiante camino que ten\u00edan por delante.<\/p>\n\n\n\n<p>Lo que sigui\u00f3 fue una serie de acciones imprescindibles&nbsp;para avanzar en esta&nbsp;gesti\u00f3n emprendedora.&nbsp;Ellos mismos se encargaron de gestionar cada paso:<\/p>\n\n\n\n<ol class=\"wp-block-list\">\n<li>Registrar su marca&nbsp;<strong>\u00abPasante\u00bb<\/strong>.<\/li>\n\n\n\n<li>Ingresar al&nbsp;<strong>Sistema de Informaci\u00f3n Federal para la Gesti\u00f3n del Control de los Alimentos&nbsp;(SIFEGA)<\/strong>&nbsp;y obtener el&nbsp;<strong>Registro Nacional de Producto Alimenticio<\/strong>&nbsp;(<strong>RNPA<\/strong>), un requisito indispensable para la comercializaci\u00f3n.<\/li>\n\n\n\n<li>Trabajar en el&nbsp;<strong>dise\u00f1o y la elecci\u00f3n del nombre<\/strong>&nbsp;de su marca, decidiendo la identidad que llevar\u00edan sus botellas.<\/li>\n\n\n\n<li><strong>Gestionar la&nbsp;log\u00edstica<\/strong> para producir:&nbsp;comprar aceitunas, convertirse en proveedores y realizar el&nbsp;traslado de la materia prima a la Facultad para elaboraci\u00f3n del&nbsp;aceite.<\/li>\n\n\n\n<li>Completar el proceso de elaboraci\u00f3n para finalmente <strong>fraccionar su aceite de oliva.&nbsp;<\/strong><\/li>\n<\/ol>\n\n\n\n<p>En este camino, vivieron de primera mano el funcionamiento del sistema productivo de la almazara, al igual que cualquier otro productor que elabora en la FCA. Esto reforz\u00f3&nbsp;su capacidad emprendedora, operando bajo las reglas que plantea el mercado real.<\/p>\n\n\n\n<p>De esta manera, es que hoy&nbsp;tienen todo listo para comenzar la comercializaci\u00f3n: su marca registrada, el RNPA aprobado&nbsp;y&nbsp;las etiquetas dise\u00f1adas. En paralelo, realizaron la investigaci\u00f3n de&nbsp;mercado para posicionar su producto, y ejecutaron el trabajo necesario para exprimir al m\u00e1ximo su emprendimiento, aplicando todos los conocimientos adquiridos en esta facultad.&nbsp;<\/p>\n\n\n\n<p>El gran momento de coronaci\u00f3n est\u00e1 por llegar. Decidieron fraccionar&nbsp;su aceite \u00abPasante\u00bb durante&nbsp;la&nbsp;<strong>semana de ex\u00e1menes de setiembre<\/strong>. Para ello, alquilaron una m\u00e1quina tapadora <strong>Pilfer <\/strong>que traer\u00e1n a la Facultad para realizar el cierre final de las botellas.&nbsp;Asumir\u00e1n el costo de este fraccionamiento y etiquetado, al igual que lo har\u00eda cualquier&nbsp;productor, culminando as\u00ed el \u00faltimo eslab\u00f3n de la cadena&nbsp;productiva por sus propios medios y bajo un modelo de negocio claro y establecido.<\/p>\n\n\n\n<p>Esta es la historia de dos estudiantes de la&nbsp;Facultad de Ciencias Agrarias&nbsp;que,&nbsp;incentivados por docentes de esta casa de estudios, investigaron y trabajaron incansablemente hasta lograr un objetivo tangible. Son el ejemplo vivo de c\u00f3mo la Facultad no s\u00f3lo entrega conocimiento te\u00f3rico sino que tambi\u00e9n ofrece las herramientas, los espacios y el acompa\u00f1amiento para&nbsp;transformar una idea en un producto emblem\u00e1tico de Mendoza: un aceite de oliva con sello propio.<\/p>\n\n\n\n<div style=\"height:51px\" aria-hidden=\"true\" class=\"wp-block-spacer\"><\/div>\n","protected":false},"excerpt":{"rendered":"<p>Juli\u00e1n Ginart Crede y Santiago Carracedo, estudiantes de 3er. a\u00f1o de la carrera de Ingenier\u00eda&hellip;<\/p>\n","protected":false},"author":2,"featured_media":164529,"comment_status":"closed","ping_status":"open","sticky":false,"template":"","format":"standard","meta":{"footnotes":""},"categories":[14],"tags":[],"class_list":["post-164527","post","type-post","status-publish","format-standard","has-post-thumbnail","hentry","category-news"],"_links":{"self":[{"href":"https:\/\/enolife.com.ar\/es\/wp-json\/wp\/v2\/posts\/164527","targetHints":{"allow":["GET"]}}],"collection":[{"href":"https:\/\/enolife.com.ar\/es\/wp-json\/wp\/v2\/posts"}],"about":[{"href":"https:\/\/enolife.com.ar\/es\/wp-json\/wp\/v2\/types\/post"}],"author":[{"embeddable":true,"href":"https:\/\/enolife.com.ar\/es\/wp-json\/wp\/v2\/users\/2"}],"replies":[{"embeddable":true,"href":"https:\/\/enolife.com.ar\/es\/wp-json\/wp\/v2\/comments?post=164527"}],"version-history":[{"count":0,"href":"https:\/\/enolife.com.ar\/es\/wp-json\/wp\/v2\/posts\/164527\/revisions"}],"wp:featuredmedia":[{"embeddable":true,"href":"https:\/\/enolife.com.ar\/es\/wp-json\/wp\/v2\/media\/164529"}],"wp:attachment":[{"href":"https:\/\/enolife.com.ar\/es\/wp-json\/wp\/v2\/media?parent=164527"}],"wp:term":[{"taxonomy":"category","embeddable":true,"href":"https:\/\/enolife.com.ar\/es\/wp-json\/wp\/v2\/categories?post=164527"},{"taxonomy":"post_tag","embeddable":true,"href":"https:\/\/enolife.com.ar\/es\/wp-json\/wp\/v2\/tags?post=164527"}],"curies":[{"name":"wp","href":"https:\/\/api.w.org\/{rel}","templated":true}]}}