{"id":164490,"date":"2025-09-18T15:46:34","date_gmt":"2025-09-18T15:46:34","guid":{"rendered":"https:\/\/enolife.com.ar\/es\/?p=164490"},"modified":"2025-09-19T19:40:12","modified_gmt":"2025-09-19T19:40:12","slug":"lucas-magnano-titular-de-coninagro-el-campo-aporta-6-de-cada-10-dolares-que-entran-a-argentina","status":"publish","type":"post","link":"https:\/\/enolife.com.ar\/es\/lucas-magnano-titular-de-coninagro-el-campo-aporta-6-de-cada-10-dolares-que-entran-a-argentina\/","title":{"rendered":"Lucas Magnano, titular de Coninagro: \u00abEl campo aporta 6 de cada 10 d\u00f3lares que entran a Argentina\u00bb"},"content":{"rendered":"\n<h4 class=\"wp-block-heading\"><em><strong>En el cierre del 8\u00b0 Congreso Internacional de la Confederaci\u00f3n Intercooperativa Agropecuaria (Coninagro), realizado hoy en la ciudad de Buenos Aires, el presidente de la entidad reclam\u00f3 apoyo del gobierno argentino para \u00abfertilizar m\u00e1s, implementar nuevas tecnolog\u00edas y tener producciones rentables\u00bb. En relaci\u00f3n al proceso pol\u00edtico nacional que continuar\u00e1 con las elecciones legislativas en octubre pr\u00f3ximo, el dirigente apel\u00f3 \u00aba los candidatos de las elecciones de octubre&#8230; Les pedimos que no se olviden de quienes los votan\u00bb.<\/strong><\/em><\/h4>\n\n\n\n<div style=\"height:35px\" aria-hidden=\"true\" class=\"wp-block-spacer\"><\/div>\n\n\n<a href=\"https:\/\/www.facebook.com\/SindicatoContratitas\/\" aria-label=\"banner contratistas 1700&#215;500\"><img loading=\"lazy\" decoding=\"async\" src=\"https:\/\/enolife.com.ar\/es\/wp-content\/uploads\/2020\/08\/banner-contratistas-1700x500-1.jpg\" alt=\"\"  srcset=\"https:\/\/enolife.com.ar\/es\/wp-content\/uploads\/2020\/08\/banner-contratistas-1700x500-1.jpg 1700w, https:\/\/enolife.com.ar\/es\/wp-content\/uploads\/2020\/08\/banner-contratistas-1700x500-1-300x88.jpg 300w, https:\/\/enolife.com.ar\/es\/wp-content\/uploads\/2020\/08\/banner-contratistas-1700x500-1-1024x301.jpg 1024w, https:\/\/enolife.com.ar\/es\/wp-content\/uploads\/2020\/08\/banner-contratistas-1700x500-1-768x226.jpg 768w, https:\/\/enolife.com.ar\/es\/wp-content\/uploads\/2020\/08\/banner-contratistas-1700x500-1-1536x452.jpg 1536w, https:\/\/enolife.com.ar\/es\/wp-content\/uploads\/2020\/08\/banner-contratistas-1700x500-1-1170x344.jpg 1170w, https:\/\/enolife.com.ar\/es\/wp-content\/uploads\/2020\/08\/banner-contratistas-1700x500-1-585x172.jpg 585w\" sizes=\"auto, (max-width: 1700px) 100vw, 1700px\" width=\"1700\" height=\"500\"   \/><\/a>\n\n\n<div style=\"height:45px\" aria-hidden=\"true\" class=\"wp-block-spacer\"><\/div>\n\n\n\n<p>Con el eslogan <strong>\u00abLas cooperativas, protagonistas del desarrollo argentino\u00bb<\/strong>, <strong>la Confederaci\u00f3n Intercooperativa Agropecuaria (Coninagro) <\/strong>celebr\u00f3 hoy 18\/9\/2025, en el d\u00eda de su 69 aniversario, la octava edici\u00f3n de su <strong>Congreso Internacional. <\/strong>La cita tuvo lugar en el auditorio de la Bolsa de Cereales de la<strong> Ciudad de Buenos Aires.<\/strong><\/p>\n\n\n\n<p>Durante aproximadamente cuatro horas, pasaron por el escenario funcionarios nacionales, empresarios, dirigentes pol\u00edticos y reconocidos economistas. Tambi\u00e9n, representantes de cooperativas agropecuarias de todo el pa\u00eds subieron al estrado para relatar sus exitosos casos, entre ellos de la <strong>Cooperativa de Servicios (Mendoza),<\/strong> el <strong>Feedlot de Uncoga (Santa Fe), <\/strong>la<strong> Cooperativa Colonia Liebig (Corrientes),  <\/strong>y la<strong> Cooperativa Lehman (Santa Fe)<\/strong>.<\/p>\n\n\n\n<p>Durante la apertura de esta<strong>&nbsp;8va. edici\u00f3n del Congreso Internacional de la Confederaci\u00f3n Intercooperativa Agropecuaria (Coninagro)<\/strong>, el presidente de la entidad,&nbsp;<strong>Lucas Magnano<\/strong>, puso en valor lo que aporta el campo argentino a nuestro pa\u00eds. Adem\u00e1s, destac\u00f3 las necesidades que tiene el sector cooperativo en la actualidad.<\/p>\n\n\n\n<p><em>\u00abEl campo argentino aporta 6 de cada 10 d\u00f3lares que ingresan<\/em> -afirm\u00f3 Magnano-; <em>sin embargo, tenemos que padecer la falta de inversi\u00f3n en infraestructura y planificaci\u00f3n. Es por eso que requerimos hablar seriamente en esta materia, porque necesitamos fertilizar m\u00e1s, implementar nuevas tecnolog\u00edas, tener producciones rentables no s\u00f3lo por el bienestar de nuestros productores y sus familias, si no tambi\u00e9n de nuestros colaboradores. Al mismo tiempo, esto tambi\u00e9n debe estar fuertemente apoyado por un gran compromiso en materia educativa en todos los niveles. Es hora de empezar a formar ciudadanos en las escuelas y universidades\u201d.<\/em><\/p>\n\n\n\n<p>En otro orden, Magnano hizo \u00e9nfasis en el proceso electoral que est\u00e1 atravesando nuestro pa\u00eds: <em>\u00abA los candidatos de las elecciones de octubre, les pedimos que no se olviden de quienes votan&#8230; Una vez pasado el proceso electoral y su correspondiente asunci\u00f3n, es donde comienzan las demandas que lamentablemente muchas veces no las podemos concretar. Es necesario generar espacios de di\u00e1logos y consensos que permitan avanzar en todos los temas importantes para la producci\u00f3n y desarrollo de las distintas cadenas productivas\u00bb.<\/em><\/p>\n\n\n\n<div style=\"height:35px\" aria-hidden=\"true\" class=\"wp-block-spacer\"><\/div>\n\n\n<div class=\"wp-block-image\">\n<figure class=\"aligncenter is-resized\"><img decoding=\"async\" src=\"https:\/\/www.coninagro.org.ar\/wp-content\/uploads\/2025\/09\/WhatsApp-Image-2025-09-18-at-10.36.07-AM-1024x683.jpeg\" alt=\"\" class=\"wp-image-71258\" style=\"width:632px;height:auto\"\/><\/figure><\/div>\n\n\n<div style=\"height:35px\" aria-hidden=\"true\" class=\"wp-block-spacer\"><\/div>\n\n\n\n<p>Por \u00faltimo,&nbsp;Magnano<strong>&nbsp;<\/strong>realiz\u00f3 un breve an\u00e1lisis de la situaci\u00f3n actual del campo argentino: <em>\u00abEl campo argentino est\u00e1 atravesando un cambio de \u00e9poca sumamente importante, no s\u00f3lo a nivel productivo y tecnol\u00f3gico, si no tambi\u00e9n a nivel mercados. Lo que no tengo ninguna duda, que si disponemos de las herramientas necesarias podr\u00edamos transformarlo en una gran oportunidad. De la misma manera lo hizo la econom\u00eda argentina, este \u00faltimo tiempo, en donde un gobierno nacional est\u00e1 poniendo en funcionamiento un sistema de d\u00e9ficit 0. En esto no podemos dejar de decir, que coincidimos con una econom\u00eda ordenada porque es sumamente importante para todos\u00bb.<\/em><\/p>\n\n\n\n<div style=\"height:43px\" aria-hidden=\"true\" class=\"wp-block-spacer\"><\/div>\n","protected":false},"excerpt":{"rendered":"<p>En el cierre del 8\u00b0 Congreso Internacional de la Confederaci\u00f3n Intercooperativa Agropecuaria (Coninagro), realizado hoy&hellip;<\/p>\n","protected":false},"author":2,"featured_media":164503,"comment_status":"closed","ping_status":"open","sticky":false,"template":"","format":"standard","meta":{"footnotes":""},"categories":[14],"tags":[],"class_list":["post-164490","post","type-post","status-publish","format-standard","has-post-thumbnail","hentry","category-news"],"_links":{"self":[{"href":"https:\/\/enolife.com.ar\/es\/wp-json\/wp\/v2\/posts\/164490","targetHints":{"allow":["GET"]}}],"collection":[{"href":"https:\/\/enolife.com.ar\/es\/wp-json\/wp\/v2\/posts"}],"about":[{"href":"https:\/\/enolife.com.ar\/es\/wp-json\/wp\/v2\/types\/post"}],"author":[{"embeddable":true,"href":"https:\/\/enolife.com.ar\/es\/wp-json\/wp\/v2\/users\/2"}],"replies":[{"embeddable":true,"href":"https:\/\/enolife.com.ar\/es\/wp-json\/wp\/v2\/comments?post=164490"}],"version-history":[{"count":0,"href":"https:\/\/enolife.com.ar\/es\/wp-json\/wp\/v2\/posts\/164490\/revisions"}],"wp:featuredmedia":[{"embeddable":true,"href":"https:\/\/enolife.com.ar\/es\/wp-json\/wp\/v2\/media\/164503"}],"wp:attachment":[{"href":"https:\/\/enolife.com.ar\/es\/wp-json\/wp\/v2\/media?parent=164490"}],"wp:term":[{"taxonomy":"category","embeddable":true,"href":"https:\/\/enolife.com.ar\/es\/wp-json\/wp\/v2\/categories?post=164490"},{"taxonomy":"post_tag","embeddable":true,"href":"https:\/\/enolife.com.ar\/es\/wp-json\/wp\/v2\/tags?post=164490"}],"curies":[{"name":"wp","href":"https:\/\/api.w.org\/{rel}","templated":true}]}}