{"id":164428,"date":"2025-09-18T14:27:22","date_gmt":"2025-09-18T14:27:22","guid":{"rendered":"https:\/\/enolife.com.ar\/es\/?p=164428"},"modified":"2025-09-19T13:16:34","modified_gmt":"2025-09-19T13:16:34","slug":"vinos-de-25-bodegas-salen-a-escena-el-6-10-en-madrid-en-el-1-salon-de-vinos-de-argentina-en-espana","status":"publish","type":"post","link":"https:\/\/enolife.com.ar\/es\/vinos-de-25-bodegas-salen-a-escena-el-6-10-en-madrid-en-el-1-salon-de-vinos-de-argentina-en-espana\/","title":{"rendered":"Vinos de 25 bodegas salen a escena el 6\/10 en Madrid en el 1\u00b0 Sal\u00f3n de Vinos de Argentina en Espa\u00f1a"},"content":{"rendered":"\n<h4 class=\"wp-block-heading\"><em><strong>El 6 de octubre se realizar\u00e1 en Madrid el 1\u00b0 Sal\u00f3n de Vinos de Argentina en Espa\u00f1a, en el que 25 bodegas de este pa\u00eds expondr\u00e1n sus vinos ante el p\u00fablico espa\u00f1ol, en representaci\u00f3n de la riqueza y diversidad de la industria vitivin\u00edcola nacional. Durante la jornada las empresas argentinas recibir\u00e1n importadores, distribuidores, coleccionistas, sommeliers y prensa especializada. El evento es organizado por Pilar Oltra -fundadora de Vinology Wine Bars en Madrid- y Daniel Perchante -de la empresa Expediciones de Vino. El sal\u00f3n est\u00e1 respaldado por la Corporaci\u00f3n Vitivin\u00edcola Argentina (Coviar), la Canciller\u00eda argentina y la Embajada Argentina en Espa\u00f1a.<\/strong><\/em><\/h4>\n\n\n\n<div style=\"height:35px\" aria-hidden=\"true\" class=\"wp-block-spacer\"><\/div>\n\n\n\n\n\n<div style=\"height:45px\" aria-hidden=\"true\" class=\"wp-block-spacer\"><\/div>\n\n\n<div class=\"wp-block-image\">\n<figure class=\"alignleft size-full is-resized\"><a href=\"https:\/\/enolife.com.ar\/es\/wp-content\/uploads\/2025\/09\/Imagen1-27.jpg\" data-rel=\"penci-gallery-image-content\" ><img loading=\"lazy\" decoding=\"async\" width=\"400\" height=\"533\" src=\"https:\/\/enolife.com.ar\/es\/wp-content\/uploads\/2025\/09\/Imagen1-27.jpg\" alt=\"\" class=\"wp-image-164469\" style=\"width:319px;height:auto\" srcset=\"https:\/\/enolife.com.ar\/es\/wp-content\/uploads\/2025\/09\/Imagen1-27.jpg 400w, https:\/\/enolife.com.ar\/es\/wp-content\/uploads\/2025\/09\/Imagen1-27-225x300.jpg 225w\" sizes=\"auto, (max-width: 400px) 100vw, 400px\" \/><\/a><\/figure><\/div>\n\n\n<p><strong>Argentina <\/strong>es el 5\u00b0 productor vitivin\u00edcola a nivel mundial, tras <strong>Italia, Espa\u00f1a, Francia<\/strong> y <strong>Estados Unidos<\/strong>. En las \u00faltimas d\u00e9cadas, la actividad ha experimentando una gran transformaci\u00f3n, lo que ha potenciado la calidad y el inter\u00e9s por sus vinos.<\/p>\n\n\n\n<p>Espa\u00f1a no es ajena a ese inter\u00e9s, por lo cual se ha convertido en un destino clave para las exportaciones del vino argentino. El auge de aperturas en Espa\u00f1a de restaurantes argentinos, <em>wine bars <\/em>y tiendas especializadas es prueba de ese protagonismo. Y esta coyuntura ha disparado la atenci\u00f3n que los sommeliers m\u00e1s j\u00f3venes e inquietos dedican al vino argentino, a la vez que ha abierto las puertas a las cartas de men\u00faes y vinos argentinos en algunos de los mejores restaurantes de Espa\u00f1a.<\/p>\n\n\n\n<p>Este inter\u00e9s tambi\u00e9n ha contribuido a fortalecer los lazos de los sectores vitivin\u00edcolas entre Espa\u00f1a y Argentina, por ejemplo con la llegada de productores y en\u00f3logos argentinos al pa\u00eds europeo.<\/p>\n\n\n\n<p>Todas estas circunstancias han impulsado la idea de proyectar en Madrid el I Sal\u00f3n de Vinos de Argentina, una muestra coral en la que participar\u00e1n algunas de las bodegas y viticultores argentinos m\u00e1s destacados, adem\u00e1s de expertos, sommeliers y especialistas que protagonizar\u00e1n charlas, debates, catas y master classes en torno a las variedades, tendencias, y distintas regiones vin\u00edcolas del vi\u00f1edo de ese pa\u00eds.<\/p>\n\n\n\n<p>El <strong>I Sal\u00f3n de Vinos de Argentina<\/strong> tendr\u00e1 lugar el pr\u00f3ximo d\u00eda <strong>6 de octubre, entre las 11 y 19 hs<\/strong>, en <strong>Forbes House de Madrid<\/strong> (c\/ Amador de los R\u00edos, 5) y contar\u00e1 con <em>masterclasses<\/em> dirigidas por reconocidos en\u00f3logos y especialistas que explorar\u00e1n las regiones, estilos, historia y tendencias de los vinos argentinos; catas tem\u00e1ticas dirigidas para profundizar sobre los terroirs; exposici\u00f3n y <em>networking <\/em>con importadores, distribuidores, coleccionistas, sommeliers y prensa especializada de toda Espa\u00f1a.<\/p>\n\n\n\n<div style=\"height:35px\" aria-hidden=\"true\" class=\"wp-block-spacer\"><\/div>\n\n\n<div class=\"wp-block-image\">\n<figure class=\"aligncenter size-full is-resized\"><a href=\"https:\/\/enolife.com.ar\/es\/wp-content\/uploads\/2025\/09\/WhatsApp-Image-2024-12-15-at-11.49.57.jpg\" data-rel=\"penci-gallery-image-content\" ><img loading=\"lazy\" decoding=\"async\" width=\"922\" height=\"500\" src=\"https:\/\/enolife.com.ar\/es\/wp-content\/uploads\/2025\/09\/WhatsApp-Image-2024-12-15-at-11.49.57.jpg\" alt=\"\" class=\"wp-image-164462\" style=\"width:684px;height:auto\" srcset=\"https:\/\/enolife.com.ar\/es\/wp-content\/uploads\/2025\/09\/WhatsApp-Image-2024-12-15-at-11.49.57.jpg 922w, https:\/\/enolife.com.ar\/es\/wp-content\/uploads\/2025\/09\/WhatsApp-Image-2024-12-15-at-11.49.57-300x163.jpg 300w, https:\/\/enolife.com.ar\/es\/wp-content\/uploads\/2025\/09\/WhatsApp-Image-2024-12-15-at-11.49.57-768x416.jpg 768w, https:\/\/enolife.com.ar\/es\/wp-content\/uploads\/2025\/09\/WhatsApp-Image-2024-12-15-at-11.49.57-585x317.jpg 585w\" sizes=\"auto, (max-width: 922px) 100vw, 922px\" \/><\/a><figcaption class=\"wp-element-caption\"><strong><em>La sede del encuentro ser\u00e1 el Forbes House de Madrid, Espa\u00f1a.<\/em><\/strong><\/figcaption><\/figure><\/div>\n\n\n<div style=\"height:35px\" aria-hidden=\"true\" class=\"wp-block-spacer\"><\/div>\n\n\n\n<p>Los responsables de la organizaci\u00f3n de este encuentro son la sommelier y restauradora <strong>Pilar Oltra <\/strong>(fundadora de los <em>wine bars<\/em> <strong>Vinology<\/strong> en Madrid) y el empresario y sommelier <strong>Daniel Perchante <\/strong>(fundador de la compa\u00f1\u00eda <strong>Expediciones de Vino<\/strong>), ambos de origen argentino.<\/p>\n\n\n\n<p>Esta iniciativa a despertado en ellos la vocaci\u00f3n -seg\u00fan declaran- de <em>\u00abpromover un nuevo \u00e1mbito de interacci\u00f3n entre las bodegas y empresas m\u00e1s prestigiosas de Argentina y los importadores, distribuidores, sumilleres y restauradores m\u00e1s relevantes del panorama gastron\u00f3mico de Espa\u00f1a, con el objetivo de ayudar a los productores de calidad a abrir un nuevo e interesante mercado en Europa\u00bb.<\/em><\/p>\n\n\n\n<div style=\"height:35px\" aria-hidden=\"true\" class=\"wp-block-spacer\"><\/div>\n\n\n\n<figure class=\"wp-block-gallery has-nested-images columns-default is-cropped wp-block-gallery-1 is-layout-flex wp-block-gallery-is-layout-flex\">\n<figure class=\"wp-block-image size-full\"><a href=\"https:\/\/enolife.com.ar\/es\/wp-content\/uploads\/2025\/09\/Imagen1-26.jpg\" data-rel=\"penci-gallery-image-content\" ><img loading=\"lazy\" decoding=\"async\" width=\"800\" height=\"619\" data-id=\"164459\" src=\"https:\/\/enolife.com.ar\/es\/wp-content\/uploads\/2025\/09\/Imagen1-26.jpg\" alt=\"\" class=\"wp-image-164459\" srcset=\"https:\/\/enolife.com.ar\/es\/wp-content\/uploads\/2025\/09\/Imagen1-26.jpg 800w, https:\/\/enolife.com.ar\/es\/wp-content\/uploads\/2025\/09\/Imagen1-26-300x232.jpg 300w, https:\/\/enolife.com.ar\/es\/wp-content\/uploads\/2025\/09\/Imagen1-26-768x594.jpg 768w, https:\/\/enolife.com.ar\/es\/wp-content\/uploads\/2025\/09\/Imagen1-26-585x453.jpg 585w\" sizes=\"auto, (max-width: 800px) 100vw, 800px\" \/><\/a><figcaption class=\"wp-element-caption\"><strong><em>Pilar Oltra<\/em><\/strong><\/figcaption><\/figure>\n\n\n\n<figure class=\"wp-block-image size-full\"><a href=\"https:\/\/enolife.com.ar\/es\/wp-content\/uploads\/2025\/09\/https2F2Fdatos2Fnws2F1.jpeg\" data-rel=\"penci-gallery-image-content\" ><img loading=\"lazy\" decoding=\"async\" width=\"645\" height=\"388\" data-id=\"164458\" src=\"https:\/\/enolife.com.ar\/es\/wp-content\/uploads\/2025\/09\/https2F2Fdatos2Fnws2F1.jpeg\" alt=\"\" class=\"wp-image-164458\" srcset=\"https:\/\/enolife.com.ar\/es\/wp-content\/uploads\/2025\/09\/https2F2Fdatos2Fnws2F1.jpeg 645w, https:\/\/enolife.com.ar\/es\/wp-content\/uploads\/2025\/09\/https2F2Fdatos2Fnws2F1-300x180.jpeg 300w, https:\/\/enolife.com.ar\/es\/wp-content\/uploads\/2025\/09\/https2F2Fdatos2Fnws2F1-585x352.jpeg 585w\" sizes=\"auto, (max-width: 645px) 100vw, 645px\" \/><\/a><figcaption class=\"wp-element-caption\"><strong><em>Daniel Perchante<\/em><\/strong><\/figcaption><\/figure>\n<\/figure>\n\n\n\n<div style=\"height:35px\" aria-hidden=\"true\" class=\"wp-block-spacer\"><\/div>\n\n\n\n<p>El 1\u00b0 Sal\u00f3n de Vinos de Argentina, que cuenta con el apoyo de la <strong>Embajada Argentina en Espa\u00f1a <\/strong>y la <strong>Corporaci\u00f3n Vitivin\u00edcola Argentina (Coviar<\/strong>) tiene confirmada la presencia de <strong>27 bodegas<\/strong> argentinas, desde el Noroeste del pa\u00eds, donde se encuentran los vi\u00f1edos de m\u00e1s altura del pa\u00eds, hasta la Patagonia, donde se asientan algunas de las bodegas m\u00e1s australes del mundo.<\/p>\n\n\n\n<p>Entre los expertos que dirigir\u00e1n catas, debates y <em>master classes,<\/em> se cuentan el cr\u00edtico de vinos Luis Guti\u00e9rrez, la especialista Mar\u00eda Laura Ortiz, la sommelier Valeria Gamper, el escritor y periodista de vinos y gastronom\u00eda Federico Oldenburg, los en\u00f3logos Andrea Mufatto, Thibaut Delmotte, Sebasti\u00e1n Zuccardi, Gerald Gabillet, El\u00edas L\u00f3pez Montero, Gerardo Michelini y Pablo Durigutti, los bodegueros Iduna Weinert, Adrianna Catena, Felipe Men\u00e9ndez y Diego Herrera y la experta catadora Teresa Cedenilla.<\/p>\n\n\n\n<div style=\"height:20px\" aria-hidden=\"true\" class=\"wp-block-spacer\"><\/div>\n\n\n\n<h4 class=\"wp-block-heading has-white-background-color has-text-color has-background has-link-color wp-elements-28946d07e84ca752a8604e0ec8db33b8\" style=\"color:#4b6c8c\">Bodegas participantes: <strong>Catena Zapata, El Enemigo, Salentein, Argento, Otronia, Verum, Colom\u00e9, Michelini i Mufatto, Zuccardi, Durigutti, Weinert, Lagarde, La Vigilia, Anaia, Vinos de La Luz, Achaval Ferrer, Cheval des Andes, Piedra Negra, Ribera del Cuarzo, La Coste de Los Andes, Lorca, Tut\u00fa Wines, Finca Flichmann, Mosquita Muerta y Pulenta Estate<\/strong>.<\/h4>\n\n\n\n<div style=\"height:20px\" aria-hidden=\"true\" class=\"wp-block-spacer\"><\/div>\n\n\n\n<p class=\"has-background\" style=\"background-color:#abb7c252\"><strong>Contacto: Daniel Perchante +54 9 2364 45 1470 &#8211; <a href=\"mailto:danielperchante@saluvinos.com\">danielperchante@saluvinos.com<\/a><\/strong><\/p>\n\n\n\n<div style=\"height:35px\" aria-hidden=\"true\" class=\"wp-block-spacer\"><\/div>\n\n\n\n<p class=\"has-medium-font-size\"><strong>Agenda<\/strong><\/p>\n\n\n\n<p>El sal\u00f3n de bodegas expositoras estar\u00e1 abierto de 11 a 19 hs.<\/p>\n\n\n\n<p><strong>11.00 a&nbsp;11.15 hs &#8211; Apertura oficial del sal\u00f3n:<\/strong> D. Wenceslao Bunge, Daniel Perchante y Pilar Oltra<\/p>\n\n\n\n<p><strong>11.15 a&nbsp;12.30 hs &#8211; Masterclass \u00abArgentina Overview\u00bb: <\/strong>Valeria Gamper, Maria Laura Ortiz (sommeliers) y Federico Oldenburg (periodista) expondr\u00e1n los datos m\u00e1s relevantes del mercado del vino en Argentina; zonas y subzonas; variedades y clima.<\/p>\n\n\n\n<p><strong>12.30 a&nbsp;13.30 hs &#8211; Cata \u00abMendoza, subzonas y diversidad\u00bb: <\/strong>Participar\u00e1n los en\u00f3logos Gustavo Rearte (Achaval Ferrer), G\u00e9rald Gabillet (Cheval des Andes), Juan Pablo Grillo (Lagarde), Pablo Tasso (Vinos de la Luz), Fran Gui\u00f1az\u00fa (La Vigilia), Aldo Graziani (Tut\u00fa Wines), Raquel Dominguez (Anaia), Andrea Mufatto (Michelini i Mufatto). Se explorar\u00e1n las regiones de Valle de Uco, Maip\u00fa y Luj\u00e1n de Cuyo.<\/p>\n\n\n\n<p><strong>13.30 &#8211;\u00a014.30 hs &#8211; Masterclass \u00abArgentina, 500 a\u00f1os de historia\u00bb:<\/strong> Adrianna Catena de Catena Zapata e Iduna Weinert de Bodega Weinert contar\u00e1n la historia del vino argentino desde la llegada de los europeos.<\/p>\n\n\n\n<p><strong>16.00 &#8211;&nbsp;17.00 hs &#8211; Masterclass \u00abLa nueva Argentina\u00bb: <\/strong>El periodista Luis Gutierrez, Sebasti\u00e1n Zuccardi de Bodega Piedra Infinita y Pablo Durigutti de Durigutti Family Winemakers detallar\u00e1n la revoluci\u00f3n de los \u00faltimos 25 a\u00f1os, las tendencias y evoluci\u00f3n.<\/p>\n\n\n\n<p><strong>17.30\u00a0&#8211;\u00a018.30 hs &#8211; Cata \u00abNoroeste, Zona Atl\u00e1ntica y Patagonia\u00bb: <\/strong>Thibaut Delmotte (Colom\u00e9), El\u00edas L\u00f3pez Montero (Verum Patagonia), Teresa Cedenilla (Otronia), Felipe Men\u00e9ndez (Ribera del Cuarzo) presentar\u00e1n vinos de las regiones m\u00e1s extremas de Argentina.<\/p>\n\n\n\n<div style=\"height:28px\" aria-hidden=\"true\" class=\"wp-block-spacer\"><\/div>\n\n\n\n<p class=\"has-background\" style=\"background-color:#abb7c247\"><strong>Inscripciones gratuitas para el p\u00fablico: <a href=\"https:\/\/www.eventbrite.com\/e\/registro-i-salon-de-vinos-de-argentina-en-espana-1673119548609?aff=ingreso\">AQU\u00cd <\/a><\/strong><\/p>\n\n\n\n<div style=\"height:35px\" aria-hidden=\"true\" class=\"wp-block-spacer\"><\/div>\n","protected":false},"excerpt":{"rendered":"<p>El 6 de octubre se realizar\u00e1 en Madrid el 1\u00b0 Sal\u00f3n de Vinos de Argentina&hellip;<\/p>\n","protected":false},"author":2,"featured_media":164456,"comment_status":"closed","ping_status":"open","sticky":false,"template":"","format":"standard","meta":{"footnotes":""},"categories":[10],"tags":[],"class_list":["post-164428","post","type-post","status-publish","format-standard","has-post-thumbnail","hentry","category-ferias"],"_links":{"self":[{"href":"https:\/\/enolife.com.ar\/es\/wp-json\/wp\/v2\/posts\/164428","targetHints":{"allow":["GET"]}}],"collection":[{"href":"https:\/\/enolife.com.ar\/es\/wp-json\/wp\/v2\/posts"}],"about":[{"href":"https:\/\/enolife.com.ar\/es\/wp-json\/wp\/v2\/types\/post"}],"author":[{"embeddable":true,"href":"https:\/\/enolife.com.ar\/es\/wp-json\/wp\/v2\/users\/2"}],"replies":[{"embeddable":true,"href":"https:\/\/enolife.com.ar\/es\/wp-json\/wp\/v2\/comments?post=164428"}],"version-history":[{"count":0,"href":"https:\/\/enolife.com.ar\/es\/wp-json\/wp\/v2\/posts\/164428\/revisions"}],"wp:featuredmedia":[{"embeddable":true,"href":"https:\/\/enolife.com.ar\/es\/wp-json\/wp\/v2\/media\/164456"}],"wp:attachment":[{"href":"https:\/\/enolife.com.ar\/es\/wp-json\/wp\/v2\/media?parent=164428"}],"wp:term":[{"taxonomy":"category","embeddable":true,"href":"https:\/\/enolife.com.ar\/es\/wp-json\/wp\/v2\/categories?post=164428"},{"taxonomy":"post_tag","embeddable":true,"href":"https:\/\/enolife.com.ar\/es\/wp-json\/wp\/v2\/tags?post=164428"}],"curies":[{"name":"wp","href":"https:\/\/api.w.org\/{rel}","templated":true}]}}